{"id":225402,"date":"2024-11-12T20:44:05","date_gmt":"2024-11-12T23:44:05","guid":{"rendered":"https:\/\/diarioregionaldigital.com.br\/?p=225402"},"modified":"2024-11-12T20:44:05","modified_gmt":"2024-11-12T23:44:05","slug":"estado-destina-recursos-para-capacitacao-dos-secretarios-municipais-de-saude-de-minas","status":"publish","type":"post","link":"https:\/\/diarioregionaldigital.com.br\/?p=225402","title":{"rendered":"Estado destina recursos para capacita\u00e7\u00e3o dos secret\u00e1rios municipais de sa\u00fade de Minas"},"content":{"rendered":"<p>O<strong>\u00a0<\/strong><a href=\"https:\/\/www.mg.gov.br\/\" target=\"_blank\" rel=\"noopener\">Governo de Minas<\/a>\u00a0far\u00e1 o repasse anual de quase R$ 1 milh\u00e3o para serem aplicados na capacita\u00e7\u00e3o dos secret\u00e1rios municipais de sa\u00fade do estado. O governador em exerc\u00edcio, Professor Mateus, assinou um decreto que determina a destina\u00e7\u00e3o desses recursos, nesta ter\u00e7a-feira (12\/11), durante a abertura do s\u00e9timo Congresso Mineiro de Novos Gestores, da Associa\u00e7\u00e3o Mineira dos Munic\u00edpios (AMM).<\/p>\n<p>\u201cO decreto destina quase R$ 1 milh\u00e3o ao Cosems\/MG para capacita\u00e7\u00e3o dos secret\u00e1rios de sa\u00fade ao longo do pr\u00f3ximo ano e este repasse deve passar a ser anual, de forma que n\u00f3s tenhamos condi\u00e7\u00f5es de fazer com que aquela \u00e1rea que mais drena recursos dos munic\u00edpios hoje seja gerida da melhor forma\u201d, explicou Professor Mateus.<\/p>\n<p>A medida, que ser\u00e1 publicada nesta quarta-feira (13\/11), disp\u00f5e sobre a transfer\u00eancia de recursos do Fundo Estadual de Sa\u00fade (FES) para o Conselho de Secretarias Municipais de Sa\u00fade de Minas Gerais (Cosems\/MG), e altera o Decreto 48.600\/2023, que disp\u00f5e sobre as normas de transfer\u00eancia, controle e avalia\u00e7\u00e3o de recursos financeiros repassados pelo FES.<\/p>\n<p>Professor Mateus participou do Congresso Mineiro de Novos Gestores, que nos dias 12 e 13\/11 re\u00fane centenas de prefeitos e prefeitas eleitos nos 853 munic\u00edpios mineiros no Expominas, em Belo Horizonte.<\/p>\n<p>\u201cMinas nunca foi administrada com uma leva de prefeitos t\u00e3o bons quanto esta com que convivemos nos \u00faltimos anos e t\u00e3o bons quanto esta leva que foi eleita neste ano\u201d, assim o governador saudou os 397 prefeitos reeleitos e os 456 novos gestores municipais, eleitos em outubro.<\/p>\n<p><strong>Di\u00e1logo com os munic\u00edpios<\/strong><\/p>\n<p>O evento discute o futuro dos munic\u00edpios, promovendo o compartilhamento de conhecimentos, experi\u00eancias e inova\u00e7\u00f5es que possam contribuir para uma gest\u00e3o eficiente e sustent\u00e1vel durante o pr\u00f3ximo mandato dos prefeitos, de 2025 a 2028. Os participantes contar\u00e3o com palestras e pain\u00e9is com especialistas e pol\u00edticos mineiros e de outros estados, em uma oportunidade de aprender e se preparar para os desafios da administra\u00e7\u00e3o municipal.<\/p>\n<p>\u201cEsta \u00e9 uma chance dos novos gestores se prepararem para os desafios que v\u00e3o enfrentar a partir de janeiro, mas, mais do que isso, \u00e9 a oportunidade de conhecerem a AMM e como ela pode auxiliar em suas gest\u00f5es. \u00c9, tamb\u00e9m, uma oportunidade de conhecer os outros prefeitos e trocar experi\u00eancias\u201d, destaca o presidente da AMM e prefeito de Coronel Fabriciano, Marcos Vinicius.<\/p>\n<p>Uma feira de produtos e servi\u00e7os tamb\u00e9m ser\u00e1 um importante espa\u00e7o de encontro, onde institui\u00e7\u00f5es, empresas e prestadores de servi\u00e7os, que trabalham diretamente com as prefeituras mineiras, poder\u00e3o apresentar solu\u00e7\u00f5es espec\u00edficas para a administra\u00e7\u00e3o p\u00fablica municipal. Este espa\u00e7o \u00e9 reconhecido como um importante ponto de networking e prospec\u00e7\u00e3o de neg\u00f3cios, promovendo a comunica\u00e7\u00e3o e o interc\u00e2mbio de experi\u00eancias entre os setores p\u00fablicos e a iniciativa privada.<\/p>\n<p>O s\u00e9timo Congresso Mineiro de Novos Gestores est\u00e1 sendo realizado pela AMM, com apoio do Sebrae, da Confedera\u00e7\u00e3o Nacional de Munic\u00edpios (CNM) e do Governo de Minas, por meio da\u00a0<a href=\"http:\/\/www.codemge.com.br\/\" target=\"_blank\" rel=\"noopener\">Companhia de Desenvolvimento de Minas Gerais (Codemge)<\/a>.<\/p>\n<p>\u201cA Codemge \u00e9 uma parceira de longa data da AMM, e continuar\u00e1 sendo, e tamb\u00e9m dos prefeitos e prefeitas, e estamos juntos para auxiliar em processos como a gest\u00e3o da infraestrutura dos munic\u00edpios\u201d, destacou o presidente da companhia, S\u00e9rgio Lopes.<\/p>\n<p>Fonte: Ag\u00eancia Minas<\/p>\n","protected":false},"excerpt":{"rendered":"<p>O\u00a0Governo de Minas\u00a0far\u00e1 o repasse anual de quase R$ 1 milh\u00e3o para serem aplicados na capacita\u00e7\u00e3o dos secret\u00e1rios municipais de sa\u00fade do estado. O governador em exerc\u00edcio, Professor Mateus, assinou um decreto que determina a destina\u00e7\u00e3o desses recursos, nesta ter\u00e7a-feira (12\/11), durante a abertura do s\u00e9timo Congresso Mineiro de Novos Gestores, da Associa\u00e7\u00e3o Mineira dos [&hellip;]<\/p>\n","protected":false},"author":246,"featured_media":225403,"comment_status":"closed","ping_status":"closed","sticky":false,"template":"","format":"standard","meta":{"footnotes":""},"categories":[436,440,261,254,439],"tags":[],"class_list":["post-225402","post","type-post","status-publish","format-standard","has-post-thumbnail","hentry","category-destaque-da-semana","category-destaques-do-dia","category-economia","category-politica","category-ultima-hora"],"_links":{"self":[{"href":"https:\/\/diarioregionaldigital.com.br\/index.php?rest_route=\/wp\/v2\/posts\/225402","targetHints":{"allow":["GET"]}}],"collection":[{"href":"https:\/\/diarioregionaldigital.com.br\/index.php?rest_route=\/wp\/v2\/posts"}],"about":[{"href":"https:\/\/diarioregionaldigital.com.br\/index.php?rest_route=\/wp\/v2\/types\/post"}],"author":[{"embeddable":true,"href":"https:\/\/diarioregionaldigital.com.br\/index.php?rest_route=\/wp\/v2\/users\/246"}],"replies":[{"embeddable":true,"href":"https:\/\/diarioregionaldigital.com.br\/index.php?rest_route=%2Fwp%2Fv2%2Fcomments&post=225402"}],"version-history":[{"count":1,"href":"https:\/\/diarioregionaldigital.com.br\/index.php?rest_route=\/wp\/v2\/posts\/225402\/revisions"}],"predecessor-version":[{"id":225404,"href":"https:\/\/diarioregionaldigital.com.br\/index.php?rest_route=\/wp\/v2\/posts\/225402\/revisions\/225404"}],"wp:featuredmedia":[{"embeddable":true,"href":"https:\/\/diarioregionaldigital.com.br\/index.php?rest_route=\/wp\/v2\/media\/225403"}],"wp:attachment":[{"href":"https:\/\/diarioregionaldigital.com.br\/index.php?rest_route=%2Fwp%2Fv2%2Fmedia&parent=225402"}],"wp:term":[{"taxonomy":"category","embeddable":true,"href":"https:\/\/diarioregionaldigital.com.br\/index.php?rest_route=%2Fwp%2Fv2%2Fcategories&post=225402"},{"taxonomy":"post_tag","embeddable":true,"href":"https:\/\/diarioregionaldigital.com.br\/index.php?rest_route=%2Fwp%2Fv2%2Ftags&post=225402"}],"curies":[{"name":"wp","href":"https:\/\/api.w.org\/{rel}","templated":true}]}}