{"id":225391,"date":"2024-11-11T21:24:01","date_gmt":"2024-11-12T00:24:01","guid":{"rendered":"https:\/\/diarioregionaldigital.com.br\/?p=225391"},"modified":"2024-11-11T21:24:01","modified_gmt":"2024-11-12T00:24:01","slug":"selecao-brasileira-se-apresenta-em-belem-para-jogos-das-eliminatorias","status":"publish","type":"post","link":"https:\/\/diarioregionaldigital.com.br\/?p=225391","title":{"rendered":"Sele\u00e7\u00e3o brasileira se apresenta em Bel\u00e9m para jogos das Eliminat\u00f3rias"},"content":{"rendered":"<p>A sele\u00e7\u00e3o brasileira est\u00e1 completa em Bel\u00e9m (PA) para os \u00faltimos confrontos do ano pelas Eliminat\u00f3rias da Copa do Mundo de 2026;. Parte dos 23 convocados come\u00e7ou a chegar ainda na noite de domingo (10) e na manh\u00e3 desta segunda (11) se juntaram \u00e0 equipe os jogadores Gerson e L\u00e9o Ortiz (ambos do Flamengo) e Guilherme Arana (Atl\u00e9tico-MG), que disputaram na v\u00e9spera a final da Copa do Brasil, al\u00e9m de Vin\u00edcius J\u00fanior (Real Madrid\/Espanha). Quarta colocada na classifica\u00e7\u00e3o geral, a sele\u00e7\u00e3o visita a Venezuela (8\u00aa) na pr\u00f3xima quinta (14), \u00e0s 18h (hor\u00e1rio de Bras\u00edlia),\u00a0no\u00a0\u00a0Monumental de Mantur\u00edn. Quatro dias depois, o Brasil encara o Uruguai, \u00e0s 21h45,\u00a0na Arena Fonte Nova , em Salvador (BA).<img decoding=\"async\" src=\"https:\/\/agenciabrasil.ebc.com.br\/ebc.png?id=1619113&amp;o=node\" \/><img decoding=\"async\" src=\"https:\/\/agenciabrasil.ebc.com.br\/ebc.gif?id=1619113&amp;o=node\" \/><\/p>\n<p>O atacante Vini Jr volta a vestir\u00a0a amarelinha ap\u00f3s aplicar um <em>hat-trick<\/em> (marcar tr\u00eas gols) no \u00faltimo s\u00e1bado (9), na goleada do\u00a0\u00a0Real Madrid sobre o Osasuna (4 a 0), no Campeonato Espanhol. Ele ficou fora\u00a0dos \u00faltimos dois jogos das Eliminat\u00f3rias em raz\u00e3o de uma les\u00e3o.<\/p>\n<p>O Brasil treina no in\u00edcio desta noite e tamb\u00e9m na ter\u00e7a (12) a partir das 17h. A \u00faltima atividade preparat\u00f3ria em Bel\u00e9m, antes da viajem para Mantur\u00edn (Venezuela), ocorrer\u00e1 na manh\u00e3 de quarta (13).<\/p>\n<blockquote><p>\u201cEspero que n\u00f3s possamos aproveitar tudo aquilo que foi feito nos dois jogos anteriores. Tiramos coisas positivas e vamos levar para uma partida t\u00e3o importante. A Venezuela est\u00e1 invicta dentro de seu est\u00e1dio, jogando com muita propriedade, e n\u00f3s teremos um compromisso dif\u00edcil, por\u00e9m, acredito que estejamos ainda melhor preparados do que nas partidas anteriores\u201d, disse o t\u00e9cnico Dorival J\u00fanior, em entrevista \u00e0 CBF TV.<\/p><\/blockquote>\n<p>A principal novidade na lista de convocados para a \u00faltima Data Fifa do ano \u00e9 a presen\u00e7a de Murillo, zagueiro do Nottingham Forest (Inglaterra). Quem tamb\u00e9m pode debutar em campo com a amarelinha \u00e9 o defensor L\u00e9o Ortiz. O zagueiro do Flamengo foi chamado duas vezes por Tite, antecessor de Dorival, mas n\u00e3o chegou a jogar pelo Brasil.<\/p>\n<blockquote><p>\u201cTeremos praticamente apenas dois per\u00edodos de treinamento para enfrentar a Venezuela. Teremos que ter muito cuidado especial, uma prepara\u00e7\u00e3o acima do normal para um jogo em que n\u00f3s precisaremos de toda a for\u00e7a poss\u00edvel, para que encontremos o melhor resultado. S\u00e3o jogadores que j\u00e1 se conhecem, que v\u00eam come\u00e7ando a encontrar um caminho importante, que eu espero que seja ainda melhor ap\u00f3s essas duas partidas seguidas&#8221;, concluiu Dorival.<\/p><\/blockquote>\n<p>Nas \u00faltimas duas rodadas, a sele\u00e7\u00e3o somou pontos importantes, trocando a s\u00e9tima pela quarta posi\u00e7\u00e3o entre 10 pa\u00edses na tabela.. Na primeira delas, em casa,\u00a0superou o Chile de virada nos minutos finais (2 a 1). No jogo seguinte (10\u00aa rodada) fez 4 a 0 na sele\u00e7\u00e3o peruana, no Est\u00e1dio Man\u00e9 Garrincha, em Bras\u00edlia (DF). O Brasil tem 16 pontos, mesmo total do Uruguai, terceiro colocado pelo saldo de gols.\u00a0\u00a0A Argentina (22 pontos) lidera a tabela, seguida por Col\u00f4mbia (19).<\/p>\n<p>Apenas os seis primeiros colocados \u2013 s\u00e3o ao todo 10 pa\u00edses &#8211; asseguram vaga direta no Mundial de 2026, com sede no Canad\u00e1, Estados Unidos e M\u00e9xico. O s\u00e9timo colocado ter\u00e1 de passar pela repescagem para carimbar a vaga no Mundial.<\/p>\n<p>Fonte: Ag\u00eancia Brasil<\/p>\n","protected":false},"excerpt":{"rendered":"<p>A sele\u00e7\u00e3o brasileira est\u00e1 completa em Bel\u00e9m (PA) para os \u00faltimos confrontos do ano pelas Eliminat\u00f3rias da Copa do Mundo de 2026;. Parte dos 23 convocados come\u00e7ou a chegar ainda na noite de domingo (10) e na manh\u00e3 desta segunda (11) se juntaram \u00e0 equipe os jogadores Gerson e L\u00e9o Ortiz (ambos do Flamengo) e [&hellip;]<\/p>\n","protected":false},"author":246,"featured_media":225392,"comment_status":"closed","ping_status":"closed","sticky":false,"template":"","format":"standard","meta":{"footnotes":""},"categories":[436,440,257,439],"tags":[],"class_list":["post-225391","post","type-post","status-publish","format-standard","has-post-thumbnail","hentry","category-destaque-da-semana","category-destaques-do-dia","category-esporte","category-ultima-hora"],"_links":{"self":[{"href":"https:\/\/diarioregionaldigital.com.br\/index.php?rest_route=\/wp\/v2\/posts\/225391","targetHints":{"allow":["GET"]}}],"collection":[{"href":"https:\/\/diarioregionaldigital.com.br\/index.php?rest_route=\/wp\/v2\/posts"}],"about":[{"href":"https:\/\/diarioregionaldigital.com.br\/index.php?rest_route=\/wp\/v2\/types\/post"}],"author":[{"embeddable":true,"href":"https:\/\/diarioregionaldigital.com.br\/index.php?rest_route=\/wp\/v2\/users\/246"}],"replies":[{"embeddable":true,"href":"https:\/\/diarioregionaldigital.com.br\/index.php?rest_route=%2Fwp%2Fv2%2Fcomments&post=225391"}],"version-history":[{"count":1,"href":"https:\/\/diarioregionaldigital.com.br\/index.php?rest_route=\/wp\/v2\/posts\/225391\/revisions"}],"predecessor-version":[{"id":225393,"href":"https:\/\/diarioregionaldigital.com.br\/index.php?rest_route=\/wp\/v2\/posts\/225391\/revisions\/225393"}],"wp:featuredmedia":[{"embeddable":true,"href":"https:\/\/diarioregionaldigital.com.br\/index.php?rest_route=\/wp\/v2\/media\/225392"}],"wp:attachment":[{"href":"https:\/\/diarioregionaldigital.com.br\/index.php?rest_route=%2Fwp%2Fv2%2Fmedia&parent=225391"}],"wp:term":[{"taxonomy":"category","embeddable":true,"href":"https:\/\/diarioregionaldigital.com.br\/index.php?rest_route=%2Fwp%2Fv2%2Fcategories&post=225391"},{"taxonomy":"post_tag","embeddable":true,"href":"https:\/\/diarioregionaldigital.com.br\/index.php?rest_route=%2Fwp%2Fv2%2Ftags&post=225391"}],"curies":[{"name":"wp","href":"https:\/\/api.w.org\/{rel}","templated":true}]}}