{"id":225384,"date":"2024-11-11T21:16:25","date_gmt":"2024-11-12T00:16:25","guid":{"rendered":"https:\/\/diarioregionaldigital.com.br\/?p=225384"},"modified":"2024-11-11T21:16:25","modified_gmt":"2024-11-12T00:16:25","slug":"programa-descubra-e-renovado-por-mais-cinco-anos-e-seguira-atendendo-jovens-do-sistema-socioeducativo-de-minas","status":"publish","type":"post","link":"https:\/\/diarioregionaldigital.com.br\/?p=225384","title":{"rendered":"Programa Descubra \u00e9 renovado por mais cinco anos e seguir\u00e1 atendendo jovens do sistema socioeducativo de Minas"},"content":{"rendered":"<p>O Acordo de Coopera\u00e7\u00e3o T\u00e9cnica que regulamenta o programa Descubra foi prorrogado por mais cinco anos. Em uma solenidade realizada na Federa\u00e7\u00e3o das Ind\u00fastrias do Estado de Minas Gerais (Fiemg), na \u00faltima sexta-feira (8\/11), as institui\u00e7\u00f5es que participam do Comit\u00ea Gestor Interinstitucional do Descubra, coordenado pelo Minist\u00e9rio P\u00fablico (MPMG), assinaram a sua prorroga\u00e7\u00e3o e, portanto, a continuidade dos encaminhamentos de jovens para o mercado de trabalho.<\/p>\n<p>Desde a sua cria\u00e7\u00e3o pelo MPMG, em 2019, o Descubra j\u00e1 recebeu a ades\u00e3o de 19 empresas que ofertam vagas aos aprendizes em seus quadros, 17 institui\u00e7\u00f5es que oferecem cursos de forma\u00e7\u00e3o profissional, al\u00e9m de cinco prefeituras e uma organiza\u00e7\u00e3o da sociedade civil. A iniciativa conta com o apoio de \u00f3rg\u00e3o p\u00fablicos estaduais e municipais e empresas privadas para ofertar aos jovens em situa\u00e7\u00e3o de vulnerabilidade social, incluindo aqueles inseridos no sistema socioeducativo, qualifica\u00e7\u00e3o profissional e oportunidades de inser\u00e7\u00e3o no mercado formal de trabalho atrav\u00e9s de parcerias com empresas e \u00f3rg\u00e3os p\u00fablicos.<\/p>\n<p>A cerim\u00f4nia contou com a participa\u00e7\u00e3o de diversas autoridades dos setores p\u00fablico e privado, incluindo a subsecret\u00e1ria de Atendimento Socioeducativo da Secretaria de Estado de <a href=\"https:\/\/www.seguranca.mg.gov.br\/\" target=\"_blank\" rel=\"noopener\">Justi\u00e7a e Seguran\u00e7a P\u00fablica<\/a>, Giselle Cyrillo, que refor\u00e7ou a import\u00e2ncia do Descubra por fazer frente a uma das maiores defasagens que estes jovens chegam nas unidades de atendimento socioeducativo: a capacita\u00e7\u00e3o profissional.<\/p>\n<p>\u201cA aprendizagem profissional e a inclus\u00e3o qualificada no mercado de trabalho proporcionada pelo programa representa um novo caminho a ser trilhado ap\u00f3s o cumprimento das medidas socioeducativas, o que, consequentemente, possibilita que eles se distanciem do risco social e busquem por novas possibilidades de crescimento profissional\u201d, pontuou Giselle.<\/p>\n<p>A assinatura do Acordo de Coopera\u00e7\u00e3o T\u00e9cnica representa a oportunidade de que, ao longo dos pr\u00f3ximos cinco anos, o programa possa alcan\u00e7ar e acolher ainda mais adolescentes, especialmente os inseridos no sistema socioeducativo de Minas Gerais.<\/p>\n<p>O coordenador do Comit\u00ea Gestor Interinstitucional do Descubra, promotor M\u00e1rcio Rog\u00e9rio de Oliveira, ressaltou que os pr\u00f3ximos cinco anos ser\u00e3o fundamentais para aprimorar ainda mais o programa. \u201cQueremos aumentar a capacidade de inclus\u00e3o de adolescentes, diversificar a oferta de cursos profissionalizantes e melhorar nossa metodologia para que esses adolescentes sejam melhor assistidos dentro das empresas\u201d.<\/p>\n<p>Fonte: Ag\u00eancia Minas<\/p>\n","protected":false},"excerpt":{"rendered":"<p>O Acordo de Coopera\u00e7\u00e3o T\u00e9cnica que regulamenta o programa Descubra foi prorrogado por mais cinco anos. Em uma solenidade realizada na Federa\u00e7\u00e3o das Ind\u00fastrias do Estado de Minas Gerais (Fiemg), na \u00faltima sexta-feira (8\/11), as institui\u00e7\u00f5es que participam do Comit\u00ea Gestor Interinstitucional do Descubra, coordenado pelo Minist\u00e9rio P\u00fablico (MPMG), assinaram a sua prorroga\u00e7\u00e3o e, portanto, [&hellip;]<\/p>\n","protected":false},"author":246,"featured_media":225386,"comment_status":"closed","ping_status":"closed","sticky":false,"template":"","format":"standard","meta":{"footnotes":""},"categories":[436,440,261,254,439],"tags":[],"class_list":["post-225384","post","type-post","status-publish","format-standard","has-post-thumbnail","hentry","category-destaque-da-semana","category-destaques-do-dia","category-economia","category-politica","category-ultima-hora"],"_links":{"self":[{"href":"https:\/\/diarioregionaldigital.com.br\/index.php?rest_route=\/wp\/v2\/posts\/225384","targetHints":{"allow":["GET"]}}],"collection":[{"href":"https:\/\/diarioregionaldigital.com.br\/index.php?rest_route=\/wp\/v2\/posts"}],"about":[{"href":"https:\/\/diarioregionaldigital.com.br\/index.php?rest_route=\/wp\/v2\/types\/post"}],"author":[{"embeddable":true,"href":"https:\/\/diarioregionaldigital.com.br\/index.php?rest_route=\/wp\/v2\/users\/246"}],"replies":[{"embeddable":true,"href":"https:\/\/diarioregionaldigital.com.br\/index.php?rest_route=%2Fwp%2Fv2%2Fcomments&post=225384"}],"version-history":[{"count":1,"href":"https:\/\/diarioregionaldigital.com.br\/index.php?rest_route=\/wp\/v2\/posts\/225384\/revisions"}],"predecessor-version":[{"id":225387,"href":"https:\/\/diarioregionaldigital.com.br\/index.php?rest_route=\/wp\/v2\/posts\/225384\/revisions\/225387"}],"wp:featuredmedia":[{"embeddable":true,"href":"https:\/\/diarioregionaldigital.com.br\/index.php?rest_route=\/wp\/v2\/media\/225386"}],"wp:attachment":[{"href":"https:\/\/diarioregionaldigital.com.br\/index.php?rest_route=%2Fwp%2Fv2%2Fmedia&parent=225384"}],"wp:term":[{"taxonomy":"category","embeddable":true,"href":"https:\/\/diarioregionaldigital.com.br\/index.php?rest_route=%2Fwp%2Fv2%2Fcategories&post=225384"},{"taxonomy":"post_tag","embeddable":true,"href":"https:\/\/diarioregionaldigital.com.br\/index.php?rest_route=%2Fwp%2Fv2%2Ftags&post=225384"}],"curies":[{"name":"wp","href":"https:\/\/api.w.org\/{rel}","templated":true}]}}