{"id":225370,"date":"2024-11-08T01:27:31","date_gmt":"2024-11-08T04:27:31","guid":{"rendered":"https:\/\/diarioregionaldigital.com.br\/?p=225370"},"modified":"2024-11-08T01:27:31","modified_gmt":"2024-11-08T04:27:31","slug":"convocacao-para-assembleia-extraordinaria-da-associacao-aymore-8-11-2024","status":"publish","type":"post","link":"https:\/\/diarioregionaldigital.com.br\/?p=225370","title":{"rendered":"Convoca\u00e7\u00e3o para Assembleia Extraordin\u00e1ria da Associa\u00e7\u00e3o Aymor\u00e9  &#8211;  8\/11\/2024"},"content":{"rendered":"<p>A Diretoria da Associa\u00e7\u00e3o Aymor\u00e9 convoca todos os associados com direito a voto para Assembleia Extraordin\u00e1ria no dia 08\/12\/2024, \u00e0s 10h, na Sede do Grupo Escoteiro Aimor\u00e9 (Esporte Clube S\u00e3o Carlos &#8211; Rua Francisco Gon\u00e7alo de Faria, 126, Juiz de Fora &#8211; MG).<\/p>\n<p>Pauta:<\/p>\n<p>Elei\u00e7\u00e3o da Diretoria<br \/>\nRelat\u00f3rio de Gest\u00e3o<br \/>\nAssuntos gerais<br \/>\nDelibera\u00e7\u00e3o sobre inqu\u00e9rito civil<br \/>\nObserva\u00e7\u00e3o: Em caso de quorum n\u00e3o atingido em primeira convoca\u00e7\u00e3o, a Assembleia ser\u00e1 realizada \u00e0s 10h30 com qualquer n\u00famero de presentes.<\/p>\n<p>Patr\u00edcia Costa<br \/>\nDiretora Presidente da Associa\u00e7\u00e3o Aymor\u00e9<br \/>\nCNPJ 19.006.592\/0001-87<\/p>\n","protected":false},"excerpt":{"rendered":"<p>A Diretoria da Associa\u00e7\u00e3o Aymor\u00e9 convoca todos os associados com direito a voto para Assembleia Extraordin\u00e1ria no dia 08\/12\/2024, \u00e0s 10h, na Sede do Grupo Escoteiro Aimor\u00e9 (Esporte Clube S\u00e3o Carlos &#8211; Rua Francisco Gon\u00e7alo de Faria, 126, Juiz de Fora &#8211; MG). Pauta: Elei\u00e7\u00e3o da Diretoria Relat\u00f3rio de Gest\u00e3o Assuntos gerais Delibera\u00e7\u00e3o sobre inqu\u00e9rito [&hellip;]<\/p>\n","protected":false},"author":246,"featured_media":0,"comment_status":"closed","ping_status":"closed","sticky":false,"template":"","format":"standard","meta":{"footnotes":""},"categories":[307],"tags":[],"class_list":["post-225370","post","type-post","status-publish","format-standard","hentry","category-editais"],"_links":{"self":[{"href":"https:\/\/diarioregionaldigital.com.br\/index.php?rest_route=\/wp\/v2\/posts\/225370","targetHints":{"allow":["GET"]}}],"collection":[{"href":"https:\/\/diarioregionaldigital.com.br\/index.php?rest_route=\/wp\/v2\/posts"}],"about":[{"href":"https:\/\/diarioregionaldigital.com.br\/index.php?rest_route=\/wp\/v2\/types\/post"}],"author":[{"embeddable":true,"href":"https:\/\/diarioregionaldigital.com.br\/index.php?rest_route=\/wp\/v2\/users\/246"}],"replies":[{"embeddable":true,"href":"https:\/\/diarioregionaldigital.com.br\/index.php?rest_route=%2Fwp%2Fv2%2Fcomments&post=225370"}],"version-history":[{"count":1,"href":"https:\/\/diarioregionaldigital.com.br\/index.php?rest_route=\/wp\/v2\/posts\/225370\/revisions"}],"predecessor-version":[{"id":225371,"href":"https:\/\/diarioregionaldigital.com.br\/index.php?rest_route=\/wp\/v2\/posts\/225370\/revisions\/225371"}],"wp:attachment":[{"href":"https:\/\/diarioregionaldigital.com.br\/index.php?rest_route=%2Fwp%2Fv2%2Fmedia&parent=225370"}],"wp:term":[{"taxonomy":"category","embeddable":true,"href":"https:\/\/diarioregionaldigital.com.br\/index.php?rest_route=%2Fwp%2Fv2%2Fcategories&post=225370"},{"taxonomy":"post_tag","embeddable":true,"href":"https:\/\/diarioregionaldigital.com.br\/index.php?rest_route=%2Fwp%2Fv2%2Ftags&post=225370"}],"curies":[{"name":"wp","href":"https:\/\/api.w.org\/{rel}","templated":true}]}}