{"id":225367,"date":"2024-11-07T20:03:44","date_gmt":"2024-11-07T23:03:44","guid":{"rendered":"https:\/\/diarioregionaldigital.com.br\/?p=225367"},"modified":"2024-11-07T20:03:44","modified_gmt":"2024-11-07T23:03:44","slug":"educatur-leva-350-estudantes-de-escolas-municipais-para-visitacao-a-museus-em-outubro","status":"publish","type":"post","link":"https:\/\/diarioregionaldigital.com.br\/?p=225367","title":{"rendered":"Educatur leva 350 estudantes de escolas municipais para visita\u00e7\u00e3o a museus em outubro"},"content":{"rendered":"<p>Segundo informa\u00e7\u00f5es do site da Prefeitura de Juiz de Fora (PJF), ao longo de outubro, o Projeto Educatur levou gratuitamente 350 alunos de escolas municipais de Juiz de Fora para visita\u00e7\u00e3o nos museus Mariano Proc\u00f3pio e Ferrovi\u00e1rio. Essa a\u00e7\u00e3o \u00e9 promovida pela Secretaria de Turismo (Setur) da Prefeitura de Juiz de Fora (PJF), com o intuito de incentivar o turismo e divulgar os patrim\u00f4nios culturais, arquitet\u00f4nicos e tur\u00edsticos para os estudantes da rede municipal de ensino.<\/p>\n<div>Marcelo do Carmo, secret\u00e1rio de Turismo da Prefeitura de Juiz de Fora, destacou o poder de integra\u00e7\u00e3o trazido pelo projeto. \u201cO Educatur \u00e9 um projeto in\u00e9dito e inovador da PJF, avaliado como uma importante pol\u00edtica p\u00fablica de inclus\u00e3o social pelo turismo. Ao conduzirmos esse n\u00famero t\u00e3o grande de estudantes a pontos tur\u00edsticos da cidade, com transporte e alimenta\u00e7\u00e3o garantidos, na realidade, a Setur est\u00e1 cuidando do nosso patrim\u00f4nio e nossas identidades\u201d.<\/div>\n<p>&nbsp;<\/p>\n<div>No \u00faltimo m\u00eas, sete escolas foram contempladas nas 11 edi\u00e7\u00f5es realizadas pelos espa\u00e7os p\u00fablicos da cidade. As duas principais atra\u00e7\u00f5es foram as visitas guiadas aos Museus Mariano Proc\u00f3pio e Ferrovi\u00e1rio. Turism\u00f3logos da Setur e professores acompanharam os alunos, que receberam um kit de alimenta\u00e7\u00e3o gratuito ao final da visita.<\/div>\n<p>&nbsp;<\/p>\n<div>N\u00e1dia Ribas, secret\u00e1ria de Educa\u00e7\u00e3o, ressaltou a import\u00e2ncia da parceria entre as secretarias e seu papel cidad\u00e3o. \u201cO projeto Educatur est\u00e1 dentro de um grande escopo, que \u00e9 garantir \u00e0s pessoas o direito \u00e0 cidade. Garantimos um reconhecimento desse espa\u00e7o como pertencente a esse estudante. Um projeto brilhante, uma das grandes parcerias desta gest\u00e3o, que a Secretaria de Educa\u00e7\u00e3o teve o prazer de ver sendo desenvolvido junto aos nossos alunos\u201d.<\/div>\n<p>&nbsp;<\/p>\n<div>Para encerrar as visitas guiadas do m\u00eas, o Educatur contou com a participa\u00e7\u00e3o dos estudantes da Escola Municipal Dom Justino Jos\u00e9 de Sant\u2019ana, do distrito de Torre\u00f5es. Ao todo, 30 alunos do col\u00e9gio da zona rural da cidade puderam conhecer o acervo hist\u00f3rico do Brasil Imperial, Colonial e da Inconfid\u00eancia Mineira presente no Museu Mariano Proc\u00f3pio.<\/div>\n<p>&nbsp;<\/p>\n<div>As escolas selecionadas foram definidas pela Secretaria de Turismo em conjunto com a Secretaria de Educa\u00e7\u00e3o, com foco especial nas escolas perif\u00e9ricas e rurais. Os estudantes contam com o acompanhamento de professores e s\u00e3o conduzidos por \u00f4nibus do projeto. Todos recebem um kit com lanche durante as atividades. Os recursos financeiros para viabilizar o Educatur s\u00e3o provenientes de emendas parlamentares das vereadoras Cida Oliveira (PT) e Laiz Perrut (PT).<\/div>\n<div><\/div>\n","protected":false},"excerpt":{"rendered":"<p>Segundo informa\u00e7\u00f5es do site da Prefeitura de Juiz de Fora (PJF), ao longo de outubro, o Projeto Educatur levou gratuitamente 350 alunos de escolas municipais de Juiz de Fora para visita\u00e7\u00e3o nos museus Mariano Proc\u00f3pio e Ferrovi\u00e1rio. Essa a\u00e7\u00e3o \u00e9 promovida pela Secretaria de Turismo (Setur) da Prefeitura de Juiz de Fora (PJF), com o [&hellip;]<\/p>\n","protected":false},"author":246,"featured_media":225368,"comment_status":"closed","ping_status":"closed","sticky":false,"template":"","format":"standard","meta":{"footnotes":""},"categories":[253,436,440,439],"tags":[],"class_list":["post-225367","post","type-post","status-publish","format-standard","has-post-thumbnail","hentry","category-cidade","category-destaque-da-semana","category-destaques-do-dia","category-ultima-hora"],"_links":{"self":[{"href":"https:\/\/diarioregionaldigital.com.br\/index.php?rest_route=\/wp\/v2\/posts\/225367","targetHints":{"allow":["GET"]}}],"collection":[{"href":"https:\/\/diarioregionaldigital.com.br\/index.php?rest_route=\/wp\/v2\/posts"}],"about":[{"href":"https:\/\/diarioregionaldigital.com.br\/index.php?rest_route=\/wp\/v2\/types\/post"}],"author":[{"embeddable":true,"href":"https:\/\/diarioregionaldigital.com.br\/index.php?rest_route=\/wp\/v2\/users\/246"}],"replies":[{"embeddable":true,"href":"https:\/\/diarioregionaldigital.com.br\/index.php?rest_route=%2Fwp%2Fv2%2Fcomments&post=225367"}],"version-history":[{"count":1,"href":"https:\/\/diarioregionaldigital.com.br\/index.php?rest_route=\/wp\/v2\/posts\/225367\/revisions"}],"predecessor-version":[{"id":225369,"href":"https:\/\/diarioregionaldigital.com.br\/index.php?rest_route=\/wp\/v2\/posts\/225367\/revisions\/225369"}],"wp:featuredmedia":[{"embeddable":true,"href":"https:\/\/diarioregionaldigital.com.br\/index.php?rest_route=\/wp\/v2\/media\/225368"}],"wp:attachment":[{"href":"https:\/\/diarioregionaldigital.com.br\/index.php?rest_route=%2Fwp%2Fv2%2Fmedia&parent=225367"}],"wp:term":[{"taxonomy":"category","embeddable":true,"href":"https:\/\/diarioregionaldigital.com.br\/index.php?rest_route=%2Fwp%2Fv2%2Fcategories&post=225367"},{"taxonomy":"post_tag","embeddable":true,"href":"https:\/\/diarioregionaldigital.com.br\/index.php?rest_route=%2Fwp%2Fv2%2Ftags&post=225367"}],"curies":[{"name":"wp","href":"https:\/\/api.w.org\/{rel}","templated":true}]}}