{"id":225361,"date":"2024-11-07T19:57:27","date_gmt":"2024-11-07T22:57:27","guid":{"rendered":"https:\/\/diarioregionaldigital.com.br\/?p=225361"},"modified":"2024-11-07T19:57:27","modified_gmt":"2024-11-07T22:57:27","slug":"governador-em-exercicio-participa-de-encontro-para-desenvolvimento-de-liderancas-no-setor-publico","status":"publish","type":"post","link":"https:\/\/diarioregionaldigital.com.br\/?p=225361","title":{"rendered":"Governador em exerc\u00edcio participa de encontro para desenvolvimento de lideran\u00e7as no setor p\u00fablico"},"content":{"rendered":"<p>O governador em exerc\u00edcio de Minas Gerais, Professor Mateus, participou do 4\u00b0 Encontro de Rede para o Programa de Desenvolvimento de Lideran\u00e7as (PDL), da\u00a0<a href=\"https:\/\/www.mg.gov.br\/planejamento\" target=\"_blank\" rel=\"noopener\">Secretaria de Estado de Planejamento e Gest\u00e3o de Minas Gerais (Seplag-MG)<\/a>, em parceria com a\u00a0<a href=\"https:\/\/fjp.mg.gov.br\/\" target=\"_blank\" rel=\"noopener\">Funda\u00e7\u00e3o Jo\u00e3o Pinheiro (FJP)<\/a>, nesta quinta-feira (7\/11), em Belo Horizonte.<\/p>\n<p>O objetivo do programa \u00e9 desenvolver continuamente l\u00edderes para atuar de forma inovadora no setor p\u00fablico, com capacidade de articular a\u00e7\u00f5es e trabalho em rede para alcan\u00e7ar resultados estrat\u00e9gicos do\u00a0<a href=\"https:\/\/www.mg.gov.br\/\" target=\"_blank\" rel=\"noopener\">Governo de Minas<\/a>, e melhorar a qualidade e os processos do servi\u00e7o p\u00fablico.<\/p>\n<p>No encontro, um dos temas abordados foi \u201cIntersetorialidade: a articula\u00e7\u00e3o entre as secretarias\u201d, que visou debater a implementa\u00e7\u00e3o de a\u00e7\u00f5es multissetoriais no Estado, projetos e os desafios na tratativa intersetorial.<\/p>\n<p>Como palestrante convidado, o governador em exerc\u00edcio parabenizou os colaboradores, superintendentes e subsecret\u00e1rios pelos bons resultados alcan\u00e7ados pelas pastas ao longo dos \u00faltimos anos, e o reconhecimento em n\u00edvel nacional deste trabalho.<\/p>\n<p>\u201cIsso decorre do fato de termos estruturas de secretariado que s\u00e3o t\u00e9cnicas, com uma autonomia de temas pol\u00edticos menores consider\u00e1vel, e que consegue, por isso entregar. T\u00eam compromisso com planejamento, planos que conversam com a realidade do estado\u201d, ressaltou Professor Mateus.<\/p>\n<p>Professor Mateus concluiu chamando os colaboradores a\u00a0ampliarem\u00a0o olhar para a integra\u00e7\u00e3o como forma de melhorar a presta\u00e7\u00e3o do servi\u00e7o p\u00fablico.<\/p>\n<p>\u201cNa minha leitura, todos os grandes desafios pela frente est\u00e3o, de certa forma, ligados \u00e0 nossa forma de trabalhar em formato intersetorial. Este trabalho conjunto n\u00e3o deve ser apenas em momentos de crise, mas na constru\u00e7\u00e3o positiva, na inova\u00e7\u00e3o. Tenho certeza que o Estado de Minas Gerais vai continuar ganhando, como j\u00e1 tem ganhado, com o trabalho de voc\u00eas\u201d, pontuou.<\/p>\n<p>A quarta edi\u00e7\u00e3o do Encontro de Rede contou tamb\u00e9m com a presen\u00e7a do secret\u00e1rio-Geral do Estado, Marcel Dornas Beghini. Um dos temas abordados por ele foi a recente implanta\u00e7\u00e3o de An\u00e1lise de Impacto Regulat\u00f3rio (AIR) pelo Governo de Minas, para aprimorar os processos de elabora\u00e7\u00e3o de novas normas e de gest\u00e3o do estoque regulat\u00f3rio.<\/p>\n<p><strong>PDL<\/strong><\/p>\n<p>O quarto encontro desta a\u00e7\u00e3o da Seplag em parceria com a FJP\u00a0reuniu mais de 30 subsecret\u00e1rios. A iniciativa faz parte do programa\u00a0<a href=\"https:\/\/www.agenciaminas.mg.gov.br\/noticia\/governador-em-exercicio-participa-de-encontro-para-desenvolvimento-de-liderancas-no-setor-publico#Transforma\">Transforma Minas<\/a>, da Seplag-MG, que \u00e9 um dos principais projetos estrat\u00e9gicos do Governo do Estado na \u00e1rea de gest\u00e3o de pessoas.<\/p>\n<p>O programa\u00a0\u00e9 realizado desde 2019 e tem como objetivo aprimorar as compet\u00eancias, habilidades e comportamentos de gest\u00e3o e lideran\u00e7a, al\u00e9m de promover o alinhamento estrat\u00e9gico com as demandas da sociedade. O programa tamb\u00e9m busca desenvolver a capacidade de articular a\u00e7\u00f5es e trabalhar em rede para o alcance de resultados mais eficientes, que foi o foco desse quarto encontro.<\/p>\n<p>\u201cAs equipes precisam trabalhar juntas, n\u00e3o s\u00f3 os secret\u00e1rios. E essa \u00e9 uma oportunidade de troca com as \u00e1reas para conhecer melhor as pessoas que est\u00e3o do nosso lado\u201d, destacou o secret\u00e1rio-geral Marcel Beghini.<\/p>\n<p>\u201cO PDL tem mostrado resultados significativos, consolidando-se como um instrumento fundamental para o fortalecimento e a moderniza\u00e7\u00e3o das lideran\u00e7as no setor p\u00fablico, contribuindo para a forma\u00e7\u00e3o de gestores mais capacitados, engajados e comprometidos com o servi\u00e7o p\u00fablico de excel\u00eancia\u201d, completou a subsecret\u00e1ria de Gest\u00e3o de Pessoas da Seplag-MG, K\u00eannya Kreppel.<\/p>\n<p>O Encontro de Rede\u00a0j\u00e1 permitiu o trabalho de\u00a0temas como Articula\u00e7\u00e3o Pol\u00edtica , Media Training, Cases de automatiza\u00e7\u00e3o no setor p\u00fablico, Audi\u00eancia P\u00fablica na ALMG e Intelig\u00eancia emocional. Desde a implementa\u00e7\u00e3o, 55 subsecret\u00e1rios participam anualmente do programa.<\/p>\n<p>Fonte: Ag\u00eancia Minas<\/p>\n","protected":false},"excerpt":{"rendered":"<p>O governador em exerc\u00edcio de Minas Gerais, Professor Mateus, participou do 4\u00b0 Encontro de Rede para o Programa de Desenvolvimento de Lideran\u00e7as (PDL), da\u00a0Secretaria de Estado de Planejamento e Gest\u00e3o de Minas Gerais (Seplag-MG), em parceria com a\u00a0Funda\u00e7\u00e3o Jo\u00e3o Pinheiro (FJP), nesta quinta-feira (7\/11), em Belo Horizonte. O objetivo do programa \u00e9 desenvolver continuamente l\u00edderes [&hellip;]<\/p>\n","protected":false},"author":246,"featured_media":225362,"comment_status":"closed","ping_status":"closed","sticky":false,"template":"","format":"standard","meta":{"footnotes":""},"categories":[436,440,261,254,252,439],"tags":[],"class_list":["post-225361","post","type-post","status-publish","format-standard","has-post-thumbnail","hentry","category-destaque-da-semana","category-destaques-do-dia","category-economia","category-politica","category-regiao","category-ultima-hora"],"_links":{"self":[{"href":"https:\/\/diarioregionaldigital.com.br\/index.php?rest_route=\/wp\/v2\/posts\/225361","targetHints":{"allow":["GET"]}}],"collection":[{"href":"https:\/\/diarioregionaldigital.com.br\/index.php?rest_route=\/wp\/v2\/posts"}],"about":[{"href":"https:\/\/diarioregionaldigital.com.br\/index.php?rest_route=\/wp\/v2\/types\/post"}],"author":[{"embeddable":true,"href":"https:\/\/diarioregionaldigital.com.br\/index.php?rest_route=\/wp\/v2\/users\/246"}],"replies":[{"embeddable":true,"href":"https:\/\/diarioregionaldigital.com.br\/index.php?rest_route=%2Fwp%2Fv2%2Fcomments&post=225361"}],"version-history":[{"count":1,"href":"https:\/\/diarioregionaldigital.com.br\/index.php?rest_route=\/wp\/v2\/posts\/225361\/revisions"}],"predecessor-version":[{"id":225363,"href":"https:\/\/diarioregionaldigital.com.br\/index.php?rest_route=\/wp\/v2\/posts\/225361\/revisions\/225363"}],"wp:featuredmedia":[{"embeddable":true,"href":"https:\/\/diarioregionaldigital.com.br\/index.php?rest_route=\/wp\/v2\/media\/225362"}],"wp:attachment":[{"href":"https:\/\/diarioregionaldigital.com.br\/index.php?rest_route=%2Fwp%2Fv2%2Fmedia&parent=225361"}],"wp:term":[{"taxonomy":"category","embeddable":true,"href":"https:\/\/diarioregionaldigital.com.br\/index.php?rest_route=%2Fwp%2Fv2%2Fcategories&post=225361"},{"taxonomy":"post_tag","embeddable":true,"href":"https:\/\/diarioregionaldigital.com.br\/index.php?rest_route=%2Fwp%2Fv2%2Ftags&post=225361"}],"curies":[{"name":"wp","href":"https:\/\/api.w.org\/{rel}","templated":true}]}}