{"id":225349,"date":"2024-11-07T01:35:56","date_gmt":"2024-11-07T04:35:56","guid":{"rendered":"https:\/\/diarioregionaldigital.com.br\/?p=225349"},"modified":"2024-11-07T01:35:56","modified_gmt":"2024-11-07T04:35:56","slug":"edital-de-convocacao-assembleia-geral-7-11-2024","status":"publish","type":"post","link":"https:\/\/diarioregionaldigital.com.br\/?p=225349","title":{"rendered":"EDITAL DE CONVOCA\u00c7\u00c3O ASSEMBLEIA GERAL &#8211; 7\/11\/2024"},"content":{"rendered":"<p class=\"s3\"><span class=\"s2\"><span class=\"bumpedFont15\">ASCOMCER<\/span><\/span><\/p>\n<p class=\"s3\"><span class=\"s2\"><span class=\"bumpedFont15\">ASSOCIA\u00c7\u00c3O FEMININA DE PREVEN\u00c7\u00c3O E COMBATE AO C\u00c2NCER DE JUIZ DE FORA<\/span><\/span><\/p>\n<p class=\"s3\"><span class=\"s2\"><span class=\"bumpedFont15\">EDITAL DE CONVOCA\u00c7\u00c3O<\/span><\/span><\/p>\n<p class=\"s3\"><span class=\"s2\"><span class=\"bumpedFont15\">ASSEMBLEIA GERAL <\/span><\/span><span class=\"s2\"><span class=\"bumpedFont15\">EXTRA<\/span><\/span><span class=\"s2\"><span class=\"bumpedFont15\">ORDIN\u00c1RIA<\/span><\/span><\/p>\n<p class=\"s6\"><span class=\"s2\"><span class=\"bumpedFont15\">A PRESIDENTE DA ASCOMCER NO USO DE SUAS ATRIBUI\u00c7\u00d5ES E DE CONFORMIDADE COM A LETRA \u201c<\/span><\/span><span class=\"s2\"><span class=\"bumpedFont15\">C<\/span><\/span><span class=\"s2\"><span class=\"bumpedFont15\">\u201d<\/span><\/span><span class=\"s2\"><span class=\"bumpedFont15\"> DO ART. 1<\/span><\/span><span class=\"s2\"><span class=\"bumpedFont15\">6<\/span><\/span><span class=\"s2\"><span class=\"bumpedFont15\"> DO ESTATUTO, CONVOCA<\/span><\/span><span class=\"s2\"><span class=\"bumpedFont15\">, POR DETERMINA\u00c7\u00c3O DO CONSELHO DELIBERATIVO,<\/span><\/span><span class=\"s2\"><span class=\"bumpedFont15\"> OS SENHORES ASSOCIADOS FUNDADORES E EFETIVOS PARA A ASSEMBLEIA GERAL ORDIN\u00c1RIA A SER REALIZADA NO DIA <\/span><\/span><span class=\"s2\"><span class=\"bumpedFont15\">12<\/span><\/span><span class=\"s2\"><span class=\"bumpedFont15\"> DE <\/span><\/span><span class=\"s2\"><span class=\"bumpedFont15\">NOVEMBRO DE 2024<\/span><\/span><span class=\"s2\"><span class=\"bumpedFont15\">,<\/span><\/span> <span class=\"s4\"><span class=\"bumpedFont15\">EM MODALIDADE H\u00cdBRIDA, PODENDO OS ASSOCIADOS PARTICIPAR POR MEIO DO LINK<\/span><\/span><a href=\"https:\/\/meet.google.com\/kpy-ujmd-jas\"><span class=\"s5\"><span class=\"bumpedFont15\">https:\/\/meet.google.com\/kpy-ujmd-jas<\/span><\/span><\/a> <span class=\"s2\"><span class=\"bumpedFont15\">OU PRESENCIALMENTE, <\/span><\/span><span class=\"s2\"><span class=\"bumpedFont15\">NO AUDIT\u00d3RIO DO HOSPITAL MARIA JOS\u00c9 BA\u00caTA REIS, NA AV. PRESIDENTE ITAMAR <\/span><\/span><span class=\"s2\"><span class=\"bumpedFont15\">FRANCO, 3500, BAIRRO CASCATINHA, NESTA CIDADE DE JUIZ DE FORA\/MG.<\/span><\/span><\/p>\n<p class=\"s6\"><span class=\"s2\"><span class=\"bumpedFont15\">EM 1\u00aa CONVOCA\u00c7\u00c3O \u00c0S <\/span><\/span><span class=\"s2\"><span class=\"bumpedFont15\">13:00<\/span><\/span><span class=\"s2\"><span class=\"bumpedFont15\"> HORAS COM A PRESEN\u00c7A DA METADE MAIS UM DOS ASSOCIADOS EM PLENO GOZO DE SEUS DIREITOS, EM 2\u00aa CONVOCA\u00c7\u00c3O \u00c0S 13:30 HORAS COM 1\/3 DOS <\/span><\/span><span class=\"s2\"><span class=\"bumpedFont15\">ASSOCIADOS E EM 3\u00aa E \u00daLTIMA C<\/span><\/span><span class=\"s2\"><span class=\"bumpedFont15\">ONVOCA\u00c7\u00c3O \u00c0S 14:00 HORAS<\/span><\/span><span class=\"s2\"><span class=\"bumpedFont15\">, COM QUALQUER N\u00daMERO DE ASSOCIADOS.<\/span><\/span><\/p>\n<p class=\"s6\"><span class=\"s2\"><span class=\"bumpedFont15\">ASSUNTO:<\/span><\/span><\/p>\n<p class=\"s6\"><span class=\"s2\"><span class=\"bumpedFont15\">APRECIA\u00c7\u00c3O E ALTERA\u00c7\u00c3O DO ESTATUTO SOCIAL DA ASSOCIA\u00c7\u00c3O<\/span><\/span><\/p>\n<p class=\"s6\"><span class=\"s2\"><span class=\"bumpedFont15\">JUIZ DE FORA-MG, <\/span><\/span><span class=\"s2\"><span class=\"bumpedFont15\">06<\/span><\/span><span class=\"s2\"><span class=\"bumpedFont15\"> DE <\/span><\/span><span class=\"s2\"><span class=\"bumpedFont15\">NOVEMBRO<\/span><\/span><span class=\"s2\"><span class=\"bumpedFont15\"> DE 20<\/span><\/span><span class=\"s2\"><span class=\"bumpedFont15\">24<\/span><\/span><span class=\"s2\"><span class=\"bumpedFont15\">.<\/span><\/span><\/p>\n<p class=\"s6\"><span class=\"s2\"><span class=\"bumpedFont15\">ALESSANDRA SAMPAIO FARIA DE SOUZA<\/span><\/span><\/p>\n<p class=\"s6\"><span class=\"s2\"><span class=\"bumpedFont15\">PRESIDENTE DA ASCOMCER<\/span><\/span><\/p>\n","protected":false},"excerpt":{"rendered":"<p>ASCOMCER ASSOCIA\u00c7\u00c3O FEMININA DE PREVEN\u00c7\u00c3O E COMBATE AO C\u00c2NCER DE JUIZ DE FORA EDITAL DE CONVOCA\u00c7\u00c3O ASSEMBLEIA GERAL EXTRAORDIN\u00c1RIA A PRESIDENTE DA ASCOMCER NO USO DE SUAS ATRIBUI\u00c7\u00d5ES E DE CONFORMIDADE COM A LETRA \u201cC\u201d DO ART. 16 DO ESTATUTO, CONVOCA, POR DETERMINA\u00c7\u00c3O DO CONSELHO DELIBERATIVO, OS SENHORES ASSOCIADOS FUNDADORES E EFETIVOS PARA A ASSEMBLEIA [&hellip;]<\/p>\n","protected":false},"author":246,"featured_media":0,"comment_status":"closed","ping_status":"closed","sticky":false,"template":"","format":"standard","meta":{"footnotes":""},"categories":[307],"tags":[],"class_list":["post-225349","post","type-post","status-publish","format-standard","hentry","category-editais"],"_links":{"self":[{"href":"https:\/\/diarioregionaldigital.com.br\/index.php?rest_route=\/wp\/v2\/posts\/225349","targetHints":{"allow":["GET"]}}],"collection":[{"href":"https:\/\/diarioregionaldigital.com.br\/index.php?rest_route=\/wp\/v2\/posts"}],"about":[{"href":"https:\/\/diarioregionaldigital.com.br\/index.php?rest_route=\/wp\/v2\/types\/post"}],"author":[{"embeddable":true,"href":"https:\/\/diarioregionaldigital.com.br\/index.php?rest_route=\/wp\/v2\/users\/246"}],"replies":[{"embeddable":true,"href":"https:\/\/diarioregionaldigital.com.br\/index.php?rest_route=%2Fwp%2Fv2%2Fcomments&post=225349"}],"version-history":[{"count":1,"href":"https:\/\/diarioregionaldigital.com.br\/index.php?rest_route=\/wp\/v2\/posts\/225349\/revisions"}],"predecessor-version":[{"id":225350,"href":"https:\/\/diarioregionaldigital.com.br\/index.php?rest_route=\/wp\/v2\/posts\/225349\/revisions\/225350"}],"wp:attachment":[{"href":"https:\/\/diarioregionaldigital.com.br\/index.php?rest_route=%2Fwp%2Fv2%2Fmedia&parent=225349"}],"wp:term":[{"taxonomy":"category","embeddable":true,"href":"https:\/\/diarioregionaldigital.com.br\/index.php?rest_route=%2Fwp%2Fv2%2Fcategories&post=225349"},{"taxonomy":"post_tag","embeddable":true,"href":"https:\/\/diarioregionaldigital.com.br\/index.php?rest_route=%2Fwp%2Fv2%2Ftags&post=225349"}],"curies":[{"name":"wp","href":"https:\/\/api.w.org\/{rel}","templated":true}]}}