{"id":225347,"date":"2024-11-07T01:34:18","date_gmt":"2024-11-07T04:34:18","guid":{"rendered":"https:\/\/diarioregionaldigital.com.br\/?p=225347"},"modified":"2024-11-07T01:34:18","modified_gmt":"2024-11-07T04:34:18","slug":"pregao-036-07-11-2024","status":"publish","type":"post","link":"https:\/\/diarioregionaldigital.com.br\/?p=225347","title":{"rendered":"PREG\u00c3O 036 &#8211; 07\/11\/2024"},"content":{"rendered":"<p class=\"s4\"><span class=\"s5\"><span class=\"bumpedFont15\">PREFEITURA MUNICIPAL DE DESCOBERTO<\/span><\/span><\/p>\n<p class=\"s4\">\n<p class=\"s4\"><span class=\"s5\"><span class=\"bumpedFont15\">AVISO DE LICITA\u00c7\u00c3O<\/span><\/span><\/p>\n<p class=\"s4\">\n<p class=\"s4\"><span class=\"s5\"><span class=\"bumpedFont15\">Processo <\/span><\/span><span class=\"s5\"><span class=\"bumpedFont15\">Licita<\/span><\/span><span class=\"s5\"><span class=\"bumpedFont15\">t\u00f3rio<\/span><\/span><span class=\"s5\"><span class=\"bumpedFont15\"> n\u00b0 <\/span><\/span><span class=\"s5\"><span class=\"bumpedFont15\">0<\/span><\/span><span class=\"s5\"><span class=\"bumpedFont15\">95<\/span><\/span><span class=\"s5\"><span class=\"bumpedFont15\">\/202<\/span><\/span><span class=\"s5\"><span class=\"bumpedFont15\">4<\/span><\/span><\/p>\n<p class=\"s4\"><span class=\"s5\"><span class=\"bumpedFont15\">Moda<\/span><\/span><span class=\"s5\"><span class=\"bumpedFont15\">li<\/span><\/span><span class=\"s5\"><span class=\"bumpedFont15\">dade de Preg\u00e3o Presencial n\u00b0 <\/span><\/span><span class=\"s5\"><span class=\"bumpedFont15\">0<\/span><\/span><span class=\"s5\"><span class=\"bumpedFont15\">3<\/span><\/span><span class=\"s5\"><span class=\"bumpedFont15\">6<\/span><\/span><span class=\"s5\"><span class=\"bumpedFont15\">\/202<\/span><\/span><span class=\"s5\"><span class=\"bumpedFont15\">4<\/span><\/span><\/p>\n<p class=\"s8\"><span class=\"s6\"><span class=\"bumpedFont15\">O Munic\u00edpio de DESCOBERTO, na forma da lei, faz saber a todos quantos o presente edital virem, ou dele conhecimento tiverem<\/span><\/span><span class=\"s6\"><span class=\"bumpedFont15\">, que a par<\/span><\/span><span class=\"s6\"><span class=\"bumpedFont15\">tir das <\/span><\/span><span class=\"s6\"><span class=\"bumpedFont15\">09<\/span><\/span><span class=\"s6\"><span class=\"bumpedFont15\">:<\/span><\/span><span class=\"s6\"><span class=\"bumpedFont15\">0<\/span><\/span><span class=\"s6\"><span class=\"bumpedFont15\">0h<\/span><\/span><span class=\"s6\"><span class=\"bumpedFont15\">do dia <\/span><\/span><span class=\"s6\"><span class=\"bumpedFont15\">22<\/span><\/span><span class=\"s6\"><span class=\"bumpedFont15\"> de <\/span><\/span><span class=\"s6\"><span class=\"bumpedFont15\">Novembro<\/span><\/span><span class=\"s6\"><span class=\"bumpedFont15\"> de 202<\/span><\/span><span class=\"s6\"><span class=\"bumpedFont15\">4<\/span><\/span><span class=\"s6\"><span class=\"bumpedFont15\">, na Prefeitura Municipal na sala da comiss\u00e3o de licita\u00e7\u00e3o, localizada na rua CAPIT\u00c3O BAS\u00cdLIO, n\u00b0 39, bairro CENTRO, munic\u00edpio de DESCOBERTO, ser\u00e1 realizada licita\u00e7\u00e3o <\/span><\/span><span class=\"s6\"><span class=\"bumpedFont15\">na modalidade <\/span><\/span><span class=\"s6\"><span class=\"bumpedFont15\">PREG\u00c3O PRESENCIAL<\/span><\/span><span class=\"s6\"><span class=\"bumpedFont15\">,<\/span><\/span> <span class=\"s6\"><span class=\"bumpedFont15\">o<\/span><\/span><span class=\"s6\"><span class=\"bumpedFont15\">bjetivando <\/span><\/span><span class=\"s6\"><span class=\"bumpedFont15\">o<\/span><\/span> <span class=\"s6\"><span class=\"bumpedFont15\">REGISTRO DE PRE\u00c7OS PARA A CONTRATA\u00c7\u00c3O DE<\/span><\/span><span class=\"s6\"><span class=\"bumpedFont15\"> EMPRESA PARA<\/span><\/span> <span class=\"s6\"><span class=\"bumpedFont15\">FORNECIMENTO<\/span><\/span><span class=\"s6\"><span class=\"bumpedFont15\"> DE <\/span><\/span><a name=\"_Hlk180156126\"><\/a><span class=\"s6\"><span class=\"bumpedFont15\">CAMISAS DE MALHA E ABAD\u00c1S<\/span><\/span><span class=\"s6\"><span class=\"bumpedFont15\">, PARA ATENDER AS NECESSIDADES DO MUNIC\u00cdPIO DE DESCOBERTO-MG<\/span><\/span><span class=\"s6\"><span class=\"bumpedFont15\">, <\/span><\/span><span class=\"s6\"><span class=\"bumpedFont15\">tipo Menor Pre\u00e7o por Item<\/span><\/span><span class=\"s6\"><span class=\"bumpedFont15\">, <\/span><\/span><span class=\"s6\"><span class=\"bumpedFont15\">conforme consta no edital que se encon<\/span><\/span><span class=\"s6\"><span class=\"bumpedFont15\">tr<\/span><\/span><span class=\"s6\"><span class=\"bumpedFont15\">a \u00a0a disposi\u00e7\u00e3o de <\/span><\/span><span class=\"s6\"><span class=\"bumpedFont15\">todos \u00a0os interessados na Prefeitura Municipal, onde poder\u00e3o obt\u00ea-lo<\/span><\/span><span class=\"s6\"><span class=\"bumpedFont15\"> ou atrav\u00e9s do site<\/span><\/span> <a href=\"http:\/\/www.descoberto.mg.gov.br\/\"><span class=\"s7\"><span class=\"bumpedFont15\">http:\/\/www.descoberto.mg.gov.br<\/span><\/span><\/a><span class=\"s6\"><span class=\"bumpedFont15\">. Para conhecimento de todos os interessados, expediu-se o presente<\/span><\/span><span class=\"s6\"><span class=\"bumpedFont15\"> q<\/span><\/span><span class=\"s6\"><span class=\"bumpedFont15\">ue ser\u00e1 afixado no l<\/span><\/span><span class=\"s6\"><span class=\"bumpedFont15\">ugar de costume, publicando-se na forma da lei. DESCOBERTO, <\/span><\/span><span class=\"s6\"><span class=\"bumpedFont15\">0<\/span><\/span><span class=\"s6\"><span class=\"bumpedFont15\">7<\/span><\/span><span class=\"s6\"><span class=\"bumpedFont15\"> de <\/span><\/span><span class=\"s6\"><span class=\"bumpedFont15\">n<\/span><\/span><span class=\"s6\"><span class=\"bumpedFont15\">ovembro<\/span><\/span><span class=\"s6\"><span class=\"bumpedFont15\"> de 202<\/span><\/span><span class=\"s6\"><span class=\"bumpedFont15\">4<\/span><\/span><span class=\"s6\"><span class=\"bumpedFont15\">.<\/span><\/span><\/p>\n<p class=\"s8\">\n<p class=\"s8\">\n<p class=\"s4\"><span class=\"s9\"><span class=\"bumpedFont15\">_______________________________________________________________<\/span><\/span><\/p>\n<p class=\"s4\"><span class=\"s9\"><span class=\"bumpedFont15\">Rua: Capit\u00e3o Bas\u00edlio n\u00ba <\/span><\/span><span class=\"s9\"><span class=\"bumpedFont15\">39 <\/span><\/span><span class=\"s9\"><span class=\"bumpedFont15\">&#8211; Centro &#8211; Descober<\/span><\/span><span class=\"s9\"><span class=\"bumpedFont15\">to &#8211; MG &#8211; Cep 36690-000<\/span><\/span><\/p>\n<p class=\"s4\"><span class=\"s9\"><span class=\"bumpedFont15\">Tel<\/span><\/span> <span class=\"s9\"><span class=\"bumpedFont15\">(32)<\/span><\/span><span class=\"s9\"><span class=\"bumpedFont15\"> 3265-1<\/span><\/span><span class=\"s9\"><span class=\"bumpedFont15\">740 \u2013 e-mail: <\/span><\/span><span class=\"s9\"><span class=\"bumpedFont15\">licitaca<\/span><\/span><span class=\"s9\"><span class=\"bumpedFont15\">o@descoberto.mg.gov.br<\/span><\/span><\/p>\n","protected":false},"excerpt":{"rendered":"<p>PREFEITURA MUNICIPAL DE DESCOBERTO AVISO DE LICITA\u00c7\u00c3O Processo Licitat\u00f3rio n\u00b0 095\/2024 Modalidade de Preg\u00e3o Presencial n\u00b0 036\/2024 O Munic\u00edpio de DESCOBERTO, na forma da lei, faz saber a todos quantos o presente edital virem, ou dele conhecimento tiverem, que a partir das 09:00hdo dia 22 de Novembro de 2024, na Prefeitura Municipal na sala da [&hellip;]<\/p>\n","protected":false},"author":246,"featured_media":0,"comment_status":"closed","ping_status":"closed","sticky":false,"template":"","format":"standard","meta":{"footnotes":""},"categories":[307],"tags":[],"class_list":["post-225347","post","type-post","status-publish","format-standard","hentry","category-editais"],"_links":{"self":[{"href":"https:\/\/diarioregionaldigital.com.br\/index.php?rest_route=\/wp\/v2\/posts\/225347","targetHints":{"allow":["GET"]}}],"collection":[{"href":"https:\/\/diarioregionaldigital.com.br\/index.php?rest_route=\/wp\/v2\/posts"}],"about":[{"href":"https:\/\/diarioregionaldigital.com.br\/index.php?rest_route=\/wp\/v2\/types\/post"}],"author":[{"embeddable":true,"href":"https:\/\/diarioregionaldigital.com.br\/index.php?rest_route=\/wp\/v2\/users\/246"}],"replies":[{"embeddable":true,"href":"https:\/\/diarioregionaldigital.com.br\/index.php?rest_route=%2Fwp%2Fv2%2Fcomments&post=225347"}],"version-history":[{"count":1,"href":"https:\/\/diarioregionaldigital.com.br\/index.php?rest_route=\/wp\/v2\/posts\/225347\/revisions"}],"predecessor-version":[{"id":225348,"href":"https:\/\/diarioregionaldigital.com.br\/index.php?rest_route=\/wp\/v2\/posts\/225347\/revisions\/225348"}],"wp:attachment":[{"href":"https:\/\/diarioregionaldigital.com.br\/index.php?rest_route=%2Fwp%2Fv2%2Fmedia&parent=225347"}],"wp:term":[{"taxonomy":"category","embeddable":true,"href":"https:\/\/diarioregionaldigital.com.br\/index.php?rest_route=%2Fwp%2Fv2%2Fcategories&post=225347"},{"taxonomy":"post_tag","embeddable":true,"href":"https:\/\/diarioregionaldigital.com.br\/index.php?rest_route=%2Fwp%2Fv2%2Ftags&post=225347"}],"curies":[{"name":"wp","href":"https:\/\/api.w.org\/{rel}","templated":true}]}}