{"id":225338,"date":"2024-11-06T20:37:00","date_gmt":"2024-11-06T23:37:00","guid":{"rendered":"https:\/\/diarioregionaldigital.com.br\/?p=225338"},"modified":"2024-11-06T20:37:00","modified_gmt":"2024-11-06T23:37:00","slug":"ministerio-do-esporte-lanca-campanha-para-promover-paz-no-futebol","status":"publish","type":"post","link":"https:\/\/diarioregionaldigital.com.br\/?p=225338","title":{"rendered":"Minist\u00e9rio do Esporte lan\u00e7a campanha para promover paz no futebol"},"content":{"rendered":"<p>O p\u00fablico que compareceu, na noite da \u00faltima ter\u00e7a-feira (5), \u00e0 Arena Fonte Nova, em Salvador, para acompanhar o jogo entre Bahia e S\u00e3o Paulo pela 32\u00aa rodada da S\u00e9rie A do Campeonato Brasileiro, percebeu que o setor Sudoeste da pra\u00e7a esportiva estava vazia. A a\u00e7\u00e3o fez parte da campanha Cadeiras Vazias e do Movimento de Ocupa\u00e7\u00e3o pela Paz no Futebol, que tem o objetivo de promover a paz nos jogos de futebol.<img decoding=\"async\" src=\"https:\/\/agenciabrasil.ebc.com.br\/ebc.png?id=1618593&amp;o=node\" \/><img decoding=\"async\" src=\"https:\/\/agenciabrasil.ebc.com.br\/ebc.gif?id=1618593&amp;o=node\" \/><\/p>\n<p>As 384 cadeiras vazias (nas quais foram colocadas camisas de diferentes times) tinham a inten\u00e7\u00e3o de representar as pessoas que perderam a vida por conta da viol\u00eancia no futebol entre os anos de 1988 e de 2023. Al\u00e9m disso, foi estendida na arquibancada uma imensa bandeira branca com a frase \u201cA paz vai ocupar\u201d.<\/p>\n<p>\u201cA campanha marca um passo importante no combate \u00e0 viol\u00eancia nos est\u00e1dios, promovendo o futebol e o esporte como espa\u00e7o de uni\u00e3o e seguran\u00e7a. Queremos que crian\u00e7as, jovens, adultos e fam\u00edlias possam torcer juntos e em paz. O objetivo \u00e9 que o futebol seja um ambiente seguro, onde o amor pelo esporte supere rivalidades. O combate \u00e0 viol\u00eancia \u00e9 uma prioridade do Minist\u00e9rio do Esporte e do Governo do presidente Lula\u201d, afirmou o ministro Andr\u00e9 Fufuca sobre a campanha, que foi lan\u00e7ada pelo Governo Federal, por meio do Minist\u00e9rio do Esporte.<\/p>\n<p>A a\u00e7\u00e3o tamb\u00e9m contou com a presen\u00e7a de familiares de tr\u00eas torcedores que morreram em decorr\u00eancia de atos violentos em est\u00e1dios brasileiros, entre eles Ettore Marchiano, pai da torcedora palmeirense Gabriela Aneli, que perdeu a vida aos 23 anos no dia 8 de julho de 2023, e que afirmou: \u201c\u00c9 uma campanha que espero que tenha um efeito bem grande, para que acabemos com tudo o que est\u00e1 acontecendo. O est\u00e1dio de futebol tem que ser um lugar para a pessoa festejar, comemorar, encontrar os amigos, extravasar e ir embora para casa em seguran\u00e7a\u201d.<\/p>\n<p>A partir da pr\u00f3xima quinta-feira (7) a campanha Cadeiras Vazias ser\u00e1 impulsionada nas redes sociais com diversos conte\u00fados que ser\u00e3o compartilhados por atletas, ex-atletas, clubes, torcidas organizadas, influenciadores e outras personalidades.<\/p>\n<p>Fonte: Ag\u00eancia Brasil<\/p>\n","protected":false},"excerpt":{"rendered":"<p>O p\u00fablico que compareceu, na noite da \u00faltima ter\u00e7a-feira (5), \u00e0 Arena Fonte Nova, em Salvador, para acompanhar o jogo entre Bahia e S\u00e3o Paulo pela 32\u00aa rodada da S\u00e9rie A do Campeonato Brasileiro, percebeu que o setor Sudoeste da pra\u00e7a esportiva estava vazia. A a\u00e7\u00e3o fez parte da campanha Cadeiras Vazias e do Movimento [&hellip;]<\/p>\n","protected":false},"author":246,"featured_media":225339,"comment_status":"closed","ping_status":"closed","sticky":false,"template":"","format":"standard","meta":{"footnotes":""},"categories":[436,440,257,439],"tags":[],"class_list":["post-225338","post","type-post","status-publish","format-standard","has-post-thumbnail","hentry","category-destaque-da-semana","category-destaques-do-dia","category-esporte","category-ultima-hora"],"_links":{"self":[{"href":"https:\/\/diarioregionaldigital.com.br\/index.php?rest_route=\/wp\/v2\/posts\/225338","targetHints":{"allow":["GET"]}}],"collection":[{"href":"https:\/\/diarioregionaldigital.com.br\/index.php?rest_route=\/wp\/v2\/posts"}],"about":[{"href":"https:\/\/diarioregionaldigital.com.br\/index.php?rest_route=\/wp\/v2\/types\/post"}],"author":[{"embeddable":true,"href":"https:\/\/diarioregionaldigital.com.br\/index.php?rest_route=\/wp\/v2\/users\/246"}],"replies":[{"embeddable":true,"href":"https:\/\/diarioregionaldigital.com.br\/index.php?rest_route=%2Fwp%2Fv2%2Fcomments&post=225338"}],"version-history":[{"count":1,"href":"https:\/\/diarioregionaldigital.com.br\/index.php?rest_route=\/wp\/v2\/posts\/225338\/revisions"}],"predecessor-version":[{"id":225340,"href":"https:\/\/diarioregionaldigital.com.br\/index.php?rest_route=\/wp\/v2\/posts\/225338\/revisions\/225340"}],"wp:featuredmedia":[{"embeddable":true,"href":"https:\/\/diarioregionaldigital.com.br\/index.php?rest_route=\/wp\/v2\/media\/225339"}],"wp:attachment":[{"href":"https:\/\/diarioregionaldigital.com.br\/index.php?rest_route=%2Fwp%2Fv2%2Fmedia&parent=225338"}],"wp:term":[{"taxonomy":"category","embeddable":true,"href":"https:\/\/diarioregionaldigital.com.br\/index.php?rest_route=%2Fwp%2Fv2%2Fcategories&post=225338"},{"taxonomy":"post_tag","embeddable":true,"href":"https:\/\/diarioregionaldigital.com.br\/index.php?rest_route=%2Fwp%2Fv2%2Ftags&post=225338"}],"curies":[{"name":"wp","href":"https:\/\/api.w.org\/{rel}","templated":true}]}}