{"id":225332,"date":"2024-11-06T20:32:34","date_gmt":"2024-11-06T23:32:34","guid":{"rendered":"https:\/\/diarioregionaldigital.com.br\/?p=225332"},"modified":"2024-11-06T20:32:34","modified_gmt":"2024-11-06T23:32:34","slug":"governo-de-minas-apresenta-acoes-ambientais-desenvolvidas-no-estado-para-recuperacao-do-rio-doce","status":"publish","type":"post","link":"https:\/\/diarioregionaldigital.com.br\/?p=225332","title":{"rendered":"Governo de Minas apresenta a\u00e7\u00f5es ambientais desenvolvidas no estado para recupera\u00e7\u00e3o do Rio Doce"},"content":{"rendered":"<p>O\u00a0<a href=\"https:\/\/www.mg.gov.br\/\" target=\"_blank\" rel=\"noopener\">Governo de Minas<\/a>\u00a0disponibiliza para consulta p\u00fablica, no site da\u00a0<a href=\"https:\/\/meioambiente.mg.gov.br\/\" target=\"_blank\" rel=\"noopener\">Secretaria de Estado de Meio Ambiente e Desenvolvimento Sustent\u00e1vel (Semad)<\/a>, o caderno com um compilado de informa\u00e7\u00f5es sobre as a\u00e7\u00f5es desenvolvidas pelo Sistema Estadual de Meio Ambiente e Recursos H\u00eddricos (Sisema), ap\u00f3s nove anos do rompimento da Barragem de Fund\u00e3o, em Mariana.<\/p>\n<p>As informa\u00e7\u00f5es descritas se referem \u00e0s a\u00e7\u00f5es monitoradas no \u00e2mbito do Termo de Transa\u00e7\u00e3o e Ajustamento de Conduta (TTAC) e, portanto, s\u00e3o anteriores \u00e0 assinatura do Novo Acordo de Mariana, em outubro. O documento, que relaciona os principais desafios da recupera\u00e7\u00e3o ambiental, pode ser conferido\u00a0<a href=\"https:\/\/meioambiente.mg.gov.br\/publicacoes-doce\/-\/document_library\/emhd\/view_file\/8823708?_com_liferay_document_library_web_portlet_DLPortlet_INSTANCE_emhd_redirect=https:%2F%2Fmeioambiente.mg.gov.br%2Fpublicacoes-doce%3Fp_p_id%3Dcom_liferay_document_library_web_portlet_DLPortlet_INSTANCE_emhd%26p_p_lifecycle%3D0%26p_p_state%3Dnormal%26p_p_mode%3Dview%C2%A0\" target=\"_blank\" rel=\"noopener\">aqui<\/a>.<\/p>\n<p>O caderno traz uma s\u00e9rie de informa\u00e7\u00f5es, com destaque para o reporte dos principais acontecimentos e avan\u00e7os alcan\u00e7ados em 2024. Apresenta, ainda, um balan\u00e7o de resultados do monitoramento de a\u00e7\u00f5es para conserva\u00e7\u00e3o das esp\u00e9cies de fauna e flora da Bacia do Rio Doce.<\/p>\n<p>No \u00e2mbito do Termo de Coopera\u00e7\u00e3o estabelecido entre\u00a0<a href=\"https:\/\/www.ief.mg.gov.br\/\" target=\"_blank\" rel=\"noopener\">Instituto Estadual de Florestas (IEF)<\/a>\u00a0e Funda\u00e7\u00e3o Renova, para estrutura\u00e7\u00e3o do Parque Estadual do Rio Doce (PERD), destacam-se, dentre as entregas, a revis\u00e3o do Plano de Manejo e o Plano de Comunica\u00e7\u00e3o e Marketing.<\/p>\n<p>Quanto \u00e0s a\u00e7\u00f5es de esgotamento sanit\u00e1rio, foram repassados recursos para os munic\u00edpios de Conselheiro Pena, C\u00f3rrego Novo, Governador Valadares, Ipaba, Ipatinga, Mariana, Naque, Periquito, S\u00e3o Domingos do Prata, Sem-Peixe e Tim\u00f3teo. Em paralelo, o monitoramento da qualidade da \u00e1gua e dos sedimentos permanece em 102 pontos, distribu\u00eddos nos rios, lagoas das regi\u00f5es estuarinas e litor\u00e2neas, entre Mariana e o litoral do Esp\u00edrito Santo.<\/p>\n<p>\u201cNesse caderno, apresentamos a toda a sociedade um retrato dos avan\u00e7os e desafios para recupera\u00e7\u00e3o ambiental do Rio Doce\u201d, explica a secret\u00e1ria de Estado de Meio Ambiente e Desenvolvimento Sustent\u00e1vel, Mar\u00edlia Melo.<\/p>\n<p>\u201cOs avan\u00e7os j\u00e1 alcan\u00e7ados nos aproximam do objetivo principal, que \u00e9 devolver ao Rio Doce uma qualidade ambiental que restabele\u00e7a as din\u00e2micas socioambientais da bacia, e que devolva \u00e0 popula\u00e7\u00e3o mineira o sentimento de pertencimento sobre aquele que \u00e9 um dos principais rios do nosso estado e pa\u00eds\u201d, destaca a secret\u00e1ria de Estado.<\/p>\n<p><strong>Novo Acordo<\/strong><\/p>\n<p>Em outubro, o Governo de Minas assinou o Novo Acordo de Mariana, que prev\u00ea diversas a\u00e7\u00f5es no estado, com prioridade para a regi\u00e3o atingida na Bacia do Rio Doce. No total, s\u00e3o R$ 132 bilh\u00f5es em novos recursos, somando-se R$ 100 bilh\u00f5es a serem realizados pelo Poder P\u00fablico e R$ 32 bilh\u00f5es de investimentos estimados a serem realizados pelas mineradoras. Desses, mais de R$ 81 bilh\u00f5es ser\u00e3o utilizados em Minas Gerais.<\/p>\n<p>Em rela\u00e7\u00e3o ao meio ambiente, R$ 7 bilh\u00f5es ser\u00e3o usados para universalizar o saneamento b\u00e1sico em todos os 200 munic\u00edpios da Bacia do Rio Doce em Minas Gerais. Com esses novos aportes, cerca de 1,4 milh\u00e3o de pessoas ter\u00e3o acesso a abastecimento de \u00e1gua e 4,83 milh\u00f5es passar\u00e3o a ter o esgoto coletado e tratado.<\/p>\n<p>Os valores destinados ao meio ambiente incluem investimentos em reflorestamento, recupera\u00e7\u00e3o de nascentes, renaturaliza\u00e7\u00e3o de rios, revitaliza\u00e7\u00e3o da fauna e flora aqu\u00e1ticas, consolida\u00e7\u00e3o de unidades de conserva\u00e7\u00e3o, entre outros.<\/p>\n<p>Foto: Ag\u00eancia Minas<\/p>\n","protected":false},"excerpt":{"rendered":"<p>O\u00a0Governo de Minas\u00a0disponibiliza para consulta p\u00fablica, no site da\u00a0Secretaria de Estado de Meio Ambiente e Desenvolvimento Sustent\u00e1vel (Semad), o caderno com um compilado de informa\u00e7\u00f5es sobre as a\u00e7\u00f5es desenvolvidas pelo Sistema Estadual de Meio Ambiente e Recursos H\u00eddricos (Sisema), ap\u00f3s nove anos do rompimento da Barragem de Fund\u00e3o, em Mariana. As informa\u00e7\u00f5es descritas se referem [&hellip;]<\/p>\n","protected":false},"author":246,"featured_media":225333,"comment_status":"closed","ping_status":"closed","sticky":false,"template":"","format":"standard","meta":{"footnotes":""},"categories":[436,440,261,254,252,439],"tags":[],"class_list":["post-225332","post","type-post","status-publish","format-standard","has-post-thumbnail","hentry","category-destaque-da-semana","category-destaques-do-dia","category-economia","category-politica","category-regiao","category-ultima-hora"],"_links":{"self":[{"href":"https:\/\/diarioregionaldigital.com.br\/index.php?rest_route=\/wp\/v2\/posts\/225332","targetHints":{"allow":["GET"]}}],"collection":[{"href":"https:\/\/diarioregionaldigital.com.br\/index.php?rest_route=\/wp\/v2\/posts"}],"about":[{"href":"https:\/\/diarioregionaldigital.com.br\/index.php?rest_route=\/wp\/v2\/types\/post"}],"author":[{"embeddable":true,"href":"https:\/\/diarioregionaldigital.com.br\/index.php?rest_route=\/wp\/v2\/users\/246"}],"replies":[{"embeddable":true,"href":"https:\/\/diarioregionaldigital.com.br\/index.php?rest_route=%2Fwp%2Fv2%2Fcomments&post=225332"}],"version-history":[{"count":1,"href":"https:\/\/diarioregionaldigital.com.br\/index.php?rest_route=\/wp\/v2\/posts\/225332\/revisions"}],"predecessor-version":[{"id":225334,"href":"https:\/\/diarioregionaldigital.com.br\/index.php?rest_route=\/wp\/v2\/posts\/225332\/revisions\/225334"}],"wp:featuredmedia":[{"embeddable":true,"href":"https:\/\/diarioregionaldigital.com.br\/index.php?rest_route=\/wp\/v2\/media\/225333"}],"wp:attachment":[{"href":"https:\/\/diarioregionaldigital.com.br\/index.php?rest_route=%2Fwp%2Fv2%2Fmedia&parent=225332"}],"wp:term":[{"taxonomy":"category","embeddable":true,"href":"https:\/\/diarioregionaldigital.com.br\/index.php?rest_route=%2Fwp%2Fv2%2Fcategories&post=225332"},{"taxonomy":"post_tag","embeddable":true,"href":"https:\/\/diarioregionaldigital.com.br\/index.php?rest_route=%2Fwp%2Fv2%2Ftags&post=225332"}],"curies":[{"name":"wp","href":"https:\/\/api.w.org\/{rel}","templated":true}]}}