{"id":225324,"date":"2024-11-05T19:54:04","date_gmt":"2024-11-05T22:54:04","guid":{"rendered":"https:\/\/diarioregionaldigital.com.br\/?p=225324"},"modified":"2024-11-05T19:54:04","modified_gmt":"2024-11-05T22:54:04","slug":"pjf-divulga-11o-boletim-da-copa-prefeitura-de-futebol-amador","status":"publish","type":"post","link":"https:\/\/diarioregionaldigital.com.br\/?p=225324","title":{"rendered":"PJF divulga 11\u00ba boletim da Copa Prefeitura de Futebol Amador"},"content":{"rendered":"<p>Segundo informa\u00e7\u00f5es do site da Prefeitura de Juiz de Fora (PJF), a PJF informa que acontece no fim de semana, a d\u00e9cima primeira rodada da Copa Prefeitura de Futebol Amador. Nesta rodada, 25 jogos ser\u00e3o disputados. No s\u00e1bado, 9, ser\u00e3o realizados 11 jogos entre 9h e 13h45, na Caem Cer\u00e2mica e no Polivalente. No domingo, dia 10, ser\u00e3o 14 jogos, entre 8h30 e 12h, na Caem do Cer\u00e2mica, Polivalente, Progresso e S\u00e3o Benedito.<\/p>\n<div id=\"box_texto_noticia\">\n<p>&nbsp;<\/p>\n<p>Este ano, 194 equipes foram credenciadas em 14 categorias e est\u00e3o participando da competi\u00e7\u00e3o. Ser\u00e3o realizadas mais de 340 partidas, no per\u00edodo de agosto a dezembro, com participa\u00e7\u00e3o de aproximadamente 4.500 pessoas, entre atletas e comiss\u00e3o t\u00e9cnica.<\/p>\n<\/div>\n<div class=\"texto_anexo\"><img loading=\"lazy\" decoding=\"async\" src=\"https:\/\/www.pjf.mg.gov.br\/imagens\/clips.jpg\" width=\"22\" height=\"20\" \/>\u00a0<a href=\"https:\/\/www.pjf.mg.gov.br\/noticias\/anexo\/BOLETIM11(1).pdf\" target=\"_blank\" rel=\"noopener\">Veja o anexo<\/a><\/div>\n","protected":false},"excerpt":{"rendered":"<p>Segundo informa\u00e7\u00f5es do site da Prefeitura de Juiz de Fora (PJF), a PJF informa que acontece no fim de semana, a d\u00e9cima primeira rodada da Copa Prefeitura de Futebol Amador. Nesta rodada, 25 jogos ser\u00e3o disputados. No s\u00e1bado, 9, ser\u00e3o realizados 11 jogos entre 9h e 13h45, na Caem Cer\u00e2mica e no Polivalente. No domingo, [&hellip;]<\/p>\n","protected":false},"author":246,"featured_media":0,"comment_status":"closed","ping_status":"closed","sticky":false,"template":"","format":"standard","meta":{"footnotes":""},"categories":[253,436,257,439],"tags":[],"class_list":["post-225324","post","type-post","status-publish","format-standard","hentry","category-cidade","category-destaque-da-semana","category-esporte","category-ultima-hora"],"_links":{"self":[{"href":"https:\/\/diarioregionaldigital.com.br\/index.php?rest_route=\/wp\/v2\/posts\/225324","targetHints":{"allow":["GET"]}}],"collection":[{"href":"https:\/\/diarioregionaldigital.com.br\/index.php?rest_route=\/wp\/v2\/posts"}],"about":[{"href":"https:\/\/diarioregionaldigital.com.br\/index.php?rest_route=\/wp\/v2\/types\/post"}],"author":[{"embeddable":true,"href":"https:\/\/diarioregionaldigital.com.br\/index.php?rest_route=\/wp\/v2\/users\/246"}],"replies":[{"embeddable":true,"href":"https:\/\/diarioregionaldigital.com.br\/index.php?rest_route=%2Fwp%2Fv2%2Fcomments&post=225324"}],"version-history":[{"count":1,"href":"https:\/\/diarioregionaldigital.com.br\/index.php?rest_route=\/wp\/v2\/posts\/225324\/revisions"}],"predecessor-version":[{"id":225326,"href":"https:\/\/diarioregionaldigital.com.br\/index.php?rest_route=\/wp\/v2\/posts\/225324\/revisions\/225326"}],"wp:attachment":[{"href":"https:\/\/diarioregionaldigital.com.br\/index.php?rest_route=%2Fwp%2Fv2%2Fmedia&parent=225324"}],"wp:term":[{"taxonomy":"category","embeddable":true,"href":"https:\/\/diarioregionaldigital.com.br\/index.php?rest_route=%2Fwp%2Fv2%2Fcategories&post=225324"},{"taxonomy":"post_tag","embeddable":true,"href":"https:\/\/diarioregionaldigital.com.br\/index.php?rest_route=%2Fwp%2Fv2%2Ftags&post=225324"}],"curies":[{"name":"wp","href":"https:\/\/api.w.org\/{rel}","templated":true}]}}