{"id":225321,"date":"2024-11-05T19:52:17","date_gmt":"2024-11-05T22:52:17","guid":{"rendered":"https:\/\/diarioregionaldigital.com.br\/?p=225321"},"modified":"2024-11-05T19:52:17","modified_gmt":"2024-11-05T22:52:17","slug":"sf-divulga-edital-que-garante-desconto-de-ate-90-em-debitos-de-issqn-iptu-tcrs-ccsip-e-itbi","status":"publish","type":"post","link":"https:\/\/diarioregionaldigital.com.br\/?p=225321","title":{"rendered":"SF divulga edital que garante desconto de at\u00e9 90% em d\u00e9bitos de ISSQN, IPTU\/TCRS\/CCSIP e ITBI"},"content":{"rendered":"<p>Segundo informa\u00e7\u00f5es do site da Prefeitura de Juiz de Fora (PJF), a PJF, atrav\u00e9s da Secretaria da Fazenda (SF), divulga o Edital de Transa\u00e7\u00e3o por Ades\u00e3o que garante descontos em cr\u00e9ditos tribut\u00e1rios e n\u00e3o tribut\u00e1rios que estejam suspensos e n\u00e3o inscritos em d\u00edvida ativa, cujos os d\u00e9bitos tenham ocorrido at\u00e9 o dia 31 de dezembro de 2022, relacionados a ISSQN, IPTU\/TCRS\/CCSIP e ITBI.<\/p>\n<p>&nbsp;<\/p>\n<div>Para aderir ao edital, ser\u00e1 necess\u00e1rio realizar o pagamento \u00e0 vista. Para pessoa f\u00edsica, microempreendedor Individual (MEI), microempresa (ME) e empresa de pequeno porte (EPP) o desconto ser\u00e1 de 90% incidente sobre multa de mora. Para pessoas jur\u00eddicas, o desconto \u00e9 de 80% incidente de multa de mora.<\/div>\n<p>&nbsp;<\/p>\n<div>Para os autos de infra\u00e7\u00e3o lavrados em decorr\u00eancia de descumprimento de obriga\u00e7\u00e3o acess\u00f3ria, ser\u00e1 concedido desconto de 50% do valor da multa pecuni\u00e1ria por infra\u00e7\u00e3o e multa de mora.<\/div>\n<p>&nbsp;<\/p>\n<div>A data limite para solicita\u00e7\u00e3o de participa\u00e7\u00e3o deste edital de descontos \u00e9 30 de novembro de 2024. A ades\u00e3o se d\u00e1 de duas formas: Presencialmente, no DIGA mais pr\u00f3ximo da sua casa, ou online, pelo\u00a0<a href=\"https:\/\/www.pjf.mg.gov.br\/agil\/\">Prefeitura \u00c1gil<\/a>. Certifique-se de preencher os dados de acordo com a documenta\u00e7\u00e3o exigida para pessoa f\u00edsica ou pessoa jur\u00eddica.<\/div>\n<p>&nbsp;<\/p>\n<div>Confira abaixo os documentos necess\u00e1rios:<\/div>\n<p>&nbsp;<\/p>\n<div>a) n\u00famero de inscri\u00e7\u00e3o no Cadastro de Pessoa F\u00edsica (CPF) ou no Cadastro Nacional de Pessoa Jur\u00eddica (CNPJ);<\/div>\n<p>&nbsp;<\/p>\n<div>b) endere\u00e7o para notifica\u00e7\u00e3o e, no caso de pessoas jur\u00eddicas, inclusive dos s\u00f3cios;<\/div>\n<p>&nbsp;<\/p>\n<div>c) e-mail para comunica\u00e7\u00e3o oficial;<\/div>\n<p>&nbsp;<\/p>\n<div>d) telefone para contato;<\/div>\n<p>&nbsp;<\/p>\n<div>e) c\u00f3pia de certid\u00e3o de \u00f3bito, se cab\u00edvel;<\/div>\n<p>&nbsp;<\/p>\n<div>f) comprova\u00e7\u00e3o da posse ou propriedade de im\u00f3vel, esta \u00faltima atrav\u00e9s do registro geral imobili\u00e1rio (RGI), atualizado nos \u00faltimos 30 (trinta) dias, divergente do cadastro imobili\u00e1rio municipal, e se cab\u00edvel.<\/div>\n","protected":false},"excerpt":{"rendered":"<p>Segundo informa\u00e7\u00f5es do site da Prefeitura de Juiz de Fora (PJF), a PJF, atrav\u00e9s da Secretaria da Fazenda (SF), divulga o Edital de Transa\u00e7\u00e3o por Ades\u00e3o que garante descontos em cr\u00e9ditos tribut\u00e1rios e n\u00e3o tribut\u00e1rios que estejam suspensos e n\u00e3o inscritos em d\u00edvida ativa, cujos os d\u00e9bitos tenham ocorrido at\u00e9 o dia 31 de dezembro [&hellip;]<\/p>\n","protected":false},"author":246,"featured_media":225322,"comment_status":"closed","ping_status":"closed","sticky":false,"template":"","format":"standard","meta":{"footnotes":""},"categories":[253,436,439],"tags":[],"class_list":["post-225321","post","type-post","status-publish","format-standard","has-post-thumbnail","hentry","category-cidade","category-destaque-da-semana","category-ultima-hora"],"_links":{"self":[{"href":"https:\/\/diarioregionaldigital.com.br\/index.php?rest_route=\/wp\/v2\/posts\/225321","targetHints":{"allow":["GET"]}}],"collection":[{"href":"https:\/\/diarioregionaldigital.com.br\/index.php?rest_route=\/wp\/v2\/posts"}],"about":[{"href":"https:\/\/diarioregionaldigital.com.br\/index.php?rest_route=\/wp\/v2\/types\/post"}],"author":[{"embeddable":true,"href":"https:\/\/diarioregionaldigital.com.br\/index.php?rest_route=\/wp\/v2\/users\/246"}],"replies":[{"embeddable":true,"href":"https:\/\/diarioregionaldigital.com.br\/index.php?rest_route=%2Fwp%2Fv2%2Fcomments&post=225321"}],"version-history":[{"count":1,"href":"https:\/\/diarioregionaldigital.com.br\/index.php?rest_route=\/wp\/v2\/posts\/225321\/revisions"}],"predecessor-version":[{"id":225323,"href":"https:\/\/diarioregionaldigital.com.br\/index.php?rest_route=\/wp\/v2\/posts\/225321\/revisions\/225323"}],"wp:featuredmedia":[{"embeddable":true,"href":"https:\/\/diarioregionaldigital.com.br\/index.php?rest_route=\/wp\/v2\/media\/225322"}],"wp:attachment":[{"href":"https:\/\/diarioregionaldigital.com.br\/index.php?rest_route=%2Fwp%2Fv2%2Fmedia&parent=225321"}],"wp:term":[{"taxonomy":"category","embeddable":true,"href":"https:\/\/diarioregionaldigital.com.br\/index.php?rest_route=%2Fwp%2Fv2%2Fcategories&post=225321"},{"taxonomy":"post_tag","embeddable":true,"href":"https:\/\/diarioregionaldigital.com.br\/index.php?rest_route=%2Fwp%2Fv2%2Ftags&post=225321"}],"curies":[{"name":"wp","href":"https:\/\/api.w.org\/{rel}","templated":true}]}}