{"id":225312,"date":"2024-11-05T19:41:25","date_gmt":"2024-11-05T22:41:25","guid":{"rendered":"https:\/\/diarioregionaldigital.com.br\/?p=225312"},"modified":"2024-11-05T19:59:37","modified_gmt":"2024-11-05T22:59:37","slug":"policia-militar-de-minas-gerais-apreende-cerca-de-30-toneladas-de-drogas-em-outubro","status":"publish","type":"post","link":"https:\/\/diarioregionaldigital.com.br\/?p=225312","title":{"rendered":"Pol\u00edcia Militar de Minas Gerais apreende cerca de 30 toneladas de drogas em outubro"},"content":{"rendered":"<p>Somente em outubro deste ano, a\u00a0<a href=\"https:\/\/www.policiamilitar.mg.gov.br\/\" target=\"_blank\" rel=\"noopener\">Pol\u00edcia Militar de Minas Gerais (PMMG)<\/a>\u00a0apreendeu aproximadamente 30 toneladas de drogas no estado\u00a0em a\u00e7\u00f5es estrat\u00e9gicas desenvolvidas para o combate ao tr\u00e1fico. Entre as drogas retiradas de circula\u00e7\u00e3o, est\u00e3o cerca de 58 mil buchas e cigarros de maconha, mais de 24 mil tabletes e barras do mesmo entorpecente, al\u00e9m de 107 mil papelotes e pinos de coca\u00edna, 48,6 mil pedras de crack e mais de 3,7 mil quilos de coca\u00edna em p\u00f3.<\/p>\n<p>As apreens\u00f5es s\u00e3o resultado de um servi\u00e7o de intelig\u00eancia sistematizado, com opera\u00e7\u00f5es preventivas e repressivas, realizadas pelas unidades da corpora\u00e7\u00e3o em todo o estado, al\u00e9m de a\u00e7\u00f5es conjuntas com outras ag\u00eancias e \u00f3rg\u00e3os do estado.<\/p>\n<p>Desenvolvemos e continuaremos promovendo a\u00e7\u00f5es para desmantelar quadrilhas que tentem se instalar ou promover atividades criminosas contra o povo mineiro\u201d, afirma a porta-voz da PMMG, major Layla Brunnela.<\/p>\n<p><strong>A\u00e7\u00f5es<\/strong><\/p>\n<p>A Pol\u00edcia Militar destaca algumas opera\u00e7\u00f5es realizadas no m\u00eas passado em Minas Gerais. Levantamentos dos servi\u00e7os de intelig\u00eancia\u00a0da PMMG indicaram que ocorreria uma grande transa\u00e7\u00e3o de drogas \u00e0s margens da rodovia BR-494, em Divin\u00f3polis,\u00a0no Centro-Oeste de Minas Gerais. Na quinta-feira (31\/10), militares do Batalh\u00e3o de Rondas T\u00e1ticas Metropolitanas (Rotam) apreenderam cerca de uma tonelada de maconha no local.<\/p>\n<figure class=\"image\"><img decoding=\"async\" src=\"https:\/\/www.agenciaminas.mg.gov.br\/ckeditor_assets\/pictures\/21932\/content_apreensao_drogas_01_pmmg.jpeg\" alt=\"\" \/><figcaption><em><sub>PMMG \/ Divulga\u00e7\u00e3o<\/sub><\/em><\/figcaption><\/figure>\n<p>Na quarta-feira (30\/10), militares do Batalh\u00e3o de Pol\u00edcia Militar Rodovi\u00e1ria (BPMRv) apreenderam cerca de 450 quilos de drogas na MG-050, em S\u00e3o Sebasti\u00e3o do Para\u00edso, no Sudoeste do estado. A a\u00e7\u00e3o contou com apoio da aeronave P\u00e9gasus e de militares do 43\u00ba batalh\u00e3o.<\/p>\n<p>No dia 18\/10, cerca de 500 barras de maconha foram retiradas de circula\u00e7\u00e3o pelo servi\u00e7o de intelig\u00eancia e militares de Belo Horizonte e Contagem, na Regi\u00e3o Metropolitana de BH, ap\u00f3s a corpora\u00e7\u00e3o obter informa\u00e7\u00f5es de que havia uma grande quantidade de drogas na capital mineira, que seriam distribu\u00eddas na Grande BH.<\/p>\n<p>No dia 15\/10, militares da 17\u00aa Companhia de Pol\u00edcia Militar Independente, em conjunto com a Pol\u00edcia Militar de Meio Ambiente, detiveram diversos materiais il\u00edcitos em um laborat\u00f3rio de produ\u00e7\u00e3o de drogas, em um s\u00edtio pr\u00f3ximo ao munic\u00edpio de Rio Piracicaba, na regi\u00e3o Central.<\/p>\n<p>Em Varginha, no Sul de Minas, policiais militares do 24\u00ba batalh\u00e3o abordaram uma carreta carregada com aproximadamente 10 toneladas de drogas, durante a opera\u00e7\u00e3o Guardi\u00f5es da Lei, no dia 11\/10.<\/p>\n<p>No ano de 2023, foram apreendidas 33 toneladas de maconha somente nas rodovias mineiras. Em 2024, de janeiro at\u00e9 agora, a PMMG j\u00e1 conseguiu retirar de circula\u00e7\u00e3o cerca de 70 toneladas de maconha.<\/p>\n<p>\u201cQuando a PM faz um trabalho continuado de combate ao narcotr\u00e1fico, para al\u00e9m do preju\u00edzo da atividade criminosa, existe o resultado da preven\u00e7\u00e3o ao homic\u00eddio e, consequentemente, a preserva\u00e7\u00e3o de vidas\u201d, conclui major Layla.<\/p>\n<p>Fonte: Ag\u00eancia Minas<\/p>\n","protected":false},"excerpt":{"rendered":"<p>Somente em outubro deste ano, a\u00a0Pol\u00edcia Militar de Minas Gerais (PMMG)\u00a0apreendeu aproximadamente 30 toneladas de drogas no estado\u00a0em a\u00e7\u00f5es estrat\u00e9gicas desenvolvidas para o combate ao tr\u00e1fico. Entre as drogas retiradas de circula\u00e7\u00e3o, est\u00e3o cerca de 58 mil buchas e cigarros de maconha, mais de 24 mil tabletes e barras do mesmo entorpecente, al\u00e9m de 107 [&hellip;]<\/p>\n","protected":false},"author":246,"featured_media":225313,"comment_status":"closed","ping_status":"closed","sticky":false,"template":"","format":"standard","meta":{"footnotes":""},"categories":[301,436,439],"tags":[],"class_list":["post-225312","post","type-post","status-publish","format-standard","has-post-thumbnail","hentry","category-artigos-policiais","category-destaque-da-semana","category-ultima-hora"],"_links":{"self":[{"href":"https:\/\/diarioregionaldigital.com.br\/index.php?rest_route=\/wp\/v2\/posts\/225312","targetHints":{"allow":["GET"]}}],"collection":[{"href":"https:\/\/diarioregionaldigital.com.br\/index.php?rest_route=\/wp\/v2\/posts"}],"about":[{"href":"https:\/\/diarioregionaldigital.com.br\/index.php?rest_route=\/wp\/v2\/types\/post"}],"author":[{"embeddable":true,"href":"https:\/\/diarioregionaldigital.com.br\/index.php?rest_route=\/wp\/v2\/users\/246"}],"replies":[{"embeddable":true,"href":"https:\/\/diarioregionaldigital.com.br\/index.php?rest_route=%2Fwp%2Fv2%2Fcomments&post=225312"}],"version-history":[{"count":1,"href":"https:\/\/diarioregionaldigital.com.br\/index.php?rest_route=\/wp\/v2\/posts\/225312\/revisions"}],"predecessor-version":[{"id":225314,"href":"https:\/\/diarioregionaldigital.com.br\/index.php?rest_route=\/wp\/v2\/posts\/225312\/revisions\/225314"}],"wp:featuredmedia":[{"embeddable":true,"href":"https:\/\/diarioregionaldigital.com.br\/index.php?rest_route=\/wp\/v2\/media\/225313"}],"wp:attachment":[{"href":"https:\/\/diarioregionaldigital.com.br\/index.php?rest_route=%2Fwp%2Fv2%2Fmedia&parent=225312"}],"wp:term":[{"taxonomy":"category","embeddable":true,"href":"https:\/\/diarioregionaldigital.com.br\/index.php?rest_route=%2Fwp%2Fv2%2Fcategories&post=225312"},{"taxonomy":"post_tag","embeddable":true,"href":"https:\/\/diarioregionaldigital.com.br\/index.php?rest_route=%2Fwp%2Fv2%2Ftags&post=225312"}],"curies":[{"name":"wp","href":"https:\/\/api.w.org\/{rel}","templated":true}]}}