{"id":225305,"date":"2024-11-05T19:39:13","date_gmt":"2024-11-05T22:39:13","guid":{"rendered":"https:\/\/diarioregionaldigital.com.br\/?p=225305"},"modified":"2024-11-05T19:39:13","modified_gmt":"2024-11-05T22:39:13","slug":"epamig-implanta-50-unidades-demonstrativas-de-arroz-de-terras-altas-em-minas-gerais","status":"publish","type":"post","link":"https:\/\/diarioregionaldigital.com.br\/?p=225305","title":{"rendered":"Epamig implanta 50 Unidades Demonstrativas de arroz de terras altas em Minas Gerais"},"content":{"rendered":"<p>A\u00a0<a href=\"https:\/\/www.epamig.br\/\" target=\"_blank\" rel=\"noopener\">Empresa de Pesquisa Agropecu\u00e1ria de Minas Gerais (Epamig)<\/a>, em parceria com\u00a0<a href=\"https:\/\/www.emater.mg.gov.br\/\" target=\"_blank\" rel=\"noopener\">Emater-MG<\/a>\u00a0e a Universidade Federal de Lavras (Ufla), iniciou a implanta\u00e7\u00e3o de 50 Unidades Demonstrativas (UDs) de Arroz de Terras Altas em munic\u00edpios do Vale do Jequitinhonha, Norte de Minas, Sul de Minas e Zona da Mata Mineira. A a\u00e7\u00e3o integra o trabalho de Melhoramento Gen\u00e9tico e Difus\u00e3o de Tecnologias sobre a cultura que est\u00e1 em expans\u00e3o no estado.<\/p>\n<p>\u201cEm 2023, em conjunto com a Emater-MG, implantamos 38 unidades demonstrativas com o intuito de testar as cultivares e capacitar agricultores familiares para fornecerem arroz ao Programa Nacional de Alimenta\u00e7\u00e3o Escolar (Pnae). Para este ano, a demanda aumentou e mais de 100 interessados nos procuraram. Como em 2024, estamos comemorando os 50 anos da Epamig, selecionamos 50 produtores familiares para receberem as UDs\u201d, explica a pesquisadora da Epamig Janine Guedes, respons\u00e1vel pelo trabalho.<\/p>\n<p>O arroz \u00e9 uma cultura n\u00e3o-perene que necessita de replantio safra a safra. Por esta raz\u00e3o, a equipe de trabalho pretende capacitar os agricultores para que possam conduzir suas \u00e1reas nos pr\u00f3ximos plantios. O ciclo m\u00e9dio de produ\u00e7\u00e3o varia entre 120 e 130 dias do plantio \u00e0 colheita, que, nestas unidades, deve ocorrer a partir de fevereiro.<\/p>\n<p>\u201cEstamos avaliando cultivares de arroz Agulhinha, gr\u00e3o longo, que s\u00e3o as de maior valor comercial, mais resistentes ao d\u00e9ficit h\u00eddrico e adaptadas para regi\u00f5es de sequeiro. A semeadura acontece entre meados de outubro e o come\u00e7o de dezembro, para que haja chuvas no per\u00edodo de florada\u201d, informa a pesquisadora.<\/p>\n<p>Na segunda quinzena de outubro, Janine esteve na regi\u00e3o de Medina no Vale do Jequitinhonha para a implanta\u00e7\u00e3o das UDs. Na semana de 11\/11, o plantio ser\u00e1 em Guaxup\u00e9, no Sul de Minas, em \u00e1rea consorciada com o caf\u00e9.<\/p>\n<p>\u201cVamos atender a uma demanda dos produtores que querem aproveitar o espa\u00e7o das ruas do caf\u00e9 para cultivar arroz\u201d, conta Janine. Nas semanas de 18 e 25\/11, a equipe ir\u00e1 \u00e0s regi\u00f5es de Jana\u00faba (Norte de Minas) e Juiz de Fora (Zona da Mata), respectivamente.<\/p>\n<p><b>Atividade em expans\u00e3o<\/b><\/p>\n<p>O cultivo de arroz em Minas Gerais tem aumentado nos \u00faltimos anos. A \u00e1rea plantada, que foi de 3 mil hectares em 2023, passou para 18 mil hectares em 2024 e deve atingir 45 mil hectares em 2025. \u201cO pre\u00e7o est\u00e1 bom e temos tido uma alta procura por sementes, vinda de agricultores familiares e, principalmente, de grandes produtores de gr\u00e3os\u201d, revela Janine Guedes, acrescentando que a Epamig se prepara para retomar a comercializa\u00e7\u00e3o de sementes de arroz.<\/p>\n<p>A pesquisadora chama a aten\u00e7\u00e3o para o surgimento de novas regi\u00f5es produtoras. \u201c\u00c9 algo muito importante, j\u00e1 que temos uma grande concentra\u00e7\u00e3o da produ\u00e7\u00e3o no Rio Grande do Sul. Neste ano, a trag\u00e9dia clim\u00e1tica naquele estado afetou a produ\u00e7\u00e3o e o pa\u00eds s\u00f3 n\u00e3o passou por uma crise no abastecimento, porque possu\u00eda estoque do gr\u00e3o\u201d.<\/p>\n<p>Fonte: Ag\u00eancia Minas<\/p>\n","protected":false},"excerpt":{"rendered":"<p>A\u00a0Empresa de Pesquisa Agropecu\u00e1ria de Minas Gerais (Epamig), em parceria com\u00a0Emater-MG\u00a0e a Universidade Federal de Lavras (Ufla), iniciou a implanta\u00e7\u00e3o de 50 Unidades Demonstrativas (UDs) de Arroz de Terras Altas em munic\u00edpios do Vale do Jequitinhonha, Norte de Minas, Sul de Minas e Zona da Mata Mineira. A a\u00e7\u00e3o integra o trabalho de Melhoramento Gen\u00e9tico [&hellip;]<\/p>\n","protected":false},"author":246,"featured_media":225306,"comment_status":"closed","ping_status":"closed","sticky":false,"template":"","format":"standard","meta":{"footnotes":""},"categories":[436,440,261,254,252,439],"tags":[],"class_list":["post-225305","post","type-post","status-publish","format-standard","has-post-thumbnail","hentry","category-destaque-da-semana","category-destaques-do-dia","category-economia","category-politica","category-regiao","category-ultima-hora"],"_links":{"self":[{"href":"https:\/\/diarioregionaldigital.com.br\/index.php?rest_route=\/wp\/v2\/posts\/225305","targetHints":{"allow":["GET"]}}],"collection":[{"href":"https:\/\/diarioregionaldigital.com.br\/index.php?rest_route=\/wp\/v2\/posts"}],"about":[{"href":"https:\/\/diarioregionaldigital.com.br\/index.php?rest_route=\/wp\/v2\/types\/post"}],"author":[{"embeddable":true,"href":"https:\/\/diarioregionaldigital.com.br\/index.php?rest_route=\/wp\/v2\/users\/246"}],"replies":[{"embeddable":true,"href":"https:\/\/diarioregionaldigital.com.br\/index.php?rest_route=%2Fwp%2Fv2%2Fcomments&post=225305"}],"version-history":[{"count":1,"href":"https:\/\/diarioregionaldigital.com.br\/index.php?rest_route=\/wp\/v2\/posts\/225305\/revisions"}],"predecessor-version":[{"id":225307,"href":"https:\/\/diarioregionaldigital.com.br\/index.php?rest_route=\/wp\/v2\/posts\/225305\/revisions\/225307"}],"wp:featuredmedia":[{"embeddable":true,"href":"https:\/\/diarioregionaldigital.com.br\/index.php?rest_route=\/wp\/v2\/media\/225306"}],"wp:attachment":[{"href":"https:\/\/diarioregionaldigital.com.br\/index.php?rest_route=%2Fwp%2Fv2%2Fmedia&parent=225305"}],"wp:term":[{"taxonomy":"category","embeddable":true,"href":"https:\/\/diarioregionaldigital.com.br\/index.php?rest_route=%2Fwp%2Fv2%2Fcategories&post=225305"},{"taxonomy":"post_tag","embeddable":true,"href":"https:\/\/diarioregionaldigital.com.br\/index.php?rest_route=%2Fwp%2Fv2%2Ftags&post=225305"}],"curies":[{"name":"wp","href":"https:\/\/api.w.org\/{rel}","templated":true}]}}