{"id":225303,"date":"2024-11-05T15:58:59","date_gmt":"2024-11-05T18:58:59","guid":{"rendered":"https:\/\/diarioregionaldigital.com.br\/?p=225303"},"modified":"2024-11-05T15:58:59","modified_gmt":"2024-11-05T18:58:59","slug":"edital-de-convocacao-para-assembleia-geral-extraordinaria-05-11-2024-2","status":"publish","type":"post","link":"https:\/\/diarioregionaldigital.com.br\/?p=225303","title":{"rendered":"EDITAL DE CONVOCA\u00c7\u00c3O PARA ASSEMBLEIA GERAL EXTRAORDIN\u00c1RIA &#8211; 05\/11\/2024"},"content":{"rendered":"<p class=\"s6\"><span class=\"s5\"><span class=\"bumpedFont15\">Juiz de Fora, <\/span><\/span><span class=\"s5\"><span class=\"bumpedFont15\">0<\/span><\/span><span class=\"s5\"><span class=\"bumpedFont15\">4<\/span><\/span><span class=\"s5\"><span class=\"bumpedFont15\"> de <\/span><\/span><span class=\"s5\"><span class=\"bumpedFont15\">novembro<\/span><\/span><span class=\"s5\"><span class=\"bumpedFont15\"> de 202<\/span><\/span><span class=\"s5\"><span class=\"bumpedFont15\">4<\/span><\/span><span class=\"s5\"><span class=\"bumpedFont15\">.<\/span><\/span><\/p>\n<p class=\"s9\"><span class=\"s5\"><span class=\"bumpedFont15\">A <\/span><\/span><span class=\"s5\"><span class=\"bumpedFont15\">Presidente<\/span><\/span> <span class=\"s5\"><span class=\"bumpedFont15\">da Associa\u00e7\u00e3o Atl\u00e9tica Vasco da Gama<\/span><\/span><span class=\"s5\"><span class=\"bumpedFont15\">, no uso de suas atribui\u00e7\u00f5es <\/span><\/span><a name=\"_Hlk180590296\"><\/a><span class=\"s5\"><span class=\"bumpedFont15\">previstas no estatuto vigente<\/span><\/span><span class=\"s5\"><span class=\"bumpedFont15\">,<\/span><\/span> <span class=\"s5\"><span class=\"bumpedFont15\">vem por meio deste<\/span><\/span><span class=\"s5\"><span class=\"bumpedFont15\"> Edital<\/span><\/span> <span class=\"s5\"><span class=\"bumpedFont15\">para <\/span><\/span><span class=\"s5\"><span class=\"bumpedFont15\">convoca<\/span><\/span><span class=\"s5\"><span class=\"bumpedFont15\">r<\/span><\/span> <a name=\"_Hlk180590329\"><\/a><span class=\"s5\"><span class=\"bumpedFont15\">todos os associados<\/span><\/span> <span class=\"s5\"><span class=\"bumpedFont15\">para <\/span><\/span><span class=\"s5\"><span class=\"bumpedFont15\">Assembleia Geral <\/span><\/span><span class=\"s5\"><span class=\"bumpedFont15\">Extraordin\u00e1ria<\/span><\/span><span class=\"s5\"><span class=\"bumpedFont15\">,<\/span><\/span> <span class=\"s5\"><span class=\"bumpedFont15\">a realizar-se no pr\u00f3ximo dia<\/span><\/span> <span class=\"s5\"><span class=\"bumpedFont15\">12<\/span><\/span><span class=\"s5\"><span class=\"bumpedFont15\">de <\/span><\/span><span class=\"s5\"><span class=\"bumpedFont15\">novembro<\/span><\/span><span class=\"s5\"><span class=\"bumpedFont15\"> de <\/span><\/span><span class=\"s5\"><span class=\"bumpedFont15\">2024<\/span><\/span><span class=\"s5\"><span class=\"bumpedFont15\">, <\/span><\/span><span class=\"s5\"><span class=\"bumpedFont15\">no segundo andar<\/span><\/span> <span class=\"s5\"><span class=\"bumpedFont15\">do <\/span><\/span><span class=\"s5\"><span class=\"bumpedFont15\">Serrano Hotel<\/span><\/span><span class=\"s5\"><span class=\"bumpedFont15\">, situado \u00e0 <\/span><\/span><span class=\"s7\"><span class=\"bumpedFont15\">R<\/span><\/span><span class=\"s7\"><span class=\"bumpedFont15\">ua<\/span><\/span><span class=\"s7\"><span class=\"bumpedFont15\"> Santa Rita, <\/span><\/span><span class=\"s7\"><span class=\"bumpedFont15\">n\u00b0 <\/span><\/span><span class=\"s7\"><span class=\"bumpedFont15\">399 &#8211; Centro, Juiz de Fora &#8211; MG<\/span><\/span><span class=\"s8\"><span class=\"bumpedFont15\">,<\/span><\/span><span class=\"s5\"><span class=\"bumpedFont15\"> iniciando-se os trabalhos \u00e0s <\/span><\/span><span class=\"s5\"><span class=\"bumpedFont15\">19:30h (dezenove horas e trinta minutos)<\/span><\/span><span class=\"s5\"><span class=\"bumpedFont15\">, em primeira convoca\u00e7\u00e3o, <\/span><\/span><span class=\"s5\"><span class=\"bumpedFont15\">ou, no caso da<\/span><\/span><span class=\"s5\"><span class=\"bumpedFont15\"> falta d<\/span><\/span><span class=\"s5\"><span class=\"bumpedFont15\">o<\/span><\/span><span class=\"s5\"><span class=\"bumpedFont15\"> qu\u00f3rum <\/span><\/span><span class=\"s5\"><span class=\"bumpedFont15\">previsto pelo artigo <\/span><\/span><a name=\"_Hlk180590626\"><\/a><span class=\"s5\"><span class=\"bumpedFont15\">22<\/span><\/span><span class=\"s5\"><span class=\"bumpedFont15\">\u00b0 do estatuto vigente,<\/span><\/span> <span class=\"s5\"><span class=\"bumpedFont15\">em segunda convoca\u00e7\u00e3o \u00e0s <\/span><\/span><span class=\"s5\"><span class=\"bumpedFont15\">20:30<\/span><\/span><span class=\"s5\"><span class=\"bumpedFont15\">h (<\/span><\/span><span class=\"s5\"><span class=\"bumpedFont15\">vinte<\/span><\/span><span class=\"s5\"><span class=\"bumpedFont15\"> horas<\/span><\/span><span class=\"s5\"><span class=\"bumpedFont15\"> e trinta minutos<\/span><\/span><span class=\"s5\"><span class=\"bumpedFont15\">)<\/span><\/span><span class=\"s5\"><span class=\"bumpedFont15\">,<\/span><\/span> <span class=\"s5\"><span class=\"bumpedFont15\">quando dar-se-\u00e1 in\u00edcio<\/span><\/span> <span class=\"s5\"><span class=\"bumpedFont15\">a<\/span><\/span><span class=\"s5\"><span class=\"bumpedFont15\">os trabalhos<\/span><\/span><span class=\"s5\"><span class=\"bumpedFont15\"> com <\/span><\/span><span class=\"s5\"><span class=\"bumpedFont15\">qualquer<\/span><\/span><span class=\"s5\"><span class=\"bumpedFont15\"> n\u00famero<\/span><\/span><span class=\"s5\"><span class=\"bumpedFont15\"> de presentes<\/span><\/span><span class=\"s5\"><span class=\"bumpedFont15\">, a fim de <\/span><\/span><span class=\"s5\"><span class=\"bumpedFont15\">deliberarem sobre a seguinte ordem do dia<\/span><\/span><span class=\"s5\"><span class=\"bumpedFont15\">:<\/span><\/span><\/p>\n<div class=\"s11\"><span class=\"s10\">1. <\/span><span class=\"s5\"><span class=\"bumpedFont15\">Leitura e aprova\u00e7\u00e3o da ata de assembleia realizada em 16\/07\/2024;<\/span><\/span><\/div>\n<div class=\"s12\"><span class=\"s10\">2. <\/span><span class=\"s5\"><span class=\"bumpedFont15\">Delibera\u00e7\u00e3o <\/span><\/span><span class=\"s5\"><span class=\"bumpedFont15\">sobre<\/span><\/span><span class=\"s5\"><span class=\"bumpedFont15\"> proposta de composi\u00e7\u00e3o <\/span><\/span><span class=\"s5\"><span class=\"bumpedFont15\">referente<\/span><\/span><span class=\"s5\"><span class=\"bumpedFont15\"> aos autos <\/span><\/span><a name=\"formAcervo:tbProcessos:641071110:j_id152\"><\/a><span class=\"s5\"><span class=\"bumpedFont15\">judiciais de n\u00famero: <\/span><\/span><a href=\"https:\/\/pje.tjmg.jus.br\/pje\/Painel\/painel_usuario\/advogado.seam\"><span class=\"s5\"><span class=\"bumpedFont15\">5034378-07.2023.8.13.0145<\/span><\/span><\/a><span class=\"s8\"><span class=\"bumpedFont15\">;<\/span><\/span><\/div>\n<div class=\"s12\"><span class=\"s10\">3. <\/span><span class=\"s8\"><span class=\"bumpedFont15\">Delibera\u00e7\u00e3o sobe a compra e venda dos im\u00f3veis, havida em 24\/05\/<\/span><\/span><span class=\"s8\"><span class=\"bumpedFont15\">20<\/span><\/span><span class=\"s8\"><span class=\"bumpedFont15\">23;<\/span><\/span><\/div>\n<div class=\"s12\"><span class=\"s10\">4. <\/span><span class=\"s5\"><span class=\"bumpedFont15\">Demais assuntos levantados pelos presentes, desde que n\u00e3o seja exigido ato pr\u00f3prio pelo estatuto.<\/span><\/span><\/div>\n<p class=\"s13\"><span class=\"s8\"><span class=\"bumpedFont15\">Cordialmente,<\/span><\/span><\/p>\n<p class=\"s3\"><span class=\"s8\"><span class=\"bumpedFont15\">Presid\u00eancia<\/span><\/span><span class=\"s8\"><span class=\"bumpedFont15\"> da A.A.V.G.<\/span><\/span><\/p>\n","protected":false},"excerpt":{"rendered":"<p>Juiz de Fora, 04 de novembro de 2024. A Presidente da Associa\u00e7\u00e3o Atl\u00e9tica Vasco da Gama, no uso de suas atribui\u00e7\u00f5es previstas no estatuto vigente, vem por meio deste Edital para convocar todos os associados para Assembleia Geral Extraordin\u00e1ria, a realizar-se no pr\u00f3ximo dia 12de novembro de 2024, no segundo andar do Serrano Hotel, situado [&hellip;]<\/p>\n","protected":false},"author":246,"featured_media":0,"comment_status":"closed","ping_status":"closed","sticky":false,"template":"","format":"standard","meta":{"footnotes":""},"categories":[307],"tags":[],"class_list":["post-225303","post","type-post","status-publish","format-standard","hentry","category-editais"],"_links":{"self":[{"href":"https:\/\/diarioregionaldigital.com.br\/index.php?rest_route=\/wp\/v2\/posts\/225303","targetHints":{"allow":["GET"]}}],"collection":[{"href":"https:\/\/diarioregionaldigital.com.br\/index.php?rest_route=\/wp\/v2\/posts"}],"about":[{"href":"https:\/\/diarioregionaldigital.com.br\/index.php?rest_route=\/wp\/v2\/types\/post"}],"author":[{"embeddable":true,"href":"https:\/\/diarioregionaldigital.com.br\/index.php?rest_route=\/wp\/v2\/users\/246"}],"replies":[{"embeddable":true,"href":"https:\/\/diarioregionaldigital.com.br\/index.php?rest_route=%2Fwp%2Fv2%2Fcomments&post=225303"}],"version-history":[{"count":1,"href":"https:\/\/diarioregionaldigital.com.br\/index.php?rest_route=\/wp\/v2\/posts\/225303\/revisions"}],"predecessor-version":[{"id":225304,"href":"https:\/\/diarioregionaldigital.com.br\/index.php?rest_route=\/wp\/v2\/posts\/225303\/revisions\/225304"}],"wp:attachment":[{"href":"https:\/\/diarioregionaldigital.com.br\/index.php?rest_route=%2Fwp%2Fv2%2Fmedia&parent=225303"}],"wp:term":[{"taxonomy":"category","embeddable":true,"href":"https:\/\/diarioregionaldigital.com.br\/index.php?rest_route=%2Fwp%2Fv2%2Fcategories&post=225303"},{"taxonomy":"post_tag","embeddable":true,"href":"https:\/\/diarioregionaldigital.com.br\/index.php?rest_route=%2Fwp%2Fv2%2Ftags&post=225303"}],"curies":[{"name":"wp","href":"https:\/\/api.w.org\/{rel}","templated":true}]}}