{"id":225301,"date":"2024-11-05T15:58:10","date_gmt":"2024-11-05T18:58:10","guid":{"rendered":"https:\/\/diarioregionaldigital.com.br\/?p=225301"},"modified":"2024-11-05T15:58:10","modified_gmt":"2024-11-05T18:58:10","slug":"edital-de-convocacao-para-assembleia-geral-extraordinaria-05-11-2024","status":"publish","type":"post","link":"https:\/\/diarioregionaldigital.com.br\/?p=225301","title":{"rendered":"EDITAL DE CONVOCA\u00c7\u00c3O PARA ASSEMBLEIA GERAL EXTRAORDIN\u00c1RIA &#8211; 05\/11\/2024"},"content":{"rendered":"<p class=\"s6\"><span class=\"s5\"><span class=\"bumpedFont15\">Juiz de Fora, <\/span><\/span><span class=\"s5\"><span class=\"bumpedFont15\">0<\/span><\/span><span class=\"s5\"><span class=\"bumpedFont15\">4<\/span><\/span><span class=\"s5\"><span class=\"bumpedFont15\"> de <\/span><\/span><span class=\"s5\"><span class=\"bumpedFont15\">novembro<\/span><\/span><span class=\"s5\"><span class=\"bumpedFont15\"> de 202<\/span><\/span><span class=\"s5\"><span class=\"bumpedFont15\">4<\/span><\/span><span class=\"s5\"><span class=\"bumpedFont15\">.<\/span><\/span><\/p>\n<p class=\"s9\"><span class=\"s5\"><span class=\"bumpedFont15\">A <\/span><\/span><span class=\"s5\"><span class=\"bumpedFont15\">Presidente<\/span><\/span> <span class=\"s5\"><span class=\"bumpedFont15\">da Associa\u00e7\u00e3o Atl\u00e9tica Vasco da Gama<\/span><\/span><span class=\"s5\"><span class=\"bumpedFont15\">, no uso de suas atribui\u00e7\u00f5es <\/span><\/span><span class=\"s5\"><span class=\"bumpedFont15\">previstas no estatuto vigente<\/span><\/span><span class=\"s5\"><span class=\"bumpedFont15\">,<\/span><\/span> <span class=\"s5\"><span class=\"bumpedFont15\">vem por meio deste<\/span><\/span><span class=\"s5\"><span class=\"bumpedFont15\"> Edital<\/span><\/span> <span class=\"s5\"><span class=\"bumpedFont15\">para <\/span><\/span><span class=\"s5\"><span class=\"bumpedFont15\">convoca<\/span><\/span><span class=\"s5\"><span class=\"bumpedFont15\">r<\/span><\/span> <span class=\"s5\"><span class=\"bumpedFont15\">todos os associados <\/span><\/span><span class=\"s5\"><span class=\"bumpedFont15\">para <\/span><\/span><span class=\"s5\"><span class=\"bumpedFont15\">Assembleia Geral Extraordin\u00e1ria<\/span><\/span><span class=\"s5\"><span class=\"bumpedFont15\">,<\/span><\/span> <span class=\"s5\"><span class=\"bumpedFont15\">no que consiste ao artigo <\/span><\/span><span class=\"s5\"><span class=\"bumpedFont15\">59<\/span><\/span><span class=\"s5\"><span class=\"bumpedFont15\">,<\/span><\/span><span class=\"s5\"><span class=\"bumpedFont15\">inciso II do c\u00f3digo civil de 2002<\/span><\/span><span class=\"s5\"><span class=\"bumpedFont15\">,<\/span><\/span> <span class=\"s5\"><span class=\"bumpedFont15\">a realizar-se no pr\u00f3ximo dia<\/span><\/span> <span class=\"s5\"><span class=\"bumpedFont15\">12<\/span><\/span><span class=\"s5\"><span class=\"bumpedFont15\"> de <\/span><\/span><span class=\"s5\"><span class=\"bumpedFont15\">novembro<\/span><\/span><span class=\"s5\"><span class=\"bumpedFont15\"> de <\/span><\/span><span class=\"s5\"><span class=\"bumpedFont15\">2024<\/span><\/span><span class=\"s5\"><span class=\"bumpedFont15\">, <\/span><\/span><span class=\"s5\"><span class=\"bumpedFont15\">no segundo andar<\/span><\/span> <span class=\"s5\"><span class=\"bumpedFont15\">do <\/span><\/span><span class=\"s5\"><span class=\"bumpedFont15\">Serrano Hotel<\/span><\/span><span class=\"s5\"><span class=\"bumpedFont15\">, situado \u00e0 <\/span><\/span><span class=\"s7\"><span class=\"bumpedFont15\">R<\/span><\/span><span class=\"s7\"><span class=\"bumpedFont15\">ua<\/span><\/span><span class=\"s7\"><span class=\"bumpedFont15\"> Santa Rita, <\/span><\/span><span class=\"s7\"><span class=\"bumpedFont15\">n\u00b0 <\/span><\/span><span class=\"s7\"><span class=\"bumpedFont15\">399 &#8211; Centro, Juiz de Fora &#8211; MG<\/span><\/span><span class=\"s8\"><span class=\"bumpedFont15\">,<\/span><\/span><span class=\"s5\"><span class=\"bumpedFont15\"> iniciando-se os trabalhos \u00e0s <\/span><\/span><span class=\"s5\"><span class=\"bumpedFont15\">18h (dezoito horas)<\/span><\/span><span class=\"s5\"><span class=\"bumpedFont15\">, em primeira convoca\u00e7\u00e3o, <\/span><\/span><span class=\"s5\"><span class=\"bumpedFont15\">ou, no caso da<\/span><\/span><span class=\"s5\"><span class=\"bumpedFont15\"> falta d<\/span><\/span><span class=\"s5\"><span class=\"bumpedFont15\">o<\/span><\/span><span class=\"s5\"><span class=\"bumpedFont15\"> qu\u00f3rum <\/span><\/span><span class=\"s5\"><span class=\"bumpedFont15\">previsto pelo artigo <\/span><\/span><span class=\"s5\"><span class=\"bumpedFont15\">22\u00b0 do estatuto vigente,<\/span><\/span><span class=\"s5\"><span class=\"bumpedFont15\"> em segunda convoca\u00e7\u00e3o \u00e0s <\/span><\/span><span class=\"s5\"><span class=\"bumpedFont15\">19<\/span><\/span><span class=\"s5\"><span class=\"bumpedFont15\">h<\/span><\/span><span class=\"s5\"><span class=\"bumpedFont15\"> (<\/span><\/span><span class=\"s5\"><span class=\"bumpedFont15\">dezenove<\/span><\/span><span class=\"s5\"><span class=\"bumpedFont15\"> horas)<\/span><\/span><span class=\"s5\"><span class=\"bumpedFont15\">,<\/span><\/span><span class=\"s5\"><span class=\"bumpedFont15\"> quando dar-se-\u00e1 in\u00edcio aos trabalhos<\/span><\/span><span class=\"s5\"><span class=\"bumpedFont15\"> com <\/span><\/span><span class=\"s5\"><span class=\"bumpedFont15\">qualquer<\/span><\/span><span class=\"s5\"><span class=\"bumpedFont15\"> n\u00famero<\/span><\/span><span class=\"s5\"><span class=\"bumpedFont15\"> de presentes, a fim de <\/span><\/span><span class=\"s5\"><span class=\"bumpedFont15\">deliberarem sobre a seguinte ordem do dia<\/span><\/span><span class=\"s5\"><span class=\"bumpedFont15\">:<\/span><\/span><\/p>\n<div class=\"s11\"><span class=\"s10\">1. <\/span><span class=\"s5\"><span class=\"bumpedFont15\">Aprova\u00e7\u00e3o e r<\/span><\/span><span class=\"s5\"><span class=\"bumpedFont15\">eforma estatut\u00e1ria <\/span><\/span><span class=\"s5\"><span class=\"bumpedFont15\">nos moldes do <\/span><\/span><span class=\"s5\"><span class=\"bumpedFont15\">art<\/span><\/span><span class=\"s5\"><span class=\"bumpedFont15\">igo<\/span><\/span> <span class=\"s5\"><span class=\"bumpedFont15\">59, inciso II do c\u00f3digo civil de 2002<\/span><\/span><span class=\"s5\"><span class=\"bumpedFont15\">;<\/span><\/span><\/div>\n<div class=\"s11\"><span class=\"s10\">2. <\/span><span class=\"s5\"><span class=\"bumpedFont15\">Demais assuntos levantados pelos presentes, desde que n\u00e3o seja exigido ato pr\u00f3prio pelo estatuto.<\/span><\/span><\/div>\n<p class=\"s12\"><span class=\"s8\"><span class=\"bumpedFont15\">Cordialmente,<\/span><\/span><\/p>\n<p class=\"s3\"><span class=\"s8\"><span class=\"bumpedFont15\">Presid\u00eancia<\/span><\/span><span class=\"s8\"><span class=\"bumpedFont15\"> da A.A.V.G.<\/span><\/span><\/p>\n","protected":false},"excerpt":{"rendered":"<p>Juiz de Fora, 04 de novembro de 2024. A Presidente da Associa\u00e7\u00e3o Atl\u00e9tica Vasco da Gama, no uso de suas atribui\u00e7\u00f5es previstas no estatuto vigente, vem por meio deste Edital para convocar todos os associados para Assembleia Geral Extraordin\u00e1ria, no que consiste ao artigo 59,inciso II do c\u00f3digo civil de 2002, a realizar-se no pr\u00f3ximo [&hellip;]<\/p>\n","protected":false},"author":246,"featured_media":0,"comment_status":"closed","ping_status":"closed","sticky":false,"template":"","format":"standard","meta":{"footnotes":""},"categories":[307],"tags":[],"class_list":["post-225301","post","type-post","status-publish","format-standard","hentry","category-editais"],"_links":{"self":[{"href":"https:\/\/diarioregionaldigital.com.br\/index.php?rest_route=\/wp\/v2\/posts\/225301","targetHints":{"allow":["GET"]}}],"collection":[{"href":"https:\/\/diarioregionaldigital.com.br\/index.php?rest_route=\/wp\/v2\/posts"}],"about":[{"href":"https:\/\/diarioregionaldigital.com.br\/index.php?rest_route=\/wp\/v2\/types\/post"}],"author":[{"embeddable":true,"href":"https:\/\/diarioregionaldigital.com.br\/index.php?rest_route=\/wp\/v2\/users\/246"}],"replies":[{"embeddable":true,"href":"https:\/\/diarioregionaldigital.com.br\/index.php?rest_route=%2Fwp%2Fv2%2Fcomments&post=225301"}],"version-history":[{"count":1,"href":"https:\/\/diarioregionaldigital.com.br\/index.php?rest_route=\/wp\/v2\/posts\/225301\/revisions"}],"predecessor-version":[{"id":225302,"href":"https:\/\/diarioregionaldigital.com.br\/index.php?rest_route=\/wp\/v2\/posts\/225301\/revisions\/225302"}],"wp:attachment":[{"href":"https:\/\/diarioregionaldigital.com.br\/index.php?rest_route=%2Fwp%2Fv2%2Fmedia&parent=225301"}],"wp:term":[{"taxonomy":"category","embeddable":true,"href":"https:\/\/diarioregionaldigital.com.br\/index.php?rest_route=%2Fwp%2Fv2%2Fcategories&post=225301"},{"taxonomy":"post_tag","embeddable":true,"href":"https:\/\/diarioregionaldigital.com.br\/index.php?rest_route=%2Fwp%2Fv2%2Ftags&post=225301"}],"curies":[{"name":"wp","href":"https:\/\/api.w.org\/{rel}","templated":true}]}}