{"id":225298,"date":"2024-11-04T19:58:26","date_gmt":"2024-11-04T22:58:26","guid":{"rendered":"https:\/\/diarioregionaldigital.com.br\/?p=225298"},"modified":"2024-11-04T19:58:26","modified_gmt":"2024-11-04T22:58:26","slug":"gape-leva-orientacoes-sobre-bullying-e-racismo-para-pais-de-alunos","status":"publish","type":"post","link":"https:\/\/diarioregionaldigital.com.br\/?p=225298","title":{"rendered":"Gape leva orienta\u00e7\u00f5es sobre bullying e racismo para pais de alunos"},"content":{"rendered":"<p>Segundo informa\u00e7\u00f5es do site da Prefeitura de Juiz de Fora (PJF), nesta segunda-feira, 4, o projeto Guardas no Apoio e Preven\u00e7\u00e3o nas Escolas (Gape) promoveu um encontro com os pais dos alunos da Escola Municipal Carlos Drummond de Andrade, localizada no bairro Nova Era. O objetivo da reuni\u00e3o foi sensibilizar e orientar os respons\u00e1veis sobre o trabalho realizado nas escolas em rela\u00e7\u00e3o ao bullying e ao racismo.<\/p>\n<p>&nbsp;<\/p>\n<p>Durante a reuni\u00e3o, foram discutidos os sinais que as crian\u00e7as podem apresentar caso estejam sofrendo bullying, como recusa em ir \u00e0 escola, isolamento, choro, falta de interesse em atividades que antes gostavam e mudan\u00e7as repentinas de comportamento. \u201c\u00c9 fundamental acolher quem sofre e deixar claro que essas pr\u00e1ticas s\u00e3o crimes\u201d, enfatizou a GM Medeiros, coordenadora do Gape.<\/p>\n<p>&nbsp;<\/p>\n<p>Com a nova legisla\u00e7\u00e3o, publicada em 2024, as puni\u00e7\u00f5es para essas situa\u00e7\u00f5es tornaram-se mais claras. O Gape reconhece a import\u00e2ncia de orientar os pais, promovendo uma rede de apoio composta por escola, fam\u00edlia, \u00f3rg\u00e3os p\u00fablicos e sociedade civil, para que crian\u00e7as e adolescentes se sintam acolhidos e protegidos em todos os ambientes.<\/p>\n<p>&nbsp;<\/p>\n<p>A atividade realizada com os pais refor\u00e7a um dos objetivos previstos no primeiro Guia de Prote\u00e7\u00e3o e Seguran\u00e7a no Ambiente Escolar da Cidade de Juiz de Fora, lan\u00e7ado no ano passado pela Prefeitura. O guia tem como prop\u00f3sito conscientizar e orientar gestores, docentes, estudantes e a comunidade sobre seguran\u00e7a e condutas dentro das unidades escolares do munic\u00edpio.<\/p>\n<p>&nbsp;<\/p>\n<p>Numa iniciativa pioneira, o Guia busca contribuir para que a comunidade escolar esteja preparada para identificar situa\u00e7\u00f5es de risco e acionar de forma eficaz os canais e estruturas de atendimento. Al\u00e9m disso, estabelece caminhos para a colabora\u00e7\u00e3o em rede na preven\u00e7\u00e3o de viol\u00eancias e promo\u00e7\u00e3o da paz, apoiando as escolas no desenvolvimento de rotinas preventivas e de seguran\u00e7a.<\/p>\n<p>&nbsp;<\/p>\n<p>Para mais informa\u00e7\u00f5es, acesse o\u00a0<a href=\"https:\/\/www.pjf.mg.gov.br\/secretarias\/se\/arquivos\/guia-seguranca-escolar-%20atualizado.pdf\"><strong>Guia de Prote\u00e7\u00e3o e Seguran\u00e7a no Ambiente<\/strong><strong>\u00a0<\/strong><strong>Escolar<\/strong><\/a>.<\/p>\n","protected":false},"excerpt":{"rendered":"<p>Segundo informa\u00e7\u00f5es do site da Prefeitura de Juiz de Fora (PJF), nesta segunda-feira, 4, o projeto Guardas no Apoio e Preven\u00e7\u00e3o nas Escolas (Gape) promoveu um encontro com os pais dos alunos da Escola Municipal Carlos Drummond de Andrade, localizada no bairro Nova Era. O objetivo da reuni\u00e3o foi sensibilizar e orientar os respons\u00e1veis sobre [&hellip;]<\/p>\n","protected":false},"author":246,"featured_media":225299,"comment_status":"closed","ping_status":"closed","sticky":false,"template":"","format":"standard","meta":{"footnotes":""},"categories":[253,436,439],"tags":[],"class_list":["post-225298","post","type-post","status-publish","format-standard","has-post-thumbnail","hentry","category-cidade","category-destaque-da-semana","category-ultima-hora"],"_links":{"self":[{"href":"https:\/\/diarioregionaldigital.com.br\/index.php?rest_route=\/wp\/v2\/posts\/225298","targetHints":{"allow":["GET"]}}],"collection":[{"href":"https:\/\/diarioregionaldigital.com.br\/index.php?rest_route=\/wp\/v2\/posts"}],"about":[{"href":"https:\/\/diarioregionaldigital.com.br\/index.php?rest_route=\/wp\/v2\/types\/post"}],"author":[{"embeddable":true,"href":"https:\/\/diarioregionaldigital.com.br\/index.php?rest_route=\/wp\/v2\/users\/246"}],"replies":[{"embeddable":true,"href":"https:\/\/diarioregionaldigital.com.br\/index.php?rest_route=%2Fwp%2Fv2%2Fcomments&post=225298"}],"version-history":[{"count":1,"href":"https:\/\/diarioregionaldigital.com.br\/index.php?rest_route=\/wp\/v2\/posts\/225298\/revisions"}],"predecessor-version":[{"id":225300,"href":"https:\/\/diarioregionaldigital.com.br\/index.php?rest_route=\/wp\/v2\/posts\/225298\/revisions\/225300"}],"wp:featuredmedia":[{"embeddable":true,"href":"https:\/\/diarioregionaldigital.com.br\/index.php?rest_route=\/wp\/v2\/media\/225299"}],"wp:attachment":[{"href":"https:\/\/diarioregionaldigital.com.br\/index.php?rest_route=%2Fwp%2Fv2%2Fmedia&parent=225298"}],"wp:term":[{"taxonomy":"category","embeddable":true,"href":"https:\/\/diarioregionaldigital.com.br\/index.php?rest_route=%2Fwp%2Fv2%2Fcategories&post=225298"},{"taxonomy":"post_tag","embeddable":true,"href":"https:\/\/diarioregionaldigital.com.br\/index.php?rest_route=%2Fwp%2Fv2%2Ftags&post=225298"}],"curies":[{"name":"wp","href":"https:\/\/api.w.org\/{rel}","templated":true}]}}