{"id":225295,"date":"2024-11-04T19:56:21","date_gmt":"2024-11-04T22:56:21","guid":{"rendered":"https:\/\/diarioregionaldigital.com.br\/?p=225295"},"modified":"2024-11-04T19:56:21","modified_gmt":"2024-11-04T22:56:21","slug":"pjf-retira-mais-de-24-toneladas-de-lixo-das-bocas-de-lobo-no-mes-de-outubro","status":"publish","type":"post","link":"https:\/\/diarioregionaldigital.com.br\/?p=225295","title":{"rendered":"PJF retira mais de 24 toneladas de lixo das bocas de lobo no m\u00eas de outubro"},"content":{"rendered":"<p>Segundo informa\u00e7\u00f5es do site da Prefeitura de Juiz de Fora (PJF), a PJF recolheu no m\u00eas de outubro, 24 toneladas de lixo das bocas de lobo. Os trabalhos foram realizados em todas as zonas da cidade, com limpeza, desobstru\u00e7\u00e3o e manuten\u00e7\u00e3o de bocas de lobo, bueiros, po\u00e7os de visita e galerias de \u00e1guas pluviais. Para que os resultados destas interven\u00e7\u00f5es sejam duradouros, \u00e9 necess\u00e1rio que as pessoas colaborem, n\u00e3o jogando lixo e entulho nas ruas, c\u00f3rregos e bocas de lobo.<\/p>\n<p>Somente neste ano, foram recolhidos e encaminhados ao aterro sanit\u00e1rio mais de 195,7 toneladas de lixo retiradas das bocas de lobo e bueiros da cidade, em sua grande maioria, o pl\u00e1stico, como sacolas, garrafas pets, s\u00e3o os principais objetos encontrados, derivado do lixo dom\u00e9stico. A Prefeitura refor\u00e7a que o descarte irregular \u00e9 crime. Ao ver algu\u00e9m praticando o descarte irregular, denuncie atrav\u00e9s do n\u00famero: 3690-7984.<\/p>\n<p>&nbsp;<\/p>\n","protected":false},"excerpt":{"rendered":"<p>Segundo informa\u00e7\u00f5es do site da Prefeitura de Juiz de Fora (PJF), a PJF recolheu no m\u00eas de outubro, 24 toneladas de lixo das bocas de lobo. Os trabalhos foram realizados em todas as zonas da cidade, com limpeza, desobstru\u00e7\u00e3o e manuten\u00e7\u00e3o de bocas de lobo, bueiros, po\u00e7os de visita e galerias de \u00e1guas pluviais. Para [&hellip;]<\/p>\n","protected":false},"author":246,"featured_media":225296,"comment_status":"closed","ping_status":"closed","sticky":false,"template":"","format":"standard","meta":{"footnotes":""},"categories":[253,436,440,439],"tags":[],"class_list":["post-225295","post","type-post","status-publish","format-standard","has-post-thumbnail","hentry","category-cidade","category-destaque-da-semana","category-destaques-do-dia","category-ultima-hora"],"_links":{"self":[{"href":"https:\/\/diarioregionaldigital.com.br\/index.php?rest_route=\/wp\/v2\/posts\/225295","targetHints":{"allow":["GET"]}}],"collection":[{"href":"https:\/\/diarioregionaldigital.com.br\/index.php?rest_route=\/wp\/v2\/posts"}],"about":[{"href":"https:\/\/diarioregionaldigital.com.br\/index.php?rest_route=\/wp\/v2\/types\/post"}],"author":[{"embeddable":true,"href":"https:\/\/diarioregionaldigital.com.br\/index.php?rest_route=\/wp\/v2\/users\/246"}],"replies":[{"embeddable":true,"href":"https:\/\/diarioregionaldigital.com.br\/index.php?rest_route=%2Fwp%2Fv2%2Fcomments&post=225295"}],"version-history":[{"count":1,"href":"https:\/\/diarioregionaldigital.com.br\/index.php?rest_route=\/wp\/v2\/posts\/225295\/revisions"}],"predecessor-version":[{"id":225297,"href":"https:\/\/diarioregionaldigital.com.br\/index.php?rest_route=\/wp\/v2\/posts\/225295\/revisions\/225297"}],"wp:featuredmedia":[{"embeddable":true,"href":"https:\/\/diarioregionaldigital.com.br\/index.php?rest_route=\/wp\/v2\/media\/225296"}],"wp:attachment":[{"href":"https:\/\/diarioregionaldigital.com.br\/index.php?rest_route=%2Fwp%2Fv2%2Fmedia&parent=225295"}],"wp:term":[{"taxonomy":"category","embeddable":true,"href":"https:\/\/diarioregionaldigital.com.br\/index.php?rest_route=%2Fwp%2Fv2%2Fcategories&post=225295"},{"taxonomy":"post_tag","embeddable":true,"href":"https:\/\/diarioregionaldigital.com.br\/index.php?rest_route=%2Fwp%2Fv2%2Ftags&post=225295"}],"curies":[{"name":"wp","href":"https:\/\/api.w.org\/{rel}","templated":true}]}}