{"id":225289,"date":"2024-11-04T19:52:38","date_gmt":"2024-11-04T22:52:38","guid":{"rendered":"https:\/\/diarioregionaldigital.com.br\/?p=225289"},"modified":"2024-11-04T19:52:38","modified_gmt":"2024-11-04T22:52:38","slug":"governo-de-minas-incentiva-praticas-sustentaveis-na-agricultura-familiar-para-garantir-alimentacao-saudavel-nas-escolas","status":"publish","type":"post","link":"https:\/\/diarioregionaldigital.com.br\/?p=225289","title":{"rendered":"Governo de Minas incentiva pr\u00e1ticas sustent\u00e1veis na agricultura familiar para garantir alimenta\u00e7\u00e3o saud\u00e1vel nas escolas"},"content":{"rendered":"<p><main class=\"clear margin-md-bottom-3\"><\/p>\n<div class=\"clear \">\n<p>O\u00a0<a href=\"https:\/\/www.mg.gov.br\/\" target=\"_blank\" rel=\"noopener\">Governo de Minas<\/a>, por meio da\u00a0<a href=\"https:\/\/www.emater.mg.gov.br\/\" target=\"_blank\" rel=\"noopener\">Empresa Assist\u00eancia T\u00e9cnica e Extens\u00e3o Rural do Estado de Minas Gerais (Emater-MG)<\/a>, vem incentivando pequenos produtores que fornecem alimentos para o Programa Nacional de Alimenta\u00e7\u00e3o Escolar (Pnae) a fazer a transi\u00e7\u00e3o do uso de agrot\u00f3xicos para fertilizantes biol\u00f3gicos e naturais, proporcionando uma alimenta\u00e7\u00e3o mais saud\u00e1vel nas escolas mineiras.<\/p>\n<p>A iniciativa visa mostrar aos agricultores familiares que o manejo sustent\u00e1vel \u00e9 uma alternativa vi\u00e1vel economicamente, apresentando resultados positivos no combate a pragas, insetos e na qualidade do solo e que resulta numa alimenta\u00e7\u00e3o mais segura para os estudantes mineiros.<\/p>\n<p>O governador em exerc\u00edcio Professor Mateus esteve na zona rural de Curvelo, na regi\u00e3o Central de Minas, onde vistoriou a produ\u00e7\u00e3o da Fazenda Roda D\u2019\u00c1gua, que h\u00e1 um ano j\u00e1 vem realizando a mudan\u00e7a com o apoio da Emater-MG.<\/p>\n<p>A propriedade faz parte da Cooperativa dos Produtores Rurais da Agricultura Familiar e de Comunidades Tradicionais do Serrado Mineiro (CooperSerrado), formada por 30 fam\u00edlias que comercializam verduras, frutas e legumes para as escolas da regi\u00e3o.<\/p>\n<p><strong>Produ\u00e7\u00e3o mais segura e saud\u00e1vel<\/strong><\/p>\n<p>Ao conhecer o trabalho na fazenda, Professor Mateus destacou o esfor\u00e7o que a empresa vem fazendo no sentido de proporcionar uma produ\u00e7\u00e3o mais sustent\u00e1vel.<\/p>\n<p>\u201cObservamos aqui o apoio da Emater na dire\u00e7\u00e3o da agroecologia, para um manejo mais adequado e redu\u00e7\u00e3o do uso de qu\u00edmicos tamb\u00e9m no solo. Isso faz com que seja mais seguro produzir, e tamb\u00e9m faz com que a alimenta\u00e7\u00e3o produzida seja mais segura. Assim, estamos garantindo comida de qualidade e saud\u00e1vel para nossas crian\u00e7as, disse o governador em exerc\u00edcio.<\/p>\n<p>A mudan\u00e7a \u00e9 celebrada pela propriet\u00e1ria da Fazenda Roda D\u2019\u00c1gua, Norma L\u00facia Maciel Vieira, que al\u00e9m de produtora rural tamb\u00e9m \u00e9 cantineira em uma escola.<\/p>\n<p>\u201cA Emater d\u00e1 uma assist\u00eancia muito boa para n\u00f3s sempre que precisamos, em termos de documenta\u00e7\u00e3o, do apoio aqui do campo, do remanejo. E nessa transi\u00e7\u00e3o que est\u00e1 acontecendo agora, eles est\u00e3o sempre conosco. J\u00e1 faz quase um ano que n\u00e3o usamos o produto agrot\u00f3xico, s\u00f3 biol\u00f3gico, e os resultados s\u00e3o os melhores poss\u00edveis\u201d, contou a produtora.<\/p>\n<p>Por m\u00eas, a propriedade fornece para as escolas da regi\u00e3o cerca de quatro toneladas de bananas e outros produtos que s\u00e3o colhidos na \u00e9poca da safra.<\/p>\n<p>O extensionista agropecu\u00e1rio da Emater, J\u00falio C\u00e9sar Soares, acompanha de perto o processo de transi\u00e7\u00e3o do manejo para o fertilizante biol\u00f3gico nas propriedades da regi\u00e3o central de Minas.<\/p>\n<p>Ele destaca o interesse dos pr\u00f3prios produtores em se adequarem para fornecer um processo mais natural no fornecimento de alimento para as escolas.<\/p>\n<p>\u201cQuando come\u00e7amos a trabalhar com o Pnae, come\u00e7amos tamb\u00e9m a trabalhar com essa transi\u00e7\u00e3o do produtor para estar levando um alimento mais saud\u00e1vel para essas crian\u00e7as. E a conscientiza\u00e7\u00e3o foi muito interessante. Todos eles j\u00e1 procuraram melhorar o manejo caminhando pra alternativas naturais\u201d, explicou.<\/p>\n<p><strong>Agricultura familiar nas escolas<\/strong><\/p>\n<p>Desde o final de 2021 a Emater-MG e a\u00a0<a href=\"https:\/\/www.educacao.mg.gov.br\/\" target=\"_blank\" rel=\"noopener\">Secretaria de Estado de Educa\u00e7\u00e3o (SEE\/MG)<\/a>\u00a0t\u00eam contrato firmado para o fornecimento de produtos da agricultura familiar para a alimenta\u00e7\u00e3o escolar.<\/p>\n<p>Ao todo, foram atendidos carca de 22 mil agricultores familiares que fornecem produtos para 3.453 escolas p\u00fablicas estaduais em 800 munic\u00edpios mineiros.<\/p>\n<p>O investimento de recursos estaduais e federais para a compra de produtos da agricultura familiar para a alimenta\u00e7\u00e3o escolar em Minas Gerais foi de R$ 663,4 milh\u00f5es em 2023, sendo que R$ 215,7 milh\u00f5es foram designados para a compra de produtos da agricultura familiar<\/p>\n<p>A lei que regulamenta o Pnae estabelece que o m\u00ednimo 30% dos recursos repassados aos estados e munic\u00edpios pelo Fundo Nacional de Desenvolvimento da Educa\u00e7\u00e3o (FNDE), para a alimenta\u00e7\u00e3o escolar, devem ser utilizados na compra de alimentos produzidos pela agricultura familiar. Em 2023, Minas Gerais atingiu a marca 32,5%.<\/p>\n<p>Fonte: Ag\u00eancia Minas<\/p>\n<\/div>\n<p><\/main><\/p>\n","protected":false},"excerpt":{"rendered":"<p>O\u00a0Governo de Minas, por meio da\u00a0Empresa Assist\u00eancia T\u00e9cnica e Extens\u00e3o Rural do Estado de Minas Gerais (Emater-MG), vem incentivando pequenos produtores que fornecem alimentos para o Programa Nacional de Alimenta\u00e7\u00e3o Escolar (Pnae) a fazer a transi\u00e7\u00e3o do uso de agrot\u00f3xicos para fertilizantes biol\u00f3gicos e naturais, proporcionando uma alimenta\u00e7\u00e3o mais saud\u00e1vel nas escolas mineiras. A iniciativa [&hellip;]<\/p>\n","protected":false},"author":246,"featured_media":225290,"comment_status":"closed","ping_status":"closed","sticky":false,"template":"","format":"standard","meta":{"footnotes":""},"categories":[436,440,261,254,252,439],"tags":[],"class_list":["post-225289","post","type-post","status-publish","format-standard","has-post-thumbnail","hentry","category-destaque-da-semana","category-destaques-do-dia","category-economia","category-politica","category-regiao","category-ultima-hora"],"_links":{"self":[{"href":"https:\/\/diarioregionaldigital.com.br\/index.php?rest_route=\/wp\/v2\/posts\/225289","targetHints":{"allow":["GET"]}}],"collection":[{"href":"https:\/\/diarioregionaldigital.com.br\/index.php?rest_route=\/wp\/v2\/posts"}],"about":[{"href":"https:\/\/diarioregionaldigital.com.br\/index.php?rest_route=\/wp\/v2\/types\/post"}],"author":[{"embeddable":true,"href":"https:\/\/diarioregionaldigital.com.br\/index.php?rest_route=\/wp\/v2\/users\/246"}],"replies":[{"embeddable":true,"href":"https:\/\/diarioregionaldigital.com.br\/index.php?rest_route=%2Fwp%2Fv2%2Fcomments&post=225289"}],"version-history":[{"count":1,"href":"https:\/\/diarioregionaldigital.com.br\/index.php?rest_route=\/wp\/v2\/posts\/225289\/revisions"}],"predecessor-version":[{"id":225291,"href":"https:\/\/diarioregionaldigital.com.br\/index.php?rest_route=\/wp\/v2\/posts\/225289\/revisions\/225291"}],"wp:featuredmedia":[{"embeddable":true,"href":"https:\/\/diarioregionaldigital.com.br\/index.php?rest_route=\/wp\/v2\/media\/225290"}],"wp:attachment":[{"href":"https:\/\/diarioregionaldigital.com.br\/index.php?rest_route=%2Fwp%2Fv2%2Fmedia&parent=225289"}],"wp:term":[{"taxonomy":"category","embeddable":true,"href":"https:\/\/diarioregionaldigital.com.br\/index.php?rest_route=%2Fwp%2Fv2%2Fcategories&post=225289"},{"taxonomy":"post_tag","embeddable":true,"href":"https:\/\/diarioregionaldigital.com.br\/index.php?rest_route=%2Fwp%2Fv2%2Ftags&post=225289"}],"curies":[{"name":"wp","href":"https:\/\/api.w.org\/{rel}","templated":true}]}}