{"id":225286,"date":"2024-11-04T19:51:17","date_gmt":"2024-11-04T22:51:17","guid":{"rendered":"https:\/\/diarioregionaldigital.com.br\/?p=225286"},"modified":"2024-11-04T19:51:17","modified_gmt":"2024-11-04T22:51:17","slug":"governo-de-minas-lanca-programa-futuro-no-campo-para-estimular-protagonismo-e-permanencia-de-jovens-nas-atividades-rurais","status":"publish","type":"post","link":"https:\/\/diarioregionaldigital.com.br\/?p=225286","title":{"rendered":"Governo de Minas lan\u00e7a programa Futuro no Campo para estimular protagonismo e perman\u00eancia de jovens nas atividades rurais"},"content":{"rendered":"<p><main class=\"clear margin-md-bottom-3\"><\/p>\n<div class=\"clear \">\n<p>A perman\u00eancia dos jovens no campo e sua sucess\u00e3o na agricultura familiar s\u00e3o essenciais para a produ\u00e7\u00e3o de alimentos e a continuidade das atividades agr\u00edcolas no Brasil.<\/p>\n<p>Diante desse desafio, o\u00a0<a href=\"https:\/\/www.mg.gov.br\/\" target=\"_blank\" rel=\"noopener\">Governo de Minas<\/a>, por meio da\u00a0<a href=\"https:\/\/www.emater.mg.gov.br\/\" target=\"_blank\" rel=\"noopener\">Empresa de Assist\u00eancia T\u00e9cnica e Extens\u00e3o Rural do Estado de Minas Gerais (Emater-MG)<\/a>, lan\u00e7ou nesta segunda-feira (4\/11) o programa Futuro no Campo, com participa\u00e7\u00e3o do governador em exerc\u00edcio Professor Mateus e de jovens rurais de v\u00e1rios munic\u00edpios mineiros.<\/p>\n<p>O programa Futuro no Campo quer estimular o protagonismo dessa parcela da popula\u00e7\u00e3o e apoiar os processos de sucess\u00e3o. A iniciativa \u00e9 um importante passo diante do envelhecimento populacional no campo.<\/p>\n<p>O governador em exerc\u00edcio lembrou que dificuldades em manter as fam\u00edlias a partir da produ\u00e7\u00e3o acaba afastando os filhos de alguns pequenos agricultores do meio rural.<\/p>\n<table border=\"0\" cellspacing=\"1\" cellpadding=\"1\" align=\"center\">\n<tbody>\n<tr>\n<td colspan=\"5\"><img decoding=\"async\" src=\"https:\/\/www.agenciaminas.mg.gov.br\/ckeditor_assets\/pictures\/20949\/content_2_olho_topo.jpg\" alt=\"\" \/><\/td>\n<\/tr>\n<tr>\n<td><\/td>\n<td colspan=\"3\" rowspan=\"3\">\n<h1><strong>&#8220;O que estamos promovendo com o Futuro no Campo \u00e9 a garantia da capacita\u00e7\u00e3o t\u00e9cnica dessas fam\u00edlias e desses jovens para que eles n\u00e3o s\u00f3 tenham condi\u00e7\u00f5es de ficar, mas que possam fazer isso com dignidade&#8221;, explicou Professor Mateus.<\/strong><\/h1>\n<\/td>\n<td><\/td>\n<\/tr>\n<tr>\n<td><\/td>\n<td><\/td>\n<\/tr>\n<tr>\n<td><\/td>\n<td><\/td>\n<\/tr>\n<tr>\n<td colspan=\"5\"><img decoding=\"async\" src=\"https:\/\/www.agenciaminas.mg.gov.br\/ckeditor_assets\/pictures\/20950\/content_2_olho_inferior.jpg\" alt=\"\" \/><\/td>\n<\/tr>\n<\/tbody>\n<\/table>\n<p>Com o projeto, ser\u00e1 poss\u00edvel promover o desenvolvimento econ\u00f4mico, social e educacional no meio rural mineiro, incentivando a gera\u00e7\u00e3o de renda, a melhoria da qualidade de vida e a sucess\u00e3o nas propriedades familiares.<\/p>\n<p>O programa vai oferecer capacita\u00e7\u00f5es em gest\u00e3o de empreendimentos, cooperativismo, comercializa\u00e7\u00e3o e inclus\u00e3o digital, fortalecendo o protagonismo e a perman\u00eancia dos jovens no campo.<\/p>\n<p>Os cursos ser\u00e3o oferecidos em formato h\u00edbrido (presencial e virtual), proporcionando flexibilidade e maior alcance. Ao longo do processo, os jovens selecionados contar\u00e3o com acompanhamento t\u00e9cnico mensal da Emater-MG.<\/p>\n<p><strong>Participa\u00e7\u00e3o<\/strong><\/p>\n<p>Em 2025, o Futuro no Campo vai atender 500 jovens e vai abranger os projetos Jovens do Caf\u00e9, Jovens do Leite e Jovem Empreendedor Rural (Olericultura, Fruticultura, Apicultura e Avicultura de Postura).<\/p>\n<p>A sele\u00e7\u00e3o de munic\u00edpios e jovens beneficiados seguir\u00e1 crit\u00e9rios definidos no edital que ser\u00e1 disponibilizado no site da Emater-MG.<\/p>\n<p>Poder\u00e3o participar pessoas com idades entre 16 e 29 anos, agricultores ou filhos de agricultores familiares, produtores rurais que estejam enquadrados no processo familiar de produ\u00e7\u00e3o rural.<\/p>\n<p>O edital ser\u00e1 voltado para a\u00e7\u00f5es de fomento, como notebooks, sementes, mudas, adubos, equipamentos. Cada jovem poder\u00e1 se inscrever em um \u00fanico projeto.<\/p>\n<p>O valor para implanta\u00e7\u00e3o do programa Futuro no Campo \u00e9 de aproximadamente R$ 1,9 milh\u00e3o. Os recursos s\u00e3o da Emater-MG, mas poder\u00e3o vir de outras fontes p\u00fablicas (municipal, estadual e federal) e privadas.<\/p>\n<p>O v\u00eddeo do lan\u00e7amento do Futuro no Campo est\u00e1 dispon\u00edvel no\u00a0<a href=\"https:\/\/www.youtube.com\/watch?v=iJDWWxRRGOk\" target=\"_blank\" rel=\"noopener\">canal da Emater-MG no Youtube<\/a>.<\/p>\n<p><strong>Sucess\u00e3o<\/strong><\/p>\n<p>Continuar no interior \u00e9 o plano de vida de Isadora Louren\u00e7o Marques, 25 anos, estudante do 3\u00ba ano da Escola Fam\u00edlia Agr\u00edcola Paulo Freire. Atualmente ela ajuda na produ\u00e7\u00e3o rural da fam\u00edlia, em Corinto, na regi\u00e3o Central de Minas, e pretende continuar o legado dos seus pais trabalhando com a produ\u00e7\u00e3o de verduras e legumes.<\/p>\n<p>\u201cO jovem que nasce na fazenda nem sempre tem a chance e o incentivo pra continuar com a atividade da fam\u00edlia e tem que ir para a cidade atr\u00e1s de oportunidades. Por isso vejo que um projeto como este, que incentiva a continuidade, \u00e9 importante. Sempre vivi na zona rural, nunca vivi na cidade, e quero me aposentar na ro\u00e7a\u201d, afirmou.<\/p>\n<p><strong>Cen\u00e1rio em Minas<\/strong><\/p>\n<p>De acordo com o Censo Agropecu\u00e1rio 2017 (IBGE), pessoas com mais de 65 anos representam 21,4% dos moradores de \u00e1reas rurais, sendo que em 2006, quando foi realizado o \u00faltimo levantamento, representavam 17,52%.<\/p>\n<p>J\u00e1 a popula\u00e7\u00e3o com idade entre 25 anos e 35 anos, s\u00e3o 9,48% do contingente, bem abaixo dos 13,56% do censo anterior.<\/p>\n<p>\u201cN\u00f3s estamos com o campo envelhecido, conforme os dados do Censo Agropecu\u00e1rio, e precisamos incentivar os jovens a assumirem as propriedades e ver atratividade no trabalho rural\u201d, salientou o diretor-presidente da Emater-MG, Ot\u00e1vio Maia.<\/p>\n<p>O anu\u00e1rio 2023 da Confedera\u00e7\u00e3o Nacional dos Trabalhadores na Agricultura (Contag), feito em parceria com o Departamento Intersindical de Estat\u00edstica e Estudos Socioecon\u00f4micos (Dieese), mostra que a redu\u00e7\u00e3o da popula\u00e7\u00e3o rural no pa\u00eds \u00e9 um fen\u00f4meno que afeta principalmente os mais jovens e est\u00e1 ligado \u00e0 falta de perspectivas de trabalho e estudo no campo.<\/p>\n<p>A popula\u00e7\u00e3o com idade entre 18 e 59 anos, considerada apta para o trabalho, diminuiu em quase 1 milh\u00e3o de pessoas de 2012 a 2022. Em 2010, cerca de 7,6 milh\u00f5es de jovens nessa faixa et\u00e1ria viviam no campo. J\u00e1 em 2022, o n\u00famero caiu para aproximadamente 6,4 milh\u00f5es.<\/p>\n<p>Fonte: Ag\u00eancia Minas<\/p>\n<\/div>\n<p><\/main><\/p>\n","protected":false},"excerpt":{"rendered":"<p>A perman\u00eancia dos jovens no campo e sua sucess\u00e3o na agricultura familiar s\u00e3o essenciais para a produ\u00e7\u00e3o de alimentos e a continuidade das atividades agr\u00edcolas no Brasil. Diante desse desafio, o\u00a0Governo de Minas, por meio da\u00a0Empresa de Assist\u00eancia T\u00e9cnica e Extens\u00e3o Rural do Estado de Minas Gerais (Emater-MG), lan\u00e7ou nesta segunda-feira (4\/11) o programa Futuro [&hellip;]<\/p>\n","protected":false},"author":246,"featured_media":225287,"comment_status":"closed","ping_status":"closed","sticky":false,"template":"","format":"standard","meta":{"footnotes":""},"categories":[436,440,261,254,252,439],"tags":[],"class_list":["post-225286","post","type-post","status-publish","format-standard","has-post-thumbnail","hentry","category-destaque-da-semana","category-destaques-do-dia","category-economia","category-politica","category-regiao","category-ultima-hora"],"_links":{"self":[{"href":"https:\/\/diarioregionaldigital.com.br\/index.php?rest_route=\/wp\/v2\/posts\/225286","targetHints":{"allow":["GET"]}}],"collection":[{"href":"https:\/\/diarioregionaldigital.com.br\/index.php?rest_route=\/wp\/v2\/posts"}],"about":[{"href":"https:\/\/diarioregionaldigital.com.br\/index.php?rest_route=\/wp\/v2\/types\/post"}],"author":[{"embeddable":true,"href":"https:\/\/diarioregionaldigital.com.br\/index.php?rest_route=\/wp\/v2\/users\/246"}],"replies":[{"embeddable":true,"href":"https:\/\/diarioregionaldigital.com.br\/index.php?rest_route=%2Fwp%2Fv2%2Fcomments&post=225286"}],"version-history":[{"count":1,"href":"https:\/\/diarioregionaldigital.com.br\/index.php?rest_route=\/wp\/v2\/posts\/225286\/revisions"}],"predecessor-version":[{"id":225288,"href":"https:\/\/diarioregionaldigital.com.br\/index.php?rest_route=\/wp\/v2\/posts\/225286\/revisions\/225288"}],"wp:featuredmedia":[{"embeddable":true,"href":"https:\/\/diarioregionaldigital.com.br\/index.php?rest_route=\/wp\/v2\/media\/225287"}],"wp:attachment":[{"href":"https:\/\/diarioregionaldigital.com.br\/index.php?rest_route=%2Fwp%2Fv2%2Fmedia&parent=225286"}],"wp:term":[{"taxonomy":"category","embeddable":true,"href":"https:\/\/diarioregionaldigital.com.br\/index.php?rest_route=%2Fwp%2Fv2%2Fcategories&post=225286"},{"taxonomy":"post_tag","embeddable":true,"href":"https:\/\/diarioregionaldigital.com.br\/index.php?rest_route=%2Fwp%2Fv2%2Ftags&post=225286"}],"curies":[{"name":"wp","href":"https:\/\/api.w.org\/{rel}","templated":true}]}}