{"id":225275,"date":"2024-11-01T18:11:17","date_gmt":"2024-11-01T21:11:17","guid":{"rendered":"https:\/\/diarioregionaldigital.com.br\/?p=225275"},"modified":"2024-11-01T18:11:17","modified_gmt":"2024-11-01T21:11:17","slug":"campanha-de-multivacinacao-das-criancas-e-adolescentes-comeca-na-proxima-segunda-4","status":"publish","type":"post","link":"https:\/\/diarioregionaldigital.com.br\/?p=225275","title":{"rendered":"Campanha de Multivacina\u00e7\u00e3o das Crian\u00e7as e Adolescentes come\u00e7a na pr\u00f3xima segunda, 4"},"content":{"rendered":"<p>Segundo informa\u00e7\u00f5es do site da Prefeitura de Juiz de Fora (PJF), a Prefeitura de Juiz de Fora (PJF) realiza, entre os dias 4 e 29 de novembro, a Campanha de Multivacina\u00e7\u00e3o nas Unidades B\u00e1sicas de Sa\u00fade (UBS) de Juiz de Fora, com o intuito de <strong>atualizar o cart\u00e3o vacinal das crian\u00e7as e dos adolescentes at\u00e9 14 anos, 11 meses e 29 dias<\/strong>.\u00a0<strong>No dia 23 de novembro, s\u00e1bado, ser\u00e1 realizado o Dia D de Mobiliza\u00e7\u00e3o da Campanha, com locais diferenciados.\u00a0<\/strong><\/p>\n<p>&nbsp;<\/p>\n<p>Ser\u00e3o oferecidos,<strong>\u00a0durante o hor\u00e1rio de funcionamento das UBS\u2019s e tamb\u00e9m no Departamento de Sa\u00fade da Mulher, Gestante, Crian\u00e7a e Adolescente (DSMGCA)<\/strong>, diversos imunizantes como as vacinas tr\u00edplice viral, hepatite B, papilomav\u00edrus humano (HPV), contra hepatite A, rotav\u00edrus humano, meningoc\u00f3cica ACWY, meningoc\u00f3cica C, pneumoc\u00f3cica, pentavalente, contra febre amarela e contra poliomielite.\u00a0<strong>Confira abaixo os hor\u00e1rios de vacina\u00e7\u00e3o das unidades de sa\u00fade.<\/strong><\/p>\n<p>&nbsp;<\/p>\n<p><strong>Para se vacinar, as crian\u00e7as devem estar na presen\u00e7a dos pais ou respons\u00e1veis. \u00c9 necess\u00e1rio apresentar documento de identifica\u00e7\u00e3o, cart\u00e3o SUS ou Certid\u00e3o de Nascimento, al\u00e9m<\/strong>\u00a0<strong>da caderneta de vacina\u00e7\u00e3o, para que seja avaliada tamb\u00e9m a necessidade da aplica\u00e7\u00e3o de outras vacinas.\u00a0<\/strong><\/p>\n<p>&nbsp;<\/p>\n<p>Importante destacar que, a partir do pr\u00f3ximo dia 4,\u00a0 come\u00e7a a ser aplicada apenas a vacina inativada poliomielite (VIP) em dose \u00fanica, substituindo a tradicional vacina oral poliomielite bivalente (VOPb), a gotinha, aplicada em duas doses de refor\u00e7o, conforme descrito no informe t\u00e9cnico do Minist\u00e9rio da Sa\u00fade.<\/p>\n<p>&nbsp;<\/p>\n<p>O \u00faltimo caso de infec\u00e7\u00e3o pelo poliov\u00edrus no Brasil ocorreu em 1989. Em 1994, o Pa\u00eds recebeu a certifica\u00e7\u00e3o de \u00e1rea livre de circula\u00e7\u00e3o do poliov\u00edrus selvagem do seu territ\u00f3rio, juntamente com os demais pa\u00edses das Am\u00e9ricas. O Pa\u00eds est\u00e1 h\u00e1 34 anos sem a doen\u00e7a e contabiliza 47 anos de sucesso de uso da VOP nas estrat\u00e9gias de vacina\u00e7\u00e3o do no combate contra a poliomielite desde que foi introduzida de forma oficial em 1977.<\/p>\n<p>&nbsp;<\/p>\n<p>Essa substitui\u00e7\u00e3o foi amplamente discutida na Reuni\u00e3o da C\u00e2mara T\u00e9cnica Assessora em Imuniza\u00e7\u00f5es (CTAI), com a participa\u00e7\u00e3o dos representantes da Sociedade Cient\u00edfica, com o Conselho Nacional de Secret\u00e1rios de Sa\u00fade (Conass), Conselho Nacional de Secretarias Municipais de Sa\u00fade (Conasems), Organiza\u00e7\u00e3o Pan-Americana da Sa\u00fade (Opas) e Organiza\u00e7\u00e3o Mundial da Sa\u00fade (OMS).<\/p>\n<p>&nbsp;<\/p>\n<p><strong>Hor\u00e1rio de funcionamento das Salas de Vacina:<\/strong><\/p>\n<p>&nbsp;<\/p>\n<p><strong>Unidades B\u00e1sicas de Sa\u00fade (UBS), de segunda \u00e0 sexta, das 9 \u00e0s 18h, e das 8h \u00e0s 11h, aos s\u00e1bados:<\/strong><\/p>\n<p>&nbsp;<\/p>\n<p>Alto Graja\u00fa<\/p>\n<p>Bairro Industrial<\/p>\n<p>Bandeirantes<\/p>\n<p>Borboleta<\/p>\n<p>Centro Sul<\/p>\n<p>Cidade do Sol<\/p>\n<p>Cruzeiro do Sul<\/p>\n<p>Dom Bosco<\/p>\n<p>Esplanada<\/p>\n<p>Filgueiras<\/p>\n<p>Furtado de Menezes<\/p>\n<p>Grama<\/p>\n<p>Granjas Beth\u00e2nia<\/p>\n<p>Ipiranga<\/p>\n<p>Jardim Esperan\u00e7a<\/p>\n<p>Jardim Natal<\/p>\n<p>J\u00f3quei Clube I<\/p>\n<p>J\u00f3quei Clube II<\/p>\n<p>Linhares<\/p>\n<p>Marumbi<\/p>\n<p>Milho Branco<\/p>\n<p>Monte Castelo<\/p>\n<p>Nossa Senhora Aparecida<\/p>\n<p>Nossa Senhora das Gra\u00e7as<\/p>\n<p>Nossa Senhora de Lourdes<\/p>\n<p>Nova Era<\/p>\n<p>Progresso<\/p>\n<p>Retiro<\/p>\n<p>Santa Cec\u00edlia<\/p>\n<p>Santa Cruz<\/p>\n<p>Santa Efig\u00eania<\/p>\n<p>Santa Luzia<\/p>\n<p>Santa Rita<\/p>\n<p>Santo Ant\u00f4nio<\/p>\n<p>Santos Dumont<\/p>\n<p>S\u00e3o Benedito<\/p>\n<p>S\u00e3o Judas Tadeu<\/p>\n<p>S\u00e3o Pedro<\/p>\n<p>S\u00e3o Sebasti\u00e3o<\/p>\n<p>Teixeiras<\/p>\n<p>Vale Verde<\/p>\n<p>Vila Esperan\u00e7a<\/p>\n<p>Vila Ideal<\/p>\n<p>&nbsp;<\/p>\n<p><strong>Unidades B\u00e1sicas de Sa\u00fade (UBS), de segunda \u00e0 sexta, das 9 \u00e0s 16h, e das 8h \u00e0s 11h, aos s\u00e1bados:<\/strong><\/p>\n<p>&nbsp;<\/p>\n<p>Jardim da Lua<\/p>\n<p>Barreira do Triunfo<\/p>\n<p>Parque Guarani<\/p>\n<p>Vila Esperan\u00e7a<\/p>\n<p>Vila Olavo Costa<\/p>\n<p>&nbsp;<\/p>\n<p><strong>Unidades B\u00e1sicas de Sa\u00fade (UBS) da Zona Rural, segunda \u00e0 sexta-feira:<\/strong><\/p>\n<p>&nbsp;<\/p>\n<p>Sarandira: Quintas-feiras, das 8h \u00e0s 14h<\/p>\n<p>Igrejinha: 8h \u00e0s 11h e das 12h \u00e0s 15h30<\/p>\n<p>Monte Verde: 8h30 \u00e0s 11h e das 12h30 \u00e0s 15h<\/p>\n<p>Torre\u00f5es: 8h30 \u00e0s 11h e das 12h30 \u00e0s 15h<\/p>\n<p>Toledos: Segundas-feiras, 8h \u00e0s 11h<\/p>\n<p>Humait\u00e1: 8h \u00e0s 11h e das 12h30 \u00e0s 15h30<\/p>\n<p>Valadares: 8h \u00e0s 11h e das 12h30 \u00e0s 15h<\/p>\n<p>Pirapetinga: Ter\u00e7as-feiras<\/p>\n<p>Caet\u00e9: 7h30 \u00e0s 11h e das 12h \u00e0s 15h30<\/p>\n<p>Volante: Vacina\u00e7\u00e3o di\u00e1ria, conforme escala do \u00f4nibus da equipe volante<\/p>\n<p>&nbsp;<\/p>\n<p><strong>Unidades B\u00e1sicas de Sa\u00fade (UBS) da Zona Rural, quinzenalmente:<\/strong><\/p>\n<p>&nbsp;<\/p>\n<p>Chap\u00e9u Duvas<\/p>\n<p>Dias Tavares<\/p>\n<p>Penido<\/p>\n<p>Ros\u00e1rio<\/p>\n<p>Paula Lima<\/p>\n<p>&nbsp;<\/p>\n<p><strong>Departamento de Sa\u00fade da Mulher, Gestante, Crian\u00e7a e Adolescente (DSMGCA) &#8211; 8h \u00e0s 15h, de segunda \u00e0 sexta-feira<\/strong><\/p>\n","protected":false},"excerpt":{"rendered":"<p>Segundo informa\u00e7\u00f5es do site da Prefeitura de Juiz de Fora (PJF), a Prefeitura de Juiz de Fora (PJF) realiza, entre os dias 4 e 29 de novembro, a Campanha de Multivacina\u00e7\u00e3o nas Unidades B\u00e1sicas de Sa\u00fade (UBS) de Juiz de Fora, com o intuito de atualizar o cart\u00e3o vacinal das crian\u00e7as e dos adolescentes at\u00e9 [&hellip;]<\/p>\n","protected":false},"author":246,"featured_media":225276,"comment_status":"closed","ping_status":"closed","sticky":false,"template":"","format":"standard","meta":{"footnotes":""},"categories":[253,436,439],"tags":[],"class_list":["post-225275","post","type-post","status-publish","format-standard","has-post-thumbnail","hentry","category-cidade","category-destaque-da-semana","category-ultima-hora"],"_links":{"self":[{"href":"https:\/\/diarioregionaldigital.com.br\/index.php?rest_route=\/wp\/v2\/posts\/225275","targetHints":{"allow":["GET"]}}],"collection":[{"href":"https:\/\/diarioregionaldigital.com.br\/index.php?rest_route=\/wp\/v2\/posts"}],"about":[{"href":"https:\/\/diarioregionaldigital.com.br\/index.php?rest_route=\/wp\/v2\/types\/post"}],"author":[{"embeddable":true,"href":"https:\/\/diarioregionaldigital.com.br\/index.php?rest_route=\/wp\/v2\/users\/246"}],"replies":[{"embeddable":true,"href":"https:\/\/diarioregionaldigital.com.br\/index.php?rest_route=%2Fwp%2Fv2%2Fcomments&post=225275"}],"version-history":[{"count":1,"href":"https:\/\/diarioregionaldigital.com.br\/index.php?rest_route=\/wp\/v2\/posts\/225275\/revisions"}],"predecessor-version":[{"id":225277,"href":"https:\/\/diarioregionaldigital.com.br\/index.php?rest_route=\/wp\/v2\/posts\/225275\/revisions\/225277"}],"wp:featuredmedia":[{"embeddable":true,"href":"https:\/\/diarioregionaldigital.com.br\/index.php?rest_route=\/wp\/v2\/media\/225276"}],"wp:attachment":[{"href":"https:\/\/diarioregionaldigital.com.br\/index.php?rest_route=%2Fwp%2Fv2%2Fmedia&parent=225275"}],"wp:term":[{"taxonomy":"category","embeddable":true,"href":"https:\/\/diarioregionaldigital.com.br\/index.php?rest_route=%2Fwp%2Fv2%2Fcategories&post=225275"},{"taxonomy":"post_tag","embeddable":true,"href":"https:\/\/diarioregionaldigital.com.br\/index.php?rest_route=%2Fwp%2Fv2%2Ftags&post=225275"}],"curies":[{"name":"wp","href":"https:\/\/api.w.org\/{rel}","templated":true}]}}