{"id":225272,"date":"2024-11-01T18:09:03","date_gmt":"2024-11-01T21:09:03","guid":{"rendered":"https:\/\/diarioregionaldigital.com.br\/?p=225272"},"modified":"2024-11-01T18:09:03","modified_gmt":"2024-11-01T21:09:03","slug":"inscricoes-abertas-para-oficinas-gratuitas-do-primeiro-plano-festival-de-cinema-de-juiz-de-fora-e-mercocidades","status":"publish","type":"post","link":"https:\/\/diarioregionaldigital.com.br\/?p=225272","title":{"rendered":"Inscri\u00e7\u00f5es abertas para oficinas gratuitas do Primeiro Plano \u2013 Festival de Cinema de Juiz de Fora e Mercocidades"},"content":{"rendered":"<p>Segundo informa\u00e7\u00f5es do site da Prefeitura de Juiz de Fora (PJF), est\u00e3o abertas at\u00e9 o dia 6 de novembro as inscri\u00e7\u00f5es para as oficinas tem\u00e1ticas do Primeiro Plano \u2013 Festival de Cinema de Juiz de Fora e Mercocidades. As imers\u00f5es fazem parte da programa\u00e7\u00e3o do festival que, este ano, acontece entre os dias 12 e 17 de novembro no Teatro Municipal Paschoal Carlos Magno. As inscri\u00e7\u00f5es podem ser feitas atrav\u00e9s do <a href=\"http:\/\/primeiroplano.art.br\/\">site<\/a>\u00a0e tamb\u00e9m\u00a0<a href=\"https:\/\/docs.google.com\/forms\/d\/e\/1FAIpQLSdWXCaLRew0FpCUijnG1ZttOZDh4CDEtzCTEKk8JcaKMDb4jQ\/viewform?usp=send_form\">neste link<\/a>.<\/p>\n<div><\/div>\n<div>As oficinas tem\u00e1ticas s\u00e3o oferecidas para profissionais que buscam aperfei\u00e7oamento, estudantes e entusiastas do cinema. As vagas s\u00e3o limitadas e, por isso, poder\u00e1 haver sele\u00e7\u00e3o pr\u00e9via dos candidatos, a partir das suas pr\u00f3prias afinidades com o tema.<\/div>\n<div><\/div>\n<div>Este ano, ser\u00e3o oferecidas 125 vagas, para as seguintes oficinas:\u00a0<strong>Edi\u00e7\u00e3o de Som para Cinema e Audiovisual,<\/strong>\u00a0com Thiago Sobral;\u00a0<strong>Assist\u00eancia de Dire\u00e7\u00e3o,<\/strong>\u00a0com Jana\u00edna Ferreira;\u00a0<strong>Document\u00e1rio: Evocar palavras e arquivos,<\/strong>\u00a0com Tomyo Costa Ito;\u00a0<strong>Dire\u00e7\u00e3o Cinematogr\u00e1fica,<\/strong>\u00a0com Julio Mart\u00ed;<strong>\u00a0Dire\u00e7\u00e3o de Fotografia: A luz no cinema em teoria e pr\u00e1tica<\/strong>, com Tiago Scorza;\u00a0<strong>Cr\u00edtica Cinematogr\u00e1fica,\u00a0<\/strong>\u00a0com Luiz Carlos Oliveira Jr.; e\u00a0<strong>Preserva\u00e7\u00e3o Audovisual: Hist\u00f3ria, Princ\u00edpios e Pr\u00e1ticas,<\/strong>\u00a0um minicurso promovido pela Cipav e Minas \u00e9 Cinema com a UFJF e ministrado por Lila Foster.<\/div>\n<div><\/div>\n<div><strong>O Primeiro Plano 2024<\/strong><\/div>\n<div><\/div>\n<div>O Primeiro Plano 2024, que chega \u00e0 sua 23\u00aa edi\u00e7\u00e3o, j\u00e1 teve a programa\u00e7\u00e3o definida e divulgada. Ao todo s\u00e3o 26 filmes da Mostra Competitiva Mercocidades e 31 da Mostra Competitiva Regional, formada por produ\u00e7\u00f5es de realizadores da Zona da Mata e Campo das Vertentes de Minas Gerais. Todos os filmes ser\u00e3o exibidos no Teatro Municipal.<\/div>\n<div>A solenidade de abertura do festival acontece no dia 12, \u00e0s 20h, com a exibi\u00e7\u00e3o do longa-metragem in\u00e9dito na cidade\u00a0<strong>\u00c9 a Hora da Estrela<\/strong>, de Suzana Amaral<strong>.\u00a0<\/strong>A entrada \u00e9 gratuita.<\/div>\n<div><\/div>\n<p>Veja a programa\u00e7\u00e3o completa neste\u00a0<a href=\"https:\/\/docs.google.com\/document\/d\/18LiTLN-5H2WYezTW7in7QDh3XjDu02DmbZE7LPaDG_M\/edit?usp=sharing\"><strong>link<\/strong><\/a><strong>.<\/strong><\/p>\n","protected":false},"excerpt":{"rendered":"<p>Segundo informa\u00e7\u00f5es do site da Prefeitura de Juiz de Fora (PJF), est\u00e3o abertas at\u00e9 o dia 6 de novembro as inscri\u00e7\u00f5es para as oficinas tem\u00e1ticas do Primeiro Plano \u2013 Festival de Cinema de Juiz de Fora e Mercocidades. As imers\u00f5es fazem parte da programa\u00e7\u00e3o do festival que, este ano, acontece entre os dias 12 e [&hellip;]<\/p>\n","protected":false},"author":246,"featured_media":225273,"comment_status":"closed","ping_status":"closed","sticky":false,"template":"","format":"standard","meta":{"footnotes":""},"categories":[253,436,440,439],"tags":[],"class_list":["post-225272","post","type-post","status-publish","format-standard","has-post-thumbnail","hentry","category-cidade","category-destaque-da-semana","category-destaques-do-dia","category-ultima-hora"],"_links":{"self":[{"href":"https:\/\/diarioregionaldigital.com.br\/index.php?rest_route=\/wp\/v2\/posts\/225272","targetHints":{"allow":["GET"]}}],"collection":[{"href":"https:\/\/diarioregionaldigital.com.br\/index.php?rest_route=\/wp\/v2\/posts"}],"about":[{"href":"https:\/\/diarioregionaldigital.com.br\/index.php?rest_route=\/wp\/v2\/types\/post"}],"author":[{"embeddable":true,"href":"https:\/\/diarioregionaldigital.com.br\/index.php?rest_route=\/wp\/v2\/users\/246"}],"replies":[{"embeddable":true,"href":"https:\/\/diarioregionaldigital.com.br\/index.php?rest_route=%2Fwp%2Fv2%2Fcomments&post=225272"}],"version-history":[{"count":1,"href":"https:\/\/diarioregionaldigital.com.br\/index.php?rest_route=\/wp\/v2\/posts\/225272\/revisions"}],"predecessor-version":[{"id":225274,"href":"https:\/\/diarioregionaldigital.com.br\/index.php?rest_route=\/wp\/v2\/posts\/225272\/revisions\/225274"}],"wp:featuredmedia":[{"embeddable":true,"href":"https:\/\/diarioregionaldigital.com.br\/index.php?rest_route=\/wp\/v2\/media\/225273"}],"wp:attachment":[{"href":"https:\/\/diarioregionaldigital.com.br\/index.php?rest_route=%2Fwp%2Fv2%2Fmedia&parent=225272"}],"wp:term":[{"taxonomy":"category","embeddable":true,"href":"https:\/\/diarioregionaldigital.com.br\/index.php?rest_route=%2Fwp%2Fv2%2Fcategories&post=225272"},{"taxonomy":"post_tag","embeddable":true,"href":"https:\/\/diarioregionaldigital.com.br\/index.php?rest_route=%2Fwp%2Fv2%2Ftags&post=225272"}],"curies":[{"name":"wp","href":"https:\/\/api.w.org\/{rel}","templated":true}]}}