{"id":225266,"date":"2024-11-01T18:03:38","date_gmt":"2024-11-01T21:03:38","guid":{"rendered":"https:\/\/diarioregionaldigital.com.br\/?p=225266"},"modified":"2024-11-01T18:03:38","modified_gmt":"2024-11-01T21:03:38","slug":"encontro-do-cetran-mg-fortalece-articulacao-entre-orgaos-e-entidades-ligados-ao-transito","status":"publish","type":"post","link":"https:\/\/diarioregionaldigital.com.br\/?p=225266","title":{"rendered":"Encontro do Cetran-MG fortalece articula\u00e7\u00e3o entre \u00f3rg\u00e3os e entidades ligados ao tr\u00e2nsito"},"content":{"rendered":"<p>O Conselho Estadual de Tr\u00e2nsito do Estado de Minas Gerais (Cetran-MG), que integra a \u00e1rea de compet\u00eancia da\u00a0<a href=\"https:\/\/www.mg.gov.br\/planejamento\" target=\"_blank\" rel=\"noopener\">Secretaria de Estado de Planejamento e Gest\u00e3o (Seplag-MG)<\/a>, realizou um encontro, nessa quinta-feira (31\/10), no Pal\u00e1cio Tiradentes, em Belo Horizonte, reunindo \u00f3rg\u00e3os e entidades ligados ao Conselho.<\/p>\n<p>O Cetran-MG \u00e9 o \u00f3rg\u00e3o colegiado, normativo, consultivo, de planejamento e coordenador do Sistema Estadual de Tr\u00e2nsito do Estado de Minas Gerais, respons\u00e1vel pelo julgamento em segunda inst\u00e2ncia dos recursos interpostos contra penalidades aplicadas por \u00f3rg\u00e3os e entidades executivos de tr\u00e2nsito e rodovi\u00e1rio do Estado de Minas Gerais e dos munic\u00edpios.<\/p>\n<p>Na reuni\u00e3o, foram contextualizados a atua\u00e7\u00e3o do Cetran-MG, o cen\u00e1rio atual e a din\u00e2mica de trabalho. Tamb\u00e9m foi criado um ambiente de debate sobre os pap\u00e9is e atribui\u00e7\u00f5es do Cetran-MG, al\u00e9m de trocas de experi\u00eancias entre os participantes.<\/p>\n<p>Al\u00e9m da Coordenadoria Estadual de Gest\u00e3o de Tr\u00e2nsito (CET-MG), participaram a diretora do Departamento de Seguran\u00e7a no Tr\u00e2nsito da Secretaria Nacional de Tr\u00e2nsito (Senatran), Maria Alice Nascimento Souza, a presidente do F\u00f3rum Nacional dos Conselhos Estaduais de Tr\u00e2nsito (Focotran), Regina Maria Duarte, e os demais conselheiros do Cetran-MG.<\/p>\n<p>\u201cO encontro fortaleceu a articula\u00e7\u00e3o entre \u00f3rg\u00e3os e entidades ligados ao Cetran-MG com os entes federais Senatran e Focotran. Na gest\u00e3o estadual, a CET-MG e o Cetran-MG est\u00e3o empenhados em mobilizar esfor\u00e7os junto aos nossos parceiros para realizar a\u00e7\u00f5es que promovam melhores mobilidade e conviv\u00eancia para um tr\u00e2nsito mais seguro e com menos mortes em Minas Gerais&#8221;, afirmou o chefe de Tr\u00e2nsito, Lucas Vilas Boas.<\/p>\n<p><b>Compet\u00eancia do Cetran-MG<\/b><\/p>\n<p>O Conselho \u00e9 regido de acordo com as compet\u00eancias que lhe conferem o C\u00f3digo de Tr\u00e2nsito Brasileiro, Resolu\u00e7\u00f5es do Conselho Nacional de Tr\u00e2nsito (Contran), necess\u00e1rias ao cumprimento de suas atribui\u00e7\u00f5es legais e ao seu Regimento Interno.<\/p>\n<p>Compete ao Cetran-MG exercer as atribui\u00e7\u00f5es estabelecidas no artigo 14 do C\u00f3digo de Tr\u00e2nsito Brasileiro, al\u00e9m de:<\/p>\n<p>I &#8211; acompanhar o funcionamento dos \u00f3rg\u00e3os ou entidades integrantes do Sistema Nacional de Tr\u00e2nsito, em \u00e2mbito estadual;<\/p>\n<p>II &#8211; receber a documenta\u00e7\u00e3o dos munic\u00edpios relativos \u00e0 integra\u00e7\u00e3o ao Sistema Nacional de Tr\u00e2nsito, promovendo as a\u00e7\u00f5es previstas em Resolu\u00e7\u00f5es espec\u00edficas editadas pelo Contran;<\/p>\n<p>III &#8211; propor medidas para o aperfei\u00e7oamento da legisla\u00e7\u00e3o de tr\u00e2nsito;<\/p>\n<p>IV \u2013 elaborar e encaminhar propostas ao Contran para fixa\u00e7\u00e3o de metas anuais de redu\u00e7\u00e3o de \u00edndice de mortos, conforme estabelecido no Plano Nacional de Redu\u00e7\u00e3o de Mortes e Les\u00f5es no Tr\u00e2nsito (PNATRANS).<\/p>\n<p>Fonte: Ag\u00eancia Minas<\/p>\n","protected":false},"excerpt":{"rendered":"<p>O Conselho Estadual de Tr\u00e2nsito do Estado de Minas Gerais (Cetran-MG), que integra a \u00e1rea de compet\u00eancia da\u00a0Secretaria de Estado de Planejamento e Gest\u00e3o (Seplag-MG), realizou um encontro, nessa quinta-feira (31\/10), no Pal\u00e1cio Tiradentes, em Belo Horizonte, reunindo \u00f3rg\u00e3os e entidades ligados ao Conselho. O Cetran-MG \u00e9 o \u00f3rg\u00e3o colegiado, normativo, consultivo, de planejamento e [&hellip;]<\/p>\n","protected":false},"author":246,"featured_media":225267,"comment_status":"closed","ping_status":"closed","sticky":false,"template":"","format":"standard","meta":{"footnotes":""},"categories":[436,261,254,252,439],"tags":[],"class_list":["post-225266","post","type-post","status-publish","format-standard","has-post-thumbnail","hentry","category-destaque-da-semana","category-economia","category-politica","category-regiao","category-ultima-hora"],"_links":{"self":[{"href":"https:\/\/diarioregionaldigital.com.br\/index.php?rest_route=\/wp\/v2\/posts\/225266","targetHints":{"allow":["GET"]}}],"collection":[{"href":"https:\/\/diarioregionaldigital.com.br\/index.php?rest_route=\/wp\/v2\/posts"}],"about":[{"href":"https:\/\/diarioregionaldigital.com.br\/index.php?rest_route=\/wp\/v2\/types\/post"}],"author":[{"embeddable":true,"href":"https:\/\/diarioregionaldigital.com.br\/index.php?rest_route=\/wp\/v2\/users\/246"}],"replies":[{"embeddable":true,"href":"https:\/\/diarioregionaldigital.com.br\/index.php?rest_route=%2Fwp%2Fv2%2Fcomments&post=225266"}],"version-history":[{"count":1,"href":"https:\/\/diarioregionaldigital.com.br\/index.php?rest_route=\/wp\/v2\/posts\/225266\/revisions"}],"predecessor-version":[{"id":225268,"href":"https:\/\/diarioregionaldigital.com.br\/index.php?rest_route=\/wp\/v2\/posts\/225266\/revisions\/225268"}],"wp:featuredmedia":[{"embeddable":true,"href":"https:\/\/diarioregionaldigital.com.br\/index.php?rest_route=\/wp\/v2\/media\/225267"}],"wp:attachment":[{"href":"https:\/\/diarioregionaldigital.com.br\/index.php?rest_route=%2Fwp%2Fv2%2Fmedia&parent=225266"}],"wp:term":[{"taxonomy":"category","embeddable":true,"href":"https:\/\/diarioregionaldigital.com.br\/index.php?rest_route=%2Fwp%2Fv2%2Fcategories&post=225266"},{"taxonomy":"post_tag","embeddable":true,"href":"https:\/\/diarioregionaldigital.com.br\/index.php?rest_route=%2Fwp%2Fv2%2Ftags&post=225266"}],"curies":[{"name":"wp","href":"https:\/\/api.w.org\/{rel}","templated":true}]}}