{"id":225263,"date":"2024-11-01T18:00:26","date_gmt":"2024-11-01T21:00:26","guid":{"rendered":"https:\/\/diarioregionaldigital.com.br\/?p=225263"},"modified":"2024-11-01T18:00:26","modified_gmt":"2024-11-01T21:00:26","slug":"governo-de-minas-registra-numero-recorde-de-inscritos-em-estande-na-35a-feira-nacional-de-artesanato","status":"publish","type":"post","link":"https:\/\/diarioregionaldigital.com.br\/?p=225263","title":{"rendered":"Governo de Minas registra n\u00famero recorde de inscritos em estande na 35\u00aa Feira Nacional de Artesanato"},"content":{"rendered":"<p>O\u00a0<a href=\"https:\/\/desenvolvimento.mg.gov.br\/inicio\/editais\/edital\/336\" target=\"_blank\" rel=\"noopener\">edital da\u00a035\u00aa Feira Nacional de Artesanato<\/a>\u00a0alcan\u00e7ou\u00a0recorde de inscri\u00e7\u00f5es em 2024. O n\u00famero &#8211; cerca de 300 interessados &#8211;\u00a0reflete a efetividade dessa pol\u00edtica p\u00fablica do\u00a0<a href=\"http:\/\/www.mg.gov.br\/\" target=\"_blank\" rel=\"noopener\">Governo de Minas<\/a>, por meio da\u00a0<a id=\"OWA50d8398f-36d2-3f56-0e9f-85fc012408b2\" href=\"https:\/\/desenvolvimento.mg.gov.br\/\" target=\"_blank\" rel=\"noopener\">Secretaria de Estado de Desenvolvimento Econ\u00f4mico (Sede-MG)<\/a>, para\u00a0incentivar e promover o setor de artesanato. Al\u00e9md isso, o resultado evidencia o interesse dos artes\u00e3os mineiros em participar dos eventos que potencializam a gera\u00e7\u00e3o de renda.<\/p>\n<p>Na oportunidade, o governo estadual, via\u00a0Sede-MG e com o apoio do\u00a0<a id=\"OWAd9367cc6-4ac5-edb7-ef0b-a18a7a5f07d9\" href=\"http:\/\/www.idene.mg.gov.br\/v1\/\" target=\"_blank\" rel=\"noopener\">Instituto de Desenvolvimento do Norte e Nordeste de Minas Gerais (Idene)<\/a>, disponibilizar\u00e1 um espa\u00e7o coletivo, de aproximadamente 500 metros quadrados, para os artes\u00e3os mineiros inscritos participarem da 35\u00aa edi\u00e7\u00e3o da feira, entre os dias 4 e 8\/12, no Expominas, em Belo Horizonte.<\/p>\n<p>Para poder impulsionar a produ\u00e7\u00e3o artesanal e gerar renda em\u00a0um dos maiores eventos do g\u00eanero na Am\u00e9rica Latina, foram oferecidas 70 vagas, sendo 30 destinadas a associa\u00e7\u00f5es, grupos e cooperativas, e 40 para artes\u00e3os individuais.<\/p>\n<p>&#8220;O n\u00famero de inscri\u00e7\u00f5es deste ano incentiva o Governo de Minas\u00a0a trabalhar ainda mais para expandir o n\u00famero de oportunidades para os artes\u00e3os mineiros, especialmente em eventos como este. Em 2023, j\u00e1 tivemos um recorde com 217 inscri\u00e7\u00f5es\u00a0e, agora, novamente, esses trabalhadores podem transformar seus talentos em gera\u00e7\u00e3o de renda&#8221;, afirma o subsecret\u00e1rio de Liberdade Econ\u00f4mica e Empreendedorismo, Rodrigo Melo.<\/p>\n<p>A lista definitiva de classificados &#8211; artes\u00e3os individuais e entidades &#8211; ser\u00e1 disponibilizada oficialmente no dia 7\/11,\u00a0<a href=\"http:\/\/desenvolvimento.mg.gov.br\/inicio\/editais\/edital\/336\" target=\"_blank\" rel=\"noopener\">neste link<\/a>, sob responsabilidade da Sede-MG.<\/p>\n<p><strong>Sobre o evento<\/strong><\/p>\n<p>Nesta 35\u00aa edi\u00e7\u00e3o, com o tema &#8216;Os Vales de Minas&#8217;, em homenagem aos vales do Jequitinhonha, Mucuri, Rio Doce e \u00e0s cidades pr\u00f3ximas ao Rio S\u00e3o Francisco, a Feira Nacional de Artesanato espera contar com 3,5 mil\u00a0expositores de mais de 200 munic\u00edpios mineiros, distribu\u00eddos em 700 estandes. A expectativa \u00e9 atrair\u00a0130 mil visitantes nos cinco dias de programa\u00e7\u00e3o.<\/p>\n<p>Al\u00e9m do estande do Governo de Minas, a Sede-MG tamb\u00e9m apoia outras duas \u00e1reas no evento,\u00a0com o Sebrae Minas e Instituto Centro de Capacita\u00e7\u00e3o e Apoio ao Empreendedor (Centro Cape).<\/p>\n<p>Ao todo, a feira vai gerar mais de 2 mil ocupa\u00e7\u00f5es, incluindo prestadores de servi\u00e7o de seguran\u00e7a, limpeza, recepcionistas, brigadas, servi\u00e7o m\u00e9dico, montadoras, sonoriza\u00e7\u00e3o, apresenta\u00e7\u00f5es culturais, al\u00e9m de servi\u00e7os de divulga\u00e7\u00e3o e comunica\u00e7\u00e3o.<\/p>\n<p>A proje\u00e7\u00e3o dos organizadores \u00e9 que a\u00a0movimenta\u00e7\u00e3o leve uma venda direta dos artes\u00e3os de mais de R$ 50 milh\u00f5es, al\u00e9m dos contatos para as vendas futuras.<\/p>\n<p>A programa\u00e7\u00e3o completa e outros detalhes da feira podem ser consultados no\u00a0<a id=\"OWA1c263941-c752-6e46-4d2d-65145845d29d\" href=\"https:\/\/www.feiranacionaldeartesanato.com.br\/\" target=\"_blank\" rel=\"noopener\">site oficial do evento<\/a>.<\/p>\n<p>Fonte: Ag\u00eancia Minas<\/p>\n","protected":false},"excerpt":{"rendered":"<p>O\u00a0edital da\u00a035\u00aa Feira Nacional de Artesanato\u00a0alcan\u00e7ou\u00a0recorde de inscri\u00e7\u00f5es em 2024. O n\u00famero &#8211; cerca de 300 interessados &#8211;\u00a0reflete a efetividade dessa pol\u00edtica p\u00fablica do\u00a0Governo de Minas, por meio da\u00a0Secretaria de Estado de Desenvolvimento Econ\u00f4mico (Sede-MG), para\u00a0incentivar e promover o setor de artesanato. Al\u00e9md isso, o resultado evidencia o interesse dos artes\u00e3os mineiros em participar dos [&hellip;]<\/p>\n","protected":false},"author":246,"featured_media":225264,"comment_status":"closed","ping_status":"closed","sticky":false,"template":"","format":"standard","meta":{"footnotes":""},"categories":[436,440,261,254,252,439],"tags":[],"class_list":["post-225263","post","type-post","status-publish","format-standard","has-post-thumbnail","hentry","category-destaque-da-semana","category-destaques-do-dia","category-economia","category-politica","category-regiao","category-ultima-hora"],"_links":{"self":[{"href":"https:\/\/diarioregionaldigital.com.br\/index.php?rest_route=\/wp\/v2\/posts\/225263","targetHints":{"allow":["GET"]}}],"collection":[{"href":"https:\/\/diarioregionaldigital.com.br\/index.php?rest_route=\/wp\/v2\/posts"}],"about":[{"href":"https:\/\/diarioregionaldigital.com.br\/index.php?rest_route=\/wp\/v2\/types\/post"}],"author":[{"embeddable":true,"href":"https:\/\/diarioregionaldigital.com.br\/index.php?rest_route=\/wp\/v2\/users\/246"}],"replies":[{"embeddable":true,"href":"https:\/\/diarioregionaldigital.com.br\/index.php?rest_route=%2Fwp%2Fv2%2Fcomments&post=225263"}],"version-history":[{"count":1,"href":"https:\/\/diarioregionaldigital.com.br\/index.php?rest_route=\/wp\/v2\/posts\/225263\/revisions"}],"predecessor-version":[{"id":225265,"href":"https:\/\/diarioregionaldigital.com.br\/index.php?rest_route=\/wp\/v2\/posts\/225263\/revisions\/225265"}],"wp:featuredmedia":[{"embeddable":true,"href":"https:\/\/diarioregionaldigital.com.br\/index.php?rest_route=\/wp\/v2\/media\/225264"}],"wp:attachment":[{"href":"https:\/\/diarioregionaldigital.com.br\/index.php?rest_route=%2Fwp%2Fv2%2Fmedia&parent=225263"}],"wp:term":[{"taxonomy":"category","embeddable":true,"href":"https:\/\/diarioregionaldigital.com.br\/index.php?rest_route=%2Fwp%2Fv2%2Fcategories&post=225263"},{"taxonomy":"post_tag","embeddable":true,"href":"https:\/\/diarioregionaldigital.com.br\/index.php?rest_route=%2Fwp%2Fv2%2Ftags&post=225263"}],"curies":[{"name":"wp","href":"https:\/\/api.w.org\/{rel}","templated":true}]}}