{"id":225260,"date":"2024-11-01T17:58:34","date_gmt":"2024-11-01T20:58:34","guid":{"rendered":"https:\/\/diarioregionaldigital.com.br\/?p=225260"},"modified":"2024-11-01T17:58:34","modified_gmt":"2024-11-01T20:58:34","slug":"minas-gerais-atinge-10-gw-na-geracao-de-energia-solar-e-se-mantem-lider-no-brasil","status":"publish","type":"post","link":"https:\/\/diarioregionaldigital.com.br\/?p=225260","title":{"rendered":"Minas Gerais atinge 10 GW na gera\u00e7\u00e3o de energia solar e se mant\u00e9m l\u00edder no Brasil"},"content":{"rendered":"<p>Minas Gerais celebra mais um marco hist\u00f3rico em sua trajet\u00f3ria rumo \u00e0 transi\u00e7\u00e3o energ\u00e9tica sustent\u00e1vel. Nesta semana, o estado atingiu 10 GW de pot\u00eancia fiscalizada em energia solar fotovoltaica. Com o resultado, Minas mant\u00e9m a lideran\u00e7a no ranking nacional em gera\u00e7\u00e3o centralizada, representando cerca de 36,4% da produ\u00e7\u00e3o brasileira, e marca uma posi\u00e7\u00e3o de protagonismo global na transi\u00e7\u00e3o energ\u00e9tica.<\/p>\n<p>O resultado adv\u00e9m de a\u00e7\u00f5es do\u00a0<a href=\"https:\/\/www.mg.gov.br\/\" target=\"_blank\" rel=\"noopener\">Governo de Minas<\/a>, por meio da\u00a0<a href=\"https:\/\/desenvolvimento.mg.gov.br\/\" target=\"_blank\" rel=\"noopener\">Secretaria de Estado de Desenvolvimento Econ\u00f4mico de Minas Gerais (Sede-MG)<\/a>, para incentivar o setor, com projetos como o\u00a0<a id=\"OWA9d07dedf-197a-a00a-9690-e5facd91cba1\" href=\"https:\/\/desenvolvimento.mg.gov.br\/inicio\/projetos\/projeto\/1079#:~:text=O%20Sol%20de%20Minas%20%C3%A9,setor%20de%20energia%20solar%20fotovoltaica.\" target=\"_blank\" rel=\"noopener noreferrer\" data-auth=\"NotApplicable\" data-linkindex=\"3\">Sol de Minas<\/a>, que estabelece incentivos fiscais e pol\u00edticas p\u00fablicas para impulsionar a atra\u00e7\u00e3o de investimentos e o empreendedorismo no setor, trazendo benef\u00edcios socioecon\u00f4micos para a popula\u00e7\u00e3o mineira.<\/p>\n<p>Desde o programa, criado em 2019, foram acrescentados 9,42 GW de pot\u00eancia fotovoltaica, ou seja, um crescimento de 1.600%. Al\u00e9m disso, os investimentos privados em energia solar saltaram de R$ 6,9 bilh\u00f5es e 371 empregos, para R$ 76,5 bilh\u00f5es e quase 7 mil empregos no mesmo intervalo.<\/p>\n<p>O governador Romeu Zema celebra mais um passo hist\u00f3rico rumo \u00e0 transi\u00e7\u00e3o energ\u00e9tica. &#8220;Acabamos de atingir a marca de 10 Gigawatts de pot\u00eancia fiscalizada de energia solar fotovoltaica. Isso mostra que Minas est\u00e1 no caminho certo para avan\u00e7ar e reafirmamos nosso compromisso com a produ\u00e7\u00e3o nacional de energia limpa. Desde o in\u00edcio da minha gest\u00e3o, temos trabalhado para incentivar e atrair novos investimentos para esse setor. Reunimos, aqui em Minas, a maior concentra\u00e7\u00e3o de usinas fotovoltaicas do pa\u00eds&#8221;, salienta.<\/p>\n<p>O secret\u00e1rio de Estado de Desenvolvimento Econ\u00f4mico, Fernando Passalio, destaca que, com o marco de 10 GW em energia solar, o estado supera a capacidade instalada de energia fotovoltaica de pa\u00edses como Portugal e Egito, que possuem respectivamente cerca de 8 GW e 5 GW.<\/p>\n<p>\u201cNa pr\u00e1tica, Minas Gerais \u00e9 um \u2018pa\u00eds\u2019 de destaque no cen\u00e1rio global de energia limpa, a partir de pol\u00edticas p\u00fablicas que t\u00eam no setor privado um importante aliado na transi\u00e7\u00e3o energ\u00e9tica. E o benef\u00edcio para a popula\u00e7\u00e3o \u00e9 evidente: de 2019 pra c\u00e1, temos dez vezes mais investimentos privados e vinte vezes mais empregos, nesse que j\u00e1 \u00e9 o terceiro setor que mais atrai recursos para Minas\u201d, afirma o secret\u00e1rio de Estado de Desenvolvimento Econ\u00f4mico.<\/p>\n<p><strong>Compromisso ambiental e socioecon\u00f4mico<\/strong><\/p>\n<p>Considerando o consumo m\u00e9dio das resid\u00eancias brasileiras, uma pot\u00eancia instalada de 10 GW \u00e9 suficiente para atender mais de 7 milh\u00f5es de casas. Esse impacto direto na vida da popula\u00e7\u00e3o evidencia a import\u00e2ncia das empresas que atuam no setor e contribuem para o aumento de gera\u00e7\u00e3o dessa energia limpa.<\/p>\n<p>O subsecret\u00e1rio de Atra\u00e7\u00e3o de Investimentos e Cadeias Produtivas, Frederico Amaral, tamb\u00e9m comemora o marco e destaca a relev\u00e2ncia do projeto Sol de Minas.<\/p>\n<p>\u201cCom muita satisfa\u00e7\u00e3o, celebramos esses 10 gigawatts de pot\u00eancia outorgada de energia fotovoltaica alcan\u00e7ados por Minas Gerais. \u00c9 um marco muito importante na cadeia de energia solar do estado. Isso reflete o sucesso do programa Sol de Minas junto da pol\u00edtica do Governo de Minas de simplifica\u00e7\u00e3o da atra\u00e7\u00e3o de investimentos\u201d, aponta Amaral.<\/p>\n<p><strong>Refer\u00eancia nacional<\/strong><\/p>\n<p>Dos 10 GW,\u00a0 5,79 GW s\u00e3o de gera\u00e7\u00e3o centralizada, em que Minas lidera o ranking nacional, representando 36,4% da produ\u00e7\u00e3o brasileira. Essa gera\u00e7\u00e3o tamb\u00e9m corresponde a 26,02% da matriz el\u00e9trica do estado.<\/p>\n<p>A gera\u00e7\u00e3o centralizada tamb\u00e9m consolida Minas como principal estado em pot\u00eancia outorgada no Brasil, ultrapassando a soma dos estados que ocupam o segundo e o terceiro lugares nesse ranking \u2013 Bahia (2,4 GW) e Piau\u00ed (2,1 GW). Com rela\u00e7\u00e3o \u00e0 gera\u00e7\u00e3o distribu\u00edda, o estado ocupa o segundo lugar (4,21 GW), estando atr\u00e1s somente de S\u00e3o Paulo (4,70 GW).<\/p>\n<p>J\u00e1 a soma da gera\u00e7\u00e3o de energia centralizada e distribu\u00edda consolida Minas como protagonista em energia solar, e corresponde a 89,28% da pot\u00eancia da maior usina hidrel\u00e9trica do Brasil, Belo Monte (11,2 GW), superando, inclusive, a capacidade da segunda maior, Tucuru\u00ed (8,5 GW).<\/p>\n<p>Minas tamb\u00e9m acumula uma pot\u00eancia equivalente a mais de oito vezes a da Hidrel\u00e9trica de Furnas, localizada em S\u00e3o Jos\u00e9 da Barra, no Sul de Minas, que possui uma capacidade instalada de 1,2 GW.<\/p>\n<p>O complexo solar H\u00e9lio Valgas, situado no munic\u00edpio de V\u00e1rzea da Palma, tem pot\u00eancia instalada de 662 MWp, o suficiente para abastecer uma cidade de 800 mil resid\u00eancias ou cerca de 3 milh\u00f5es de pessoas. A usina iniciou a opera\u00e7\u00e3o no munic\u00edpio em julho de 2023 e j\u00e1 tem alcan\u00e7ado resultados positivos no setor.<\/p>\n<p>Para o especialista em Energia Solar da usina, Mario Morais, s\u00f3 existe progresso se existe energia dispon\u00edvel.<\/p>\n<p>\u201cQuanto mais gera\u00e7\u00e3o de energia no sistema, melhor para o nosso estado e para nosso pa\u00eds. As ind\u00fastrias n\u00e3o ser\u00e3o impactadas negativamente com o desligamento de fornos ou de m\u00e1quinas, o que pode causar desemprego e afetar diretamente a produ\u00e7\u00e3o de bens e servi\u00e7os\u201d, explica Mario.<\/p>\n<p><strong>Projetos que trazem resultados<\/strong><\/p>\n<p>Para compreender o sucesso de Minas Gerais na gera\u00e7\u00e3o solar fotovoltaica, \u00e9 fundamental ressaltar o papel do Projeto Sol de Minas, programa que estimula empreendimentos solares e promove a atra\u00e7\u00e3o de empresas, proporcionando a ado\u00e7\u00e3o de sistemas de gera\u00e7\u00e3o distribu\u00edda.<\/p>\n<p>Entre suas frentes de atua\u00e7\u00e3o, destacam-se a capacita\u00e7\u00e3o dos gestores municipais para a atra\u00e7\u00e3o de investimentos e cria\u00e7\u00e3o de pol\u00edticas p\u00fablicas; a ado\u00e7\u00e3o de incentivos fiscais para produ\u00e7\u00e3o de energia el\u00e9trica de fontes renov\u00e1veis, atrav\u00e9s da Lei 23.762\/2021, que prev\u00ea a redu\u00e7\u00e3o do ICMS; e a simplifica\u00e7\u00e3o do procedimento de licenciamento ambiental para gera\u00e7\u00e3o de energia solar, por meio da Delibera\u00e7\u00e3o Normativa n\u00ba 235\/2019 do Conselho Estadual de Pol\u00edtica Ambiental (Copam).<\/p>\n<p>Fonte: Ag\u00eancia Minas<\/p>\n","protected":false},"excerpt":{"rendered":"<p>Minas Gerais celebra mais um marco hist\u00f3rico em sua trajet\u00f3ria rumo \u00e0 transi\u00e7\u00e3o energ\u00e9tica sustent\u00e1vel. Nesta semana, o estado atingiu 10 GW de pot\u00eancia fiscalizada em energia solar fotovoltaica. Com o resultado, Minas mant\u00e9m a lideran\u00e7a no ranking nacional em gera\u00e7\u00e3o centralizada, representando cerca de 36,4% da produ\u00e7\u00e3o brasileira, e marca uma posi\u00e7\u00e3o de protagonismo [&hellip;]<\/p>\n","protected":false},"author":246,"featured_media":225261,"comment_status":"closed","ping_status":"closed","sticky":false,"template":"","format":"standard","meta":{"footnotes":""},"categories":[436,440,261,254,252,439],"tags":[],"class_list":["post-225260","post","type-post","status-publish","format-standard","has-post-thumbnail","hentry","category-destaque-da-semana","category-destaques-do-dia","category-economia","category-politica","category-regiao","category-ultima-hora"],"_links":{"self":[{"href":"https:\/\/diarioregionaldigital.com.br\/index.php?rest_route=\/wp\/v2\/posts\/225260","targetHints":{"allow":["GET"]}}],"collection":[{"href":"https:\/\/diarioregionaldigital.com.br\/index.php?rest_route=\/wp\/v2\/posts"}],"about":[{"href":"https:\/\/diarioregionaldigital.com.br\/index.php?rest_route=\/wp\/v2\/types\/post"}],"author":[{"embeddable":true,"href":"https:\/\/diarioregionaldigital.com.br\/index.php?rest_route=\/wp\/v2\/users\/246"}],"replies":[{"embeddable":true,"href":"https:\/\/diarioregionaldigital.com.br\/index.php?rest_route=%2Fwp%2Fv2%2Fcomments&post=225260"}],"version-history":[{"count":1,"href":"https:\/\/diarioregionaldigital.com.br\/index.php?rest_route=\/wp\/v2\/posts\/225260\/revisions"}],"predecessor-version":[{"id":225262,"href":"https:\/\/diarioregionaldigital.com.br\/index.php?rest_route=\/wp\/v2\/posts\/225260\/revisions\/225262"}],"wp:featuredmedia":[{"embeddable":true,"href":"https:\/\/diarioregionaldigital.com.br\/index.php?rest_route=\/wp\/v2\/media\/225261"}],"wp:attachment":[{"href":"https:\/\/diarioregionaldigital.com.br\/index.php?rest_route=%2Fwp%2Fv2%2Fmedia&parent=225260"}],"wp:term":[{"taxonomy":"category","embeddable":true,"href":"https:\/\/diarioregionaldigital.com.br\/index.php?rest_route=%2Fwp%2Fv2%2Fcategories&post=225260"},{"taxonomy":"post_tag","embeddable":true,"href":"https:\/\/diarioregionaldigital.com.br\/index.php?rest_route=%2Fwp%2Fv2%2Ftags&post=225260"}],"curies":[{"name":"wp","href":"https:\/\/api.w.org\/{rel}","templated":true}]}}