{"id":225254,"date":"2024-11-01T09:22:20","date_gmt":"2024-11-01T12:22:20","guid":{"rendered":"https:\/\/diarioregionaldigital.com.br\/?p=225254"},"modified":"2024-11-01T09:22:20","modified_gmt":"2024-11-01T12:22:20","slug":"aviso-de-licitacao-091-01-11-2024","status":"publish","type":"post","link":"https:\/\/diarioregionaldigital.com.br\/?p=225254","title":{"rendered":"AVISO DE LICITA\u00c7\u00c3O  091 &#8211; 01\/11\/2024"},"content":{"rendered":"<p class=\"s4\"><span class=\"s5\"><span class=\"bumpedFont15\">PREFEITURA MUNICIPAL DE DESCOBERTO<\/span><\/span><\/p>\n<p class=\"s4\">\n<p class=\"s4\"><span class=\"s5\"><span class=\"bumpedFont15\">AVISO DE LICITA\u00c7\u00c3O<\/span><\/span><\/p>\n<p class=\"s4\">\n<p class=\"s4\"><span class=\"s5\"><span class=\"bumpedFont15\">Processo L<\/span><\/span><span class=\"s5\"><span class=\"bumpedFont15\">icitat\u00f3rio<\/span><\/span><span class=\"s5\"><span class=\"bumpedFont15\"> n\u00b0 <\/span><\/span><span class=\"s5\"><span class=\"bumpedFont15\">0<\/span><\/span><span class=\"s5\"><span class=\"bumpedFont15\">91<\/span><\/span><span class=\"s5\"><span class=\"bumpedFont15\">\/202<\/span><\/span><span class=\"s5\"><span class=\"bumpedFont15\">4<\/span><\/span><\/p>\n<p class=\"s4\"><span class=\"s5\"><span class=\"bumpedFont15\">Moda<\/span><\/span><span class=\"s5\"><span class=\"bumpedFont15\">l<\/span><\/span><span class=\"s5\"><span class=\"bumpedFont15\">idade de Dispensa<\/span><\/span><span class=\"s5\"><span class=\"bumpedFont15\"> Presencial n\u00b0 <\/span><\/span><span class=\"s5\"><span class=\"bumpedFont15\">0<\/span><\/span><span class=\"s5\"><span class=\"bumpedFont15\">25<\/span><\/span><span class=\"s5\"><span class=\"bumpedFont15\">\/202<\/span><\/span><span class=\"s5\"><span class=\"bumpedFont15\">4<\/span><\/span><\/p>\n<p class=\"s9\"><span class=\"s6\"><span class=\"bumpedFont15\">O Munic\u00edpio de DESCOBERTO<\/span><\/span><span class=\"s6\"><span class=\"bumpedFont15\">-MG<\/span><\/span><span class=\"s6\"><span class=\"bumpedFont15\">, na forma da lei, faz saber a todos quantos o presente edital virem, ou dele conhecimento ti<\/span><\/span><span class=\"s6\"><span class=\"bumpedFont15\">ve<\/span><\/span><span class=\"s6\"><span class=\"bumpedFont15\">rem, que <\/span><\/span><span class=\"s6\"><span class=\"bumpedFont15\">a p<\/span><\/span><span class=\"s6\"><span class=\"bumpedFont15\">ar<\/span><\/span><span class=\"s6\"><span class=\"bumpedFont15\">tir das <\/span><\/span><span class=\"s6\"><span class=\"bumpedFont15\">1<\/span><\/span><span class=\"s6\"><span class=\"bumpedFont15\">0<\/span><\/span><span class=\"s6\"><span class=\"bumpedFont15\">:00<\/span><\/span><span class=\"s6\"><span class=\"bumpedFont15\">h<\/span><\/span><span class=\"s6\"><span class=\"bumpedFont15\">do dia <\/span><\/span><span class=\"s6\"><span class=\"bumpedFont15\">14<\/span><\/span><span class=\"s6\"><span class=\"bumpedFont15\"> de <\/span><\/span><span class=\"s6\"><span class=\"bumpedFont15\">Novembro<\/span><\/span><span class=\"s6\"><span class=\"bumpedFont15\"> de 202<\/span><\/span><span class=\"s6\"><span class=\"bumpedFont15\">4<\/span><\/span><span class=\"s6\"><span class=\"bumpedFont15\">,<\/span><\/span><span class=\"s6\"><span class=\"bumpedFont15\"> na Prefeitura Municipal na sala da comiss\u00e3o de licita\u00e7\u00e3o, localizada na rua CAPIT\u00c3O BAS\u00cdLIO, n\u00b0 39, bairro CENTRO, munic\u00edpio de DESCOBERTO, ser\u00e1 realizada licita\u00e7\u00e3o <\/span><\/span><span class=\"s6\"><span class=\"bumpedFont15\">na modalidade DISPENSA<\/span><\/span><span class=\"s6\"><span class=\"bumpedFont15\">PRESEN<\/span><\/span><span class=\"s6\"><span class=\"bumpedFont15\">CI<\/span><\/span><span class=\"s6\"><span class=\"bumpedFont15\">AL, objeti<\/span><\/span><span class=\"s6\"><span class=\"bumpedFont15\">vando<\/span><\/span> <span class=\"s6\"><span class=\"bumpedFont15\">a <\/span><\/span><span class=\"s6\"><span class=\"bumpedFont15\">contrata\u00e7\u00e3o<\/span><\/span><span class=\"s6\"><span class=\"bumpedFont15\"> de <\/span><\/span><span class=\"s6\"><span class=\"bumpedFont15\">EMPRESA PARA A PRESTA\u00c7\u00c3O DE SERVI\u00c7OS DE GEST\u00c3O DE DOCUMENTA\u00c7\u00c3O DE INFORMA\u00c7\u00d5ES E DIGITALIZA\u00c7\u00c3O DE DOCUMENTOS, INCLUINDO ESCANEAMENTO, TRATAMENTO DAS IMAGENS, RECONHECIMENTO \u00d3TICO DOS CARACTERES, INDEXA\u00c7\u00c3O ELETR\u00d4NICA, ARMAZ<\/span><\/span><span class=\"s6\"><span class=\"bumpedFont15\">ENAMENTO EM SOFTWARE DE GERENCIAMEN<\/span><\/span><span class=\"s6\"><span class=\"bumpedFont15\">TO ELETR\u00d4NICO (GED) 100% WEB, COM UTILIZA\u00c7\u00c3O DE CLOUD COMPUTING (ARMAZENAMENTO EM NUVEM) E DISPONIBILIZA\u00c7\u00c3O DE APLICATIVO (APP) PARA CONSULTAR, PESQUISAR, COMPARTILHAR E IMPRIMIR OS DOCUMENTOS NAS PLATAFORMAS IOS E ANDROI<\/span><\/span><span class=\"s6\"><span class=\"bumpedFont15\">D, COM ACESSO AOS DADOS VITAL\u00cdCIO, <\/span><\/span><span class=\"s6\"><span class=\"bumpedFont15\">COMPREENDENDO ACERVO DOCUMENTAL DA PREFEITURA MUNICIPAL DE DESCOBERTO\/MG QUE SE ENCONTRAM NO PR\u00c9DIO CENTRAL, REFERENTE AO PER\u00cdODO DE 2021 \u00c0 2024<\/span><\/span><span class=\"s6\"><span class=\"bumpedFont15\">, para atender as necessidad<\/span><\/span><span class=\"s6\"><span class=\"bumpedFont15\">es do Munic\u00edpio de Descoberto<\/span><\/span><span class=\"s7\"><span class=\"bumpedFont15\">,<\/span><\/span> <span class=\"s6\"><span class=\"bumpedFont15\">tipo Menor Pr<\/span><\/span><span class=\"s6\"><span class=\"bumpedFont15\">e\u00e7o p<\/span><\/span><span class=\"s6\"><span class=\"bumpedFont15\">or<\/span><\/span><span class=\"s6\"><span class=\"bumpedFont15\"> I<\/span><\/span><span class=\"s6\"><span class=\"bumpedFont15\">TEM<\/span><\/span><span class=\"s6\"><span class=\"bumpedFont15\">, <\/span><\/span><span class=\"s6\"><span class=\"bumpedFont15\">conforme consta no edital qu<\/span><\/span><span class=\"s6\"><span class=\"bumpedFont15\">e se <\/span><\/span><span class=\"s6\"><span class=\"bumpedFont15\">e<\/span><\/span><span class=\"s6\"><span class=\"bumpedFont15\">ncontra<\/span><\/span><span class=\"s6\"><span class=\"bumpedFont15\"> \u00e0 <\/span><\/span><span class=\"s6\"><span class=\"bumpedFont15\">disposi\u00e7\u00e3o de t<\/span><\/span><span class=\"s6\"><span class=\"bumpedFont15\">od<\/span><\/span><span class=\"s6\"><span class=\"bumpedFont15\">os \u00a0os int<\/span><\/span><span class=\"s6\"><span class=\"bumpedFont15\">eressados na Prefeitura Municipal, onde poder\u00e3o obt\u00ea-lo<\/span><\/span><span class=\"s6\"><span class=\"bumpedFont15\"> ou atrav\u00e9s do site<\/span><\/span><a href=\"http:\/\/www.descoberto.mg.gov.br\/\"><span class=\"s8\"><span class=\"bumpedFont15\">http:\/\/www.descoberto.mg.gov.br<\/span><\/span><\/a><span class=\"s6\"><span class=\"bumpedFont15\">. Para conhecimen<\/span><\/span><span class=\"s6\"><span class=\"bumpedFont15\">to de<\/span><\/span><span class=\"s6\"><span class=\"bumpedFont15\"> todos os interessados, expediu-se o<\/span><\/span><span class=\"s6\"><span class=\"bumpedFont15\"> pres<\/span><\/span><span class=\"s6\"><span class=\"bumpedFont15\">e<\/span><\/span><span class=\"s6\"><span class=\"bumpedFont15\">nte que ser\u00e1 afixado no lug<\/span><\/span><span class=\"s6\"><span class=\"bumpedFont15\">ar<\/span><\/span><span class=\"s6\"><span class=\"bumpedFont15\"> de costu<\/span><\/span><span class=\"s6\"><span class=\"bumpedFont15\">me, publicando-se na forma da lei. DESCOBERTO<\/span><\/span><span class=\"s6\"><span class=\"bumpedFont15\">-MG<\/span><\/span><span class=\"s6\"><span class=\"bumpedFont15\">, <\/span><\/span><span class=\"s6\"><span class=\"bumpedFont15\">01<\/span><\/span><span class=\"s6\"><span class=\"bumpedFont15\"> de <\/span><\/span><span class=\"s6\"><span class=\"bumpedFont15\">n<\/span><\/span><span class=\"s6\"><span class=\"bumpedFont15\">ovembro<\/span><\/span><span class=\"s6\"><span class=\"bumpedFont15\"> de 202<\/span><\/span><span class=\"s6\"><span class=\"bumpedFont15\">4<\/span><\/span><span class=\"s6\"><span class=\"bumpedFont15\">.<\/span><\/span><\/p>\n<p class=\"s9\">\n<p class=\"s9\">\n<p class=\"s4\"><span class=\"s10\"><span class=\"bumpedFont15\">___________________________________<\/span><\/span><span class=\"s10\"><span class=\"bumpedFont15\">_____<\/span><\/span><span class=\"s10\"><span class=\"bumpedFont15\">_______________________<\/span><\/span><\/p>\n<p class=\"s4\"><span class=\"s10\"><span class=\"bumpedFont15\">Rua: Capit\u00e3o<\/span><\/span><span class=\"s10\"><span class=\"bumpedFont15\"> Bas\u00edlio n<\/span><\/span><span class=\"s10\"><span class=\"bumpedFont15\">\u00ba 39 &#8211; Centro &#8211; Descobe<\/span><\/span><span class=\"s10\"><span class=\"bumpedFont15\">rt<\/span><\/span><span class=\"s10\"><span class=\"bumpedFont15\">o &#8211; MG &#8211; <\/span><\/span><span class=\"s10\"><span class=\"bumpedFont15\">Cep 36690-000<\/span><\/span><\/p>\n<p class=\"s4\"><span class=\"s10\"><span class=\"bumpedFont15\">Tel<\/span><\/span><span class=\"s10\"><span class=\"bumpedFont15\"> (32)<\/span><\/span><span class=\"s10\"><span class=\"bumpedFont15\"> 3265-1<\/span><\/span><span class=\"s10\"><span class=\"bumpedFont15\">740 \u2013 e-mail: <\/span><\/span><span class=\"s10\"><span class=\"bumpedFont15\">licitaca<\/span><\/span><span class=\"s10\"><span class=\"bumpedFont15\">o@descoberto.mg.gov.br<\/span><\/span><\/p>\n","protected":false},"excerpt":{"rendered":"<p>PREFEITURA MUNICIPAL DE DESCOBERTO AVISO DE LICITA\u00c7\u00c3O Processo Licitat\u00f3rio n\u00b0 091\/2024 Modalidade de Dispensa Presencial n\u00b0 025\/2024 O Munic\u00edpio de DESCOBERTO-MG, na forma da lei, faz saber a todos quantos o presente edital virem, ou dele conhecimento tiverem, que a partir das 10:00hdo dia 14 de Novembro de 2024, na Prefeitura Municipal na sala da [&hellip;]<\/p>\n","protected":false},"author":246,"featured_media":0,"comment_status":"closed","ping_status":"closed","sticky":false,"template":"","format":"standard","meta":{"footnotes":""},"categories":[307],"tags":[],"class_list":["post-225254","post","type-post","status-publish","format-standard","hentry","category-editais"],"_links":{"self":[{"href":"https:\/\/diarioregionaldigital.com.br\/index.php?rest_route=\/wp\/v2\/posts\/225254","targetHints":{"allow":["GET"]}}],"collection":[{"href":"https:\/\/diarioregionaldigital.com.br\/index.php?rest_route=\/wp\/v2\/posts"}],"about":[{"href":"https:\/\/diarioregionaldigital.com.br\/index.php?rest_route=\/wp\/v2\/types\/post"}],"author":[{"embeddable":true,"href":"https:\/\/diarioregionaldigital.com.br\/index.php?rest_route=\/wp\/v2\/users\/246"}],"replies":[{"embeddable":true,"href":"https:\/\/diarioregionaldigital.com.br\/index.php?rest_route=%2Fwp%2Fv2%2Fcomments&post=225254"}],"version-history":[{"count":1,"href":"https:\/\/diarioregionaldigital.com.br\/index.php?rest_route=\/wp\/v2\/posts\/225254\/revisions"}],"predecessor-version":[{"id":225255,"href":"https:\/\/diarioregionaldigital.com.br\/index.php?rest_route=\/wp\/v2\/posts\/225254\/revisions\/225255"}],"wp:attachment":[{"href":"https:\/\/diarioregionaldigital.com.br\/index.php?rest_route=%2Fwp%2Fv2%2Fmedia&parent=225254"}],"wp:term":[{"taxonomy":"category","embeddable":true,"href":"https:\/\/diarioregionaldigital.com.br\/index.php?rest_route=%2Fwp%2Fv2%2Fcategories&post=225254"},{"taxonomy":"post_tag","embeddable":true,"href":"https:\/\/diarioregionaldigital.com.br\/index.php?rest_route=%2Fwp%2Fv2%2Ftags&post=225254"}],"curies":[{"name":"wp","href":"https:\/\/api.w.org\/{rel}","templated":true}]}}