{"id":225249,"date":"2024-11-01T09:19:46","date_gmt":"2024-11-01T12:19:46","guid":{"rendered":"https:\/\/diarioregionaldigital.com.br\/?p=225249"},"modified":"2024-11-01T09:19:46","modified_gmt":"2024-11-01T12:19:46","slug":"extrato-de-adesao-a-licitacao-carona-01-11-2024","status":"publish","type":"post","link":"https:\/\/diarioregionaldigital.com.br\/?p=225249","title":{"rendered":"EXTRATO DE ADES\u00c3O A LICITA\u00c7\u00c2O &#8211; &#8220;CARONA&#8221;   &#8211; 01\/11\/2024"},"content":{"rendered":"<div>\n<div class=\"s4\"><span class=\"s3\"><span class=\"bumpedFont15\">PREFEITURA MUNICIPAL DE DESCOBERTO<\/span><\/span><\/div>\n<\/div>\n<p class=\"s4\"><span class=\"s5\"><span class=\"bumpedFont17\">EXTRATO<\/span><\/span><span class=\"s5\"><span class=\"bumpedFont17\"> DE ADES\u00c3O A LICITA\u00c7\u00c2O &#8211; &#8220;CARONA&#8221;<\/span><\/span><\/p>\n<p class=\"s4\">\n<p class=\"s4\"><span class=\"s5\"><span class=\"bumpedFont17\">VALOR RETIFICADO<\/span><\/span><\/p>\n<p class=\"s4\">\n<p class=\"s4\"><span class=\"s6\">Licita\u00e7\u00e3o n\u00b0 0<\/span><span class=\"s6\">89<\/span><span class=\"s6\">\/202<\/span><span class=\"s6\">4<\/span><\/p>\n<p class=\"s4\"><span class=\"s6\">Termo de Ades\u00e3o a Licita\u00e7\u00e3o<\/span><\/p>\n<p class=\"s7\">O Munic\u00edpio de DESCOBERTO, na forma da lei, faz saber a todos quantos o presente virem, ou dele conhecimento tiverem, que aderiu a licita\u00e7\u00e3o n\u00ba 038\/2023, promovida pelo CIMPAR- CONS\u00d3RCIO INTERMUNICIPAL MULTIFINALIT\u00c1RIO DO VALE PARAIBUNA desenvolvida sob a modalidade de Preg\u00e3o Presencial n\u00ba 021\/2023, desenvolvida sob o sistema de registro de pre\u00e7os. Por conta da referida ades\u00e3o, foi firmado ATA 239\/2024 tendo como partes o munic\u00edpio DESCOBERTO e a empresa RMA DE SOUZA ATACADISTA LTDA, no valor de R$ 206.007,66, cuja \u00edntegra se encontra arquivada e a disposi\u00e7\u00e3o para consulta. Para conhecimento de todos os interessados, expediu-se o presente que ser\u00e1 afixado no lugar de costume, publicando-se na forma da lei. DESCOBERTO, dia 29 de outubro de 2024.<\/p>\n<p class=\"s7\">\n<p class=\"s7\">\n<p class=\"s7\">\n<p class=\"s4\">Marcos de Ara\u00fajo Lima<\/p>\n<p class=\"s4\">Prefeito Municipal<\/p>\n<p>&nbsp;<\/p>\n<p class=\"s4\">\n<p class=\"s4\">\n","protected":false},"excerpt":{"rendered":"<p>PREFEITURA MUNICIPAL DE DESCOBERTO EXTRATO DE ADES\u00c3O A LICITA\u00c7\u00c2O &#8211; &#8220;CARONA&#8221; VALOR RETIFICADO Licita\u00e7\u00e3o n\u00b0 089\/2024 Termo de Ades\u00e3o a Licita\u00e7\u00e3o O Munic\u00edpio de DESCOBERTO, na forma da lei, faz saber a todos quantos o presente virem, ou dele conhecimento tiverem, que aderiu a licita\u00e7\u00e3o n\u00ba 038\/2023, promovida pelo CIMPAR- CONS\u00d3RCIO INTERMUNICIPAL MULTIFINALIT\u00c1RIO DO VALE [&hellip;]<\/p>\n","protected":false},"author":246,"featured_media":0,"comment_status":"closed","ping_status":"closed","sticky":false,"template":"","format":"standard","meta":{"footnotes":""},"categories":[307],"tags":[],"class_list":["post-225249","post","type-post","status-publish","format-standard","hentry","category-editais"],"_links":{"self":[{"href":"https:\/\/diarioregionaldigital.com.br\/index.php?rest_route=\/wp\/v2\/posts\/225249","targetHints":{"allow":["GET"]}}],"collection":[{"href":"https:\/\/diarioregionaldigital.com.br\/index.php?rest_route=\/wp\/v2\/posts"}],"about":[{"href":"https:\/\/diarioregionaldigital.com.br\/index.php?rest_route=\/wp\/v2\/types\/post"}],"author":[{"embeddable":true,"href":"https:\/\/diarioregionaldigital.com.br\/index.php?rest_route=\/wp\/v2\/users\/246"}],"replies":[{"embeddable":true,"href":"https:\/\/diarioregionaldigital.com.br\/index.php?rest_route=%2Fwp%2Fv2%2Fcomments&post=225249"}],"version-history":[{"count":1,"href":"https:\/\/diarioregionaldigital.com.br\/index.php?rest_route=\/wp\/v2\/posts\/225249\/revisions"}],"predecessor-version":[{"id":225250,"href":"https:\/\/diarioregionaldigital.com.br\/index.php?rest_route=\/wp\/v2\/posts\/225249\/revisions\/225250"}],"wp:attachment":[{"href":"https:\/\/diarioregionaldigital.com.br\/index.php?rest_route=%2Fwp%2Fv2%2Fmedia&parent=225249"}],"wp:term":[{"taxonomy":"category","embeddable":true,"href":"https:\/\/diarioregionaldigital.com.br\/index.php?rest_route=%2Fwp%2Fv2%2Fcategories&post=225249"},{"taxonomy":"post_tag","embeddable":true,"href":"https:\/\/diarioregionaldigital.com.br\/index.php?rest_route=%2Fwp%2Fv2%2Ftags&post=225249"}],"curies":[{"name":"wp","href":"https:\/\/api.w.org\/{rel}","templated":true}]}}