{"id":225245,"date":"2024-11-01T09:18:21","date_gmt":"2024-11-01T12:18:21","guid":{"rendered":"https:\/\/diarioregionaldigital.com.br\/?p=225245"},"modified":"2024-11-01T09:18:21","modified_gmt":"2024-11-01T12:18:21","slug":"extrato-de-ata-243-2024-01-11-2024","status":"publish","type":"post","link":"https:\/\/diarioregionaldigital.com.br\/?p=225245","title":{"rendered":"EXTRATO DE ATA 243\/2024 &#8211; 01\/11\/2024"},"content":{"rendered":"<p class=\"s2\">\n<p class=\"s2\"><span class=\"s3\"><span class=\"bumpedFont17\">EXTRATO DE <\/span><\/span><span class=\"s3\"><span class=\"bumpedFont17\">ATA<\/span><\/span> <span class=\"s3\"><span class=\"bumpedFont17\">2<\/span><\/span><span class=\"s3\"><span class=\"bumpedFont17\">4<\/span><\/span><span class=\"s3\"><span class=\"bumpedFont17\">3<\/span><\/span><span class=\"s3\"><span class=\"bumpedFont17\">\/2024<\/span><\/span><\/p>\n<p class=\"s4\">\n<p class=\"s4\"><span class=\"s3\"><span class=\"bumpedFont17\">Pref. Municipal de Descoberto <\/span><\/span><span class=\"s3\"><span class=\"bumpedFont17\">x <\/span><\/span><span class=\"s3\"><span class=\"bumpedFont17\">Odontologia <\/span><\/span><span class=\"s3\"><span class=\"bumpedFont17\">Carpietti<\/span><\/span><span class=\"s3\"><span class=\"bumpedFont17\"> Ltda <\/span><\/span><span class=\"s3\"><span class=\"bumpedFont17\">&#8211; Objeto:<\/span><\/span><span class=\"s5\"><span class=\"bumpedFont17\">R<\/span><\/span><span class=\"s5\"><span class=\"bumpedFont17\">egistro de pre\u00e7os para a contrata\u00e7\u00e3o de <\/span><\/span><span class=\"s5\"><span class=\"bumpedFont17\">empresa especializada para fornecimento de pr\u00f3teses dent\u00e1rias<\/span><\/span><span class=\"s5\"><span class=\"bumpedFont17\">, atendendo a <\/span><\/span><span class=\"s5\"><span class=\"bumpedFont17\">S<\/span><\/span><span class=\"s5\"><span class=\"bumpedFont17\">ecretaria <\/span><\/span><span class=\"s5\"><span class=\"bumpedFont17\">M<\/span><\/span><span class=\"s5\"><span class=\"bumpedFont17\">unicipal de <\/span><\/span><span class=\"s5\"><span class=\"bumpedFont17\">S<\/span><\/span><span class=\"s5\"><span class=\"bumpedFont17\">a\u00fade da <\/span><\/span><span class=\"s5\"><span class=\"bumpedFont17\">P<\/span><\/span><span class=\"s5\"><span class=\"bumpedFont17\">refeitura de <\/span><\/span><span class=\"s5\"><span class=\"bumpedFont17\">D<\/span><\/span><span class=\"s5\"><span class=\"bumpedFont17\">escoberto \u2013<\/span><\/span><span class=\"s5\"><span class=\"bumpedFont17\">MG<\/span><\/span> <span class=\"s3\"><span class=\"bumpedFont17\">&#8211; <\/span><\/span><span class=\"s3\"><span class=\"bumpedFont17\">Fundamento:<\/span><\/span> <span class=\"s3\"><span class=\"bumpedFont17\">Preg\u00e3o Presencial<\/span><\/span> <span class=\"s3\"><span class=\"bumpedFont17\">n\u00ba <\/span><\/span><span class=\"s3\"><span class=\"bumpedFont17\">0<\/span><\/span><span class=\"s3\"><span class=\"bumpedFont17\">3<\/span><\/span><span class=\"s3\"><span class=\"bumpedFont17\">3<\/span><\/span><span class=\"s3\"><span class=\"bumpedFont17\">\/<\/span><\/span><span class=\"s3\"><span class=\"bumpedFont17\">2024<\/span><\/span> <span class=\"s3\"><span class=\"bumpedFont17\">&#8211; <\/span><\/span><span class=\"s3\"><span class=\"bumpedFont17\">Valor: <\/span><\/span><span class=\"s3\"><span class=\"bumpedFont17\">R$<\/span><\/span> <span class=\"s3\"><span class=\"bumpedFont17\">291.600,00<\/span><\/span><span class=\"s3\"><span class=\"bumpedFont17\">&#8211; <\/span><\/span><span class=\"s3\"><span class=\"bumpedFont17\">Vig\u00eancia: <\/span><\/span><span class=\"s3\"><span class=\"bumpedFont17\">12<\/span><\/span><span class=\"s3\"><span class=\"bumpedFont17\"> meses<\/span><\/span> <span class=\"s3\"><span class=\"bumpedFont17\">&#8211; <\/span><\/span><span class=\"s3\"><span class=\"bumpedFont17\">Dot<\/span><\/span> <span class=\"s3\"><span class=\"bumpedFont17\">or\u00e7<\/span><\/span><span class=\"s3\"><span class=\"bumpedFont17\">:<\/span><\/span> <span class=\"s3\"><span class=\"bumpedFont17\">02.005.002.10.301.0004.2084.339039.00\/156<\/span><\/span> <span class=\"s3\"><span class=\"bumpedFont17\">&#8211; <\/span><\/span><span class=\"s3\"><span class=\"bumpedFont17\">Ass<\/span><\/span><span class=\"s3\"><span class=\"bumpedFont17\">:<\/span><\/span><span class=\"s3\"><span class=\"bumpedFont17\">01\/11<\/span><\/span><span class=\"s3\"><span class=\"bumpedFont17\">\/2024<\/span><\/span> <span class=\"s3\"><span class=\"bumpedFont17\">&#8211; Foro: S\u00e3o Jo\u00e3o Nepomuceno\/MG.<\/span><\/span><\/p>\n<p class=\"s4\">\n<p class=\"s4\">\n<p class=\"s4\">\n<p class=\"s4\">\n<p class=\"s2\"><span class=\"s3\"><span class=\"bumpedFont17\">Marcos de Ara\u00fajo Lima<\/span><\/span><\/p>\n<p class=\"s2\"><span class=\"s3\"><span class=\"bumpedFont17\">Prefeito <\/span><\/span><span class=\"s3\"><span class=\"bumpedFont17\">Municipal<\/span><\/span><\/p>\n","protected":false},"excerpt":{"rendered":"<p>EXTRATO DE ATA 243\/2024 Pref. Municipal de Descoberto x Odontologia Carpietti Ltda &#8211; Objeto:Registro de pre\u00e7os para a contrata\u00e7\u00e3o de empresa especializada para fornecimento de pr\u00f3teses dent\u00e1rias, atendendo a Secretaria Municipal de Sa\u00fade da Prefeitura de Descoberto \u2013MG &#8211; Fundamento: Preg\u00e3o Presencial n\u00ba 033\/2024 &#8211; Valor: R$ 291.600,00&#8211; Vig\u00eancia: 12 meses &#8211; Dot or\u00e7: 02.005.002.10.301.0004.2084.339039.00\/156 [&hellip;]<\/p>\n","protected":false},"author":246,"featured_media":0,"comment_status":"closed","ping_status":"closed","sticky":false,"template":"","format":"standard","meta":{"footnotes":""},"categories":[307],"tags":[],"class_list":["post-225245","post","type-post","status-publish","format-standard","hentry","category-editais"],"_links":{"self":[{"href":"https:\/\/diarioregionaldigital.com.br\/index.php?rest_route=\/wp\/v2\/posts\/225245","targetHints":{"allow":["GET"]}}],"collection":[{"href":"https:\/\/diarioregionaldigital.com.br\/index.php?rest_route=\/wp\/v2\/posts"}],"about":[{"href":"https:\/\/diarioregionaldigital.com.br\/index.php?rest_route=\/wp\/v2\/types\/post"}],"author":[{"embeddable":true,"href":"https:\/\/diarioregionaldigital.com.br\/index.php?rest_route=\/wp\/v2\/users\/246"}],"replies":[{"embeddable":true,"href":"https:\/\/diarioregionaldigital.com.br\/index.php?rest_route=%2Fwp%2Fv2%2Fcomments&post=225245"}],"version-history":[{"count":1,"href":"https:\/\/diarioregionaldigital.com.br\/index.php?rest_route=\/wp\/v2\/posts\/225245\/revisions"}],"predecessor-version":[{"id":225246,"href":"https:\/\/diarioregionaldigital.com.br\/index.php?rest_route=\/wp\/v2\/posts\/225245\/revisions\/225246"}],"wp:attachment":[{"href":"https:\/\/diarioregionaldigital.com.br\/index.php?rest_route=%2Fwp%2Fv2%2Fmedia&parent=225245"}],"wp:term":[{"taxonomy":"category","embeddable":true,"href":"https:\/\/diarioregionaldigital.com.br\/index.php?rest_route=%2Fwp%2Fv2%2Fcategories&post=225245"},{"taxonomy":"post_tag","embeddable":true,"href":"https:\/\/diarioregionaldigital.com.br\/index.php?rest_route=%2Fwp%2Fv2%2Ftags&post=225245"}],"curies":[{"name":"wp","href":"https:\/\/api.w.org\/{rel}","templated":true}]}}