{"id":225243,"date":"2024-11-01T09:17:46","date_gmt":"2024-11-01T12:17:46","guid":{"rendered":"https:\/\/diarioregionaldigital.com.br\/?p=225243"},"modified":"2024-11-01T09:17:46","modified_gmt":"2024-11-01T12:17:46","slug":"pregao-035-01-11-2024","status":"publish","type":"post","link":"https:\/\/diarioregionaldigital.com.br\/?p=225243","title":{"rendered":"PREGAO 035 &#8211; 01\/11\/2024"},"content":{"rendered":"<p class=\"s4\"><span class=\"s5\"><span class=\"bumpedFont15\">PREFEITURA MUNICIPAL DE DESCOBERTO<\/span><\/span><\/p>\n<p class=\"s4\">\n<p class=\"s4\"><span class=\"s5\"><span class=\"bumpedFont15\">AVISO DE LICITA\u00c7\u00c3O<\/span><\/span><\/p>\n<p class=\"s4\">\n<p class=\"s4\"><span class=\"s5\"><span class=\"bumpedFont15\">Processo <\/span><\/span><span class=\"s5\"><span class=\"bumpedFont15\">Licita<\/span><\/span><span class=\"s5\"><span class=\"bumpedFont15\">t\u00f3rio<\/span><\/span><span class=\"s5\"><span class=\"bumpedFont15\"> n\u00b0 <\/span><\/span><span class=\"s5\"><span class=\"bumpedFont15\">0<\/span><\/span><span class=\"s5\"><span class=\"bumpedFont15\">92<\/span><\/span><span class=\"s5\"><span class=\"bumpedFont15\">\/202<\/span><\/span><span class=\"s5\"><span class=\"bumpedFont15\">4<\/span><\/span><\/p>\n<p class=\"s4\"><span class=\"s5\"><span class=\"bumpedFont15\">Moda<\/span><\/span><span class=\"s5\"><span class=\"bumpedFont15\">li<\/span><\/span><span class=\"s5\"><span class=\"bumpedFont15\">dade de Preg\u00e3o Presencial n\u00b0 <\/span><\/span><span class=\"s5\"><span class=\"bumpedFont15\">0<\/span><\/span><span class=\"s5\"><span class=\"bumpedFont15\">35<\/span><\/span><span class=\"s5\"><span class=\"bumpedFont15\">\/202<\/span><\/span><span class=\"s5\"><span class=\"bumpedFont15\">4<\/span><\/span><\/p>\n<p class=\"s9\"><span class=\"s6\"><span class=\"bumpedFont15\">O Munic\u00edpio de DESCOBERTO, na forma da lei, faz saber a todos quantos o presente edital virem, ou dele conhecimento tiverem<\/span><\/span><span class=\"s6\"><span class=\"bumpedFont15\">, que a par<\/span><\/span><span class=\"s6\"><span class=\"bumpedFont15\">tir das <\/span><\/span><span class=\"s6\"><span class=\"bumpedFont15\">13<\/span><\/span><span class=\"s6\"><span class=\"bumpedFont15\">:<\/span><\/span><span class=\"s6\"><span class=\"bumpedFont15\">3<\/span><\/span><span class=\"s6\"><span class=\"bumpedFont15\">0h<\/span><\/span><span class=\"s6\"><span class=\"bumpedFont15\">do dia <\/span><\/span><span class=\"s6\"><span class=\"bumpedFont15\">14<\/span><\/span><span class=\"s6\"><span class=\"bumpedFont15\"> de <\/span><\/span><span class=\"s6\"><span class=\"bumpedFont15\">Novembro<\/span><\/span><span class=\"s6\"><span class=\"bumpedFont15\"> de 202<\/span><\/span><span class=\"s6\"><span class=\"bumpedFont15\">4<\/span><\/span><span class=\"s6\"><span class=\"bumpedFont15\">, na Prefeitura Municipal na sala da comiss\u00e3o de licita\u00e7\u00e3o, localizada na rua CAPIT\u00c3O BAS\u00cdLIO, n\u00b0 39, bairro CENTRO, munic\u00edpio de DESCOBERTO, ser\u00e1 realizada licita\u00e7\u00e3o <\/span><\/span><span class=\"s6\"><span class=\"bumpedFont15\">na modalidade <\/span><\/span><span class=\"s6\"><span class=\"bumpedFont15\">PREG\u00c3O PRESENCIAL<\/span><\/span><span class=\"s6\"><span class=\"bumpedFont15\">,<\/span><\/span> <span class=\"s6\"><span class=\"bumpedFont15\">o<\/span><\/span><span class=\"s6\"><span class=\"bumpedFont15\">bjetivando <\/span><\/span><span class=\"s6\"><span class=\"bumpedFont15\">a <\/span><\/span><span class=\"s6\"><span class=\"bumpedFont15\">CONTRATA\u00c7\u00c3O <\/span><\/span><span class=\"s6\"><span class=\"bumpedFont15\">DE <\/span><\/span><span class=\"s6\"><span class=\"bumpedFont15\">EMPRESA<\/span><\/span><span class=\"s6\"><span class=\"bumpedFont15\"> PARA A PRESTA\u00c7\u00c3O DE SERVI\u00c7OS DE REORGANIZA\u00c7\u00c3O PATRIMONIAL, LEVANTAMENTO F\u00cdSICO COMPLETO, CATALOGA\u00c7\u00c3O, MENSURA\u00c7\u00c3O, AVALIA\u00c7\u00c3O DE AJUSTES, DEFINI\u00c7\u00c3O DE VALORES RESIDUAL, DEPRECIA\u00c7\u00c3O, AMOR<\/span><\/span><span class=\"s6\"><span class=\"bumpedFont15\">TIZA\u00c7\u00c3O, ETIQUETAMENTO, ELABORA\u00c7\u00c3O D<\/span><\/span><span class=\"s6\"><span class=\"bumpedFont15\">E REGISTRO <\/span><\/span><span class=\"s6\"><span class=\"bumpedFont15\">FOTOGR\u00c1FICO, ELABORA\u00c7\u00c3O DE RELAT\u00d3RIOS INCLUSIVE DOS INSERV\u00cdVEIS, DE TODOS OS BENS M\u00d3VEIS, IM\u00d3VEIS E DE DOM\u00cdNIO P\u00daBLICO INCLUINDO EDIFICA\u00c7\u00d5ES E BENFEITORIAS, M\u00c1QUINAS E EQUIPAMENTOS, VE\u00cdCULOS, COMPUTADORES E PE<\/span><\/span><span class=\"s6\"><span class=\"bumpedFont15\">RIF\u00c9RICOS, M\u00d3VEIS E UTENS\u00cdLIOS E DEM<\/span><\/span><span class=\"s6\"><span class=\"bumpedFont15\">AIS ITENS P<\/span><\/span><span class=\"s6\"><span class=\"bumpedFont15\">ERTENCENTES AO MUNIC\u00cdPIO, DEVIDAMENTE ACRESCIDOS DE SUAS RESPECTIVAS DEPRECIA\u00c7\u00d5ES E AVALIA\u00c7\u00d5ES ATUALIZADAS BEM COMO DAR SUPORTE NA ORGANIZA\u00c7\u00c3O E ADEQUA\u00c7\u00c3O NA LEGISLA\u00c7\u00c3O EXISTENTE E EMISS\u00c3O DE RELAT\u00d3RIO\/INVENT\u00c1<\/span><\/span><span class=\"s6\"><span class=\"bumpedFont15\">RIO GERAL, EM ATENDIMENTO \u00c0S NORMAS <\/span><\/span><span class=\"s6\"><span class=\"bumpedFont15\">BRASILEIRAS<\/span><\/span><span class=\"s6\"><span class=\"bumpedFont15\"> DE CONTABILIDADE APLICADA AO SETOR P\u00daBLICO (NBCAPS) E \u00c0S PORTARIAS DA SECRETARIA DO TESOURO NACIONAL (STN) E AS NORMAS LEGAIS, RESOLU\u00c7\u00d5ES E ATENDIMENTO AS EXIG\u00caNCIAS POR PARTE DO EGR\u00c9GIO TRIBUNAL DE CONTA DE <\/span><\/span><span class=\"s6\"><span class=\"bumpedFont15\">MINAS GERAIS,<\/span><\/span><span class=\"s6\"><span class=\"bumpedFont15\">ATENDENDO AS NECESSIDA<\/span><\/span><span class=\"s6\"><span class=\"bumpedFont15\">DES<\/span><\/span><span class=\"s6\"><span class=\"bumpedFont15\"> DO <\/span><\/span><span class=\"s6\"><span class=\"bumpedFont15\">MUNI<\/span><\/span><span class=\"s6\"><span class=\"bumpedFont15\">C\u00cdPIO DE<\/span><\/span> <span class=\"s6\"><span class=\"bumpedFont15\">DESCOBERTO \u2013 MG<\/span><\/span><span class=\"s6\"><span class=\"bumpedFont15\">, <\/span><\/span><span class=\"s6\"><span class=\"bumpedFont15\">tipo Menor Pre\u00e7o por Item<\/span><\/span><span class=\"s6\"><span class=\"bumpedFont15\">, <\/span><\/span><span class=\"s6\"><span class=\"bumpedFont15\">conforme consta no edital que se encon<\/span><\/span><span class=\"s6\"><span class=\"bumpedFont15\">tr<\/span><\/span><span class=\"s6\"><span class=\"bumpedFont15\">a \u00a0a disposi\u00e7\u00e3o de todos \u00a0os interessados na Prefeitura Municipal, onde poder\u00e3o obt\u00ea-lo<\/span><\/span><span class=\"s6\"><span class=\"bumpedFont15\"> ou atrav\u00e9s do site<\/span><\/span><a href=\"http:\/\/www.descoberto.mg.gov.br\/\"><span class=\"s8\"><span class=\"bumpedFont15\">http:\/\/www.descoberto.mg.gov.br<\/span><\/span><\/a><span class=\"s6\"><span class=\"bumpedFont15\">.<\/span><\/span><span class=\"s6\"><span class=\"bumpedFont15\"> Para conhecimento de todos os interessados, expediu-se o presente<\/span><\/span><span class=\"s6\"><span class=\"bumpedFont15\"> q<\/span><\/span><span class=\"s6\"><span class=\"bumpedFont15\">ue ser\u00e1 afixado no lugar de costume, publicando-se na forma da lei. DESCOBERTO, <\/span><\/span><span class=\"s6\"><span class=\"bumpedFont15\">01<\/span><\/span><span class=\"s6\"><span class=\"bumpedFont15\">de <\/span><\/span><span class=\"s6\"><span class=\"bumpedFont15\">n<\/span><\/span><span class=\"s6\"><span class=\"bumpedFont15\">ovembro<\/span><\/span><span class=\"s6\"><span class=\"bumpedFont15\"> de 202<\/span><\/span><span class=\"s6\"><span class=\"bumpedFont15\">4<\/span><\/span><span class=\"s6\"><span class=\"bumpedFont15\">.<\/span><\/span><\/p>\n<p class=\"s9\">\n<p class=\"s9\">\n<p class=\"s4\"><span class=\"s10\"><span class=\"bumpedFont15\">_______________________________________________________________<\/span><\/span><\/p>\n<p class=\"s4\"><span class=\"s10\"><span class=\"bumpedFont15\">Rua: Capit\u00e3o Bas\u00edlio n\u00ba <\/span><\/span><span class=\"s10\"><span class=\"bumpedFont15\">39 <\/span><\/span><span class=\"s10\"><span class=\"bumpedFont15\">&#8211; Centro &#8211; Descoberto &#8211; MG &#8211; Cep 36690-000<\/span><\/span><\/p>\n<p class=\"s4\"><span class=\"s10\"><span class=\"bumpedFont15\">Tele-fax (32)<\/span><\/span><span class=\"s10\"><span class=\"bumpedFont15\"> 3265-1<\/span><\/span><span class=\"s10\"><span class=\"bumpedFont15\">740 \u2013 e-mail: <\/span><\/span><span class=\"s10\"><span class=\"bumpedFont15\">licitaca<\/span><\/span><span class=\"s10\"><span class=\"bumpedFont15\">o@descoberto.mg.gov.br<\/span><\/span><\/p>\n","protected":false},"excerpt":{"rendered":"<p>PREFEITURA MUNICIPAL DE DESCOBERTO AVISO DE LICITA\u00c7\u00c3O Processo Licitat\u00f3rio n\u00b0 092\/2024 Modalidade de Preg\u00e3o Presencial n\u00b0 035\/2024 O Munic\u00edpio de DESCOBERTO, na forma da lei, faz saber a todos quantos o presente edital virem, ou dele conhecimento tiverem, que a partir das 13:30hdo dia 14 de Novembro de 2024, na Prefeitura Municipal na sala da [&hellip;]<\/p>\n","protected":false},"author":246,"featured_media":0,"comment_status":"closed","ping_status":"closed","sticky":false,"template":"","format":"standard","meta":{"footnotes":""},"categories":[307],"tags":[],"class_list":["post-225243","post","type-post","status-publish","format-standard","hentry","category-editais"],"_links":{"self":[{"href":"https:\/\/diarioregionaldigital.com.br\/index.php?rest_route=\/wp\/v2\/posts\/225243","targetHints":{"allow":["GET"]}}],"collection":[{"href":"https:\/\/diarioregionaldigital.com.br\/index.php?rest_route=\/wp\/v2\/posts"}],"about":[{"href":"https:\/\/diarioregionaldigital.com.br\/index.php?rest_route=\/wp\/v2\/types\/post"}],"author":[{"embeddable":true,"href":"https:\/\/diarioregionaldigital.com.br\/index.php?rest_route=\/wp\/v2\/users\/246"}],"replies":[{"embeddable":true,"href":"https:\/\/diarioregionaldigital.com.br\/index.php?rest_route=%2Fwp%2Fv2%2Fcomments&post=225243"}],"version-history":[{"count":1,"href":"https:\/\/diarioregionaldigital.com.br\/index.php?rest_route=\/wp\/v2\/posts\/225243\/revisions"}],"predecessor-version":[{"id":225244,"href":"https:\/\/diarioregionaldigital.com.br\/index.php?rest_route=\/wp\/v2\/posts\/225243\/revisions\/225244"}],"wp:attachment":[{"href":"https:\/\/diarioregionaldigital.com.br\/index.php?rest_route=%2Fwp%2Fv2%2Fmedia&parent=225243"}],"wp:term":[{"taxonomy":"category","embeddable":true,"href":"https:\/\/diarioregionaldigital.com.br\/index.php?rest_route=%2Fwp%2Fv2%2Fcategories&post=225243"},{"taxonomy":"post_tag","embeddable":true,"href":"https:\/\/diarioregionaldigital.com.br\/index.php?rest_route=%2Fwp%2Fv2%2Ftags&post=225243"}],"curies":[{"name":"wp","href":"https:\/\/api.w.org\/{rel}","templated":true}]}}