{"id":225241,"date":"2024-11-01T09:16:57","date_gmt":"2024-11-01T12:16:57","guid":{"rendered":"https:\/\/diarioregionaldigital.com.br\/?p=225241"},"modified":"2024-11-01T09:16:57","modified_gmt":"2024-11-01T12:16:57","slug":"extrato-de-termo-aditivo-01-11-2024","status":"publish","type":"post","link":"https:\/\/diarioregionaldigital.com.br\/?p=225241","title":{"rendered":"EXTRATO DE TERMO ADITIVO &#8211; 01\/11\/2024"},"content":{"rendered":"<p class=\"s2\" style=\"text-align: center;\">EXTRATO DE TERMO ADITIVO<\/p>\n<p class=\"s4\" style=\"text-align: center;\"><span class=\"s3\"><span class=\"bumpedFont15\">PREVIDES &#8211; Instituto de Previd\u00eancia Municipal de Descoberto &#8211; MG.<\/span><\/span><\/p>\n<p class=\"s2\" style=\"text-align: center;\">\n<p class=\"s5\" style=\"text-align: center;\">contrato n\u00ba 002\/2024<\/p>\n<p class=\"s5\" style=\"text-align: center;\">3\u00ba Termo Aditivo do Contrato n\u00ba 002\/2021<\/p>\n<p class=\"s5\" style=\"text-align: center;\">DISPENSA DE LICITA\u00c7\u00c3O 002\/2021.<\/p>\n<p class=\"s5\" style=\"text-align: center;\">Partes: PREVIDES\u2013 INSTITUTO DE PREVID\u00caNCIA DE DESCOBERTO\/MG \u00a0e <span class=\"s6\">BRASILIS CONSULTORIA ATUARIAL LTDA<\/span> .<\/p>\n<p class=\"s5\" style=\"text-align: center;\">Objeto do Contrato: \u201cContrata\u00e7\u00e3o de Empresa especializada na Presta\u00e7\u00e3o de servi\u00e7os cont\u00ednuos de Consultoria Atuarial\u201d.<\/p>\n<p class=\"s5\" style=\"text-align: center;\">Objetivo do Aditivo: Prorroga\u00e7\u00e3o dos Prazos de Execu\u00e7\u00e3o e Vig\u00eancia: As partes de comum acordo procedem \u00e0 prorroga\u00e7\u00e3o do Contrato Administrativo n\u00ba 002\/2021, pelo per\u00edodo de 12 (doze) meses, iniciando-se em 04\/11\/ 2024 e terminando-se em 03\/11\/ 2025.<\/p>\n<p class=\"s5\" style=\"text-align: center;\">Valor total: R$ 11.060,29 (onze mil sessenta reais e vinte e nove centavos)<\/p>\n<p class=\"s5\" style=\"text-align: center;\">Data da Assinatura: 28\/10\/2024.<\/p>\n<p class=\"s5\" style=\"text-align: center;\">\n<p class=\"s5\" style=\"text-align: center;\">Descoberto, 30 \u00a0de outubro de 2024.<\/p>\n<p class=\"s5\" style=\"text-align: center;\">\n<p class=\"s5\" style=\"text-align: center;\">\n<p class=\"s2\" style=\"text-align: center;\">Lydia Maria Silva Fermo<\/p>\n<p class=\"s2\" style=\"text-align: center;\">Superintendente<\/p>\n<p class=\"s2\" style=\"text-align: left;\">\n","protected":false},"excerpt":{"rendered":"<p>EXTRATO DE TERMO ADITIVO PREVIDES &#8211; Instituto de Previd\u00eancia Municipal de Descoberto &#8211; MG. contrato n\u00ba 002\/2024 3\u00ba Termo Aditivo do Contrato n\u00ba 002\/2021 DISPENSA DE LICITA\u00c7\u00c3O 002\/2021. Partes: PREVIDES\u2013 INSTITUTO DE PREVID\u00caNCIA DE DESCOBERTO\/MG \u00a0e BRASILIS CONSULTORIA ATUARIAL LTDA . Objeto do Contrato: \u201cContrata\u00e7\u00e3o de Empresa especializada na Presta\u00e7\u00e3o de servi\u00e7os cont\u00ednuos de Consultoria [&hellip;]<\/p>\n","protected":false},"author":246,"featured_media":0,"comment_status":"closed","ping_status":"closed","sticky":false,"template":"","format":"standard","meta":{"footnotes":""},"categories":[307],"tags":[],"class_list":["post-225241","post","type-post","status-publish","format-standard","hentry","category-editais"],"_links":{"self":[{"href":"https:\/\/diarioregionaldigital.com.br\/index.php?rest_route=\/wp\/v2\/posts\/225241","targetHints":{"allow":["GET"]}}],"collection":[{"href":"https:\/\/diarioregionaldigital.com.br\/index.php?rest_route=\/wp\/v2\/posts"}],"about":[{"href":"https:\/\/diarioregionaldigital.com.br\/index.php?rest_route=\/wp\/v2\/types\/post"}],"author":[{"embeddable":true,"href":"https:\/\/diarioregionaldigital.com.br\/index.php?rest_route=\/wp\/v2\/users\/246"}],"replies":[{"embeddable":true,"href":"https:\/\/diarioregionaldigital.com.br\/index.php?rest_route=%2Fwp%2Fv2%2Fcomments&post=225241"}],"version-history":[{"count":1,"href":"https:\/\/diarioregionaldigital.com.br\/index.php?rest_route=\/wp\/v2\/posts\/225241\/revisions"}],"predecessor-version":[{"id":225242,"href":"https:\/\/diarioregionaldigital.com.br\/index.php?rest_route=\/wp\/v2\/posts\/225241\/revisions\/225242"}],"wp:attachment":[{"href":"https:\/\/diarioregionaldigital.com.br\/index.php?rest_route=%2Fwp%2Fv2%2Fmedia&parent=225241"}],"wp:term":[{"taxonomy":"category","embeddable":true,"href":"https:\/\/diarioregionaldigital.com.br\/index.php?rest_route=%2Fwp%2Fv2%2Fcategories&post=225241"},{"taxonomy":"post_tag","embeddable":true,"href":"https:\/\/diarioregionaldigital.com.br\/index.php?rest_route=%2Fwp%2Fv2%2Ftags&post=225241"}],"curies":[{"name":"wp","href":"https:\/\/api.w.org\/{rel}","templated":true}]}}