{"id":225238,"date":"2024-10-31T20:33:15","date_gmt":"2024-10-31T23:33:15","guid":{"rendered":"https:\/\/diarioregionaldigital.com.br\/?p=225238"},"modified":"2024-10-31T20:33:15","modified_gmt":"2024-10-31T23:33:15","slug":"rua-do-bairro-grama-pode-ter-fornecimento-de-agua-comprometido-na-proxima-segunda-feira-4","status":"publish","type":"post","link":"https:\/\/diarioregionaldigital.com.br\/?p=225238","title":{"rendered":"Rua do bairro Grama pode ter fornecimento de \u00e1gua comprometido na pr\u00f3xima segunda-feira, 4"},"content":{"rendered":"<p>Segundo informa\u00e7\u00f5es do site da Prefeitura de Juiz de Fora (PJF), a\u00a0Companhia de Saneamento Municipal (Cesama), da Prefeitura de Juiz de Fora (PJF), ir\u00e1 realizar a substitui\u00e7\u00e3o da rede de recalque da elevat\u00f3ria de \u00e1gua Vivendas de Grama na segunda-feira, 4. Para execu\u00e7\u00e3o dos servi\u00e7os, ser\u00e1 necess\u00e1rio desativar a unidade de 8h \u00e0s 14h, o que pode comprometer o abastecimento da Rua Pedro Agostinho, no bairro Grama.<\/p>\n<p>A Cesama pede a compreens\u00e3o dos moradores da via e orienta para que economizem \u00e1gua durante os trabalhos. O abastecimento deve ser normalizado ainda na segunda-feira.<\/p>\n<p><strong>Outras informa\u00e7\u00f5es:<\/strong><\/p>\n<p>(32) 3692-9179 &#8211; Assessoria de Comunica\u00e7\u00e3o da Cesama<\/p>\n","protected":false},"excerpt":{"rendered":"<p>Segundo informa\u00e7\u00f5es do site da Prefeitura de Juiz de Fora (PJF), a\u00a0Companhia de Saneamento Municipal (Cesama), da Prefeitura de Juiz de Fora (PJF), ir\u00e1 realizar a substitui\u00e7\u00e3o da rede de recalque da elevat\u00f3ria de \u00e1gua Vivendas de Grama na segunda-feira, 4. Para execu\u00e7\u00e3o dos servi\u00e7os, ser\u00e1 necess\u00e1rio desativar a unidade de 8h \u00e0s 14h, o [&hellip;]<\/p>\n","protected":false},"author":246,"featured_media":225239,"comment_status":"closed","ping_status":"closed","sticky":false,"template":"","format":"standard","meta":{"footnotes":""},"categories":[253,436,439],"tags":[],"class_list":["post-225238","post","type-post","status-publish","format-standard","has-post-thumbnail","hentry","category-cidade","category-destaque-da-semana","category-ultima-hora"],"_links":{"self":[{"href":"https:\/\/diarioregionaldigital.com.br\/index.php?rest_route=\/wp\/v2\/posts\/225238","targetHints":{"allow":["GET"]}}],"collection":[{"href":"https:\/\/diarioregionaldigital.com.br\/index.php?rest_route=\/wp\/v2\/posts"}],"about":[{"href":"https:\/\/diarioregionaldigital.com.br\/index.php?rest_route=\/wp\/v2\/types\/post"}],"author":[{"embeddable":true,"href":"https:\/\/diarioregionaldigital.com.br\/index.php?rest_route=\/wp\/v2\/users\/246"}],"replies":[{"embeddable":true,"href":"https:\/\/diarioregionaldigital.com.br\/index.php?rest_route=%2Fwp%2Fv2%2Fcomments&post=225238"}],"version-history":[{"count":1,"href":"https:\/\/diarioregionaldigital.com.br\/index.php?rest_route=\/wp\/v2\/posts\/225238\/revisions"}],"predecessor-version":[{"id":225240,"href":"https:\/\/diarioregionaldigital.com.br\/index.php?rest_route=\/wp\/v2\/posts\/225238\/revisions\/225240"}],"wp:featuredmedia":[{"embeddable":true,"href":"https:\/\/diarioregionaldigital.com.br\/index.php?rest_route=\/wp\/v2\/media\/225239"}],"wp:attachment":[{"href":"https:\/\/diarioregionaldigital.com.br\/index.php?rest_route=%2Fwp%2Fv2%2Fmedia&parent=225238"}],"wp:term":[{"taxonomy":"category","embeddable":true,"href":"https:\/\/diarioregionaldigital.com.br\/index.php?rest_route=%2Fwp%2Fv2%2Fcategories&post=225238"},{"taxonomy":"post_tag","embeddable":true,"href":"https:\/\/diarioregionaldigital.com.br\/index.php?rest_route=%2Fwp%2Fv2%2Ftags&post=225238"}],"curies":[{"name":"wp","href":"https:\/\/api.w.org\/{rel}","templated":true}]}}