{"id":225235,"date":"2024-10-31T20:32:07","date_gmt":"2024-10-31T23:32:07","guid":{"rendered":"https:\/\/diarioregionaldigital.com.br\/?p=225235"},"modified":"2024-10-31T20:32:07","modified_gmt":"2024-10-31T23:32:07","slug":"transito-no-entorno-do-cemiterio-municipal-e-parque-da-saudade-sera-alterado-para-o-dia-de-finados","status":"publish","type":"post","link":"https:\/\/diarioregionaldigital.com.br\/?p=225235","title":{"rendered":"Tr\u00e2nsito no entorno do Cemit\u00e9rio Municipal e Parque da Saudade ser\u00e1 alterado para o Dia de Finados"},"content":{"rendered":"<p>Segundo informa\u00e7\u00f5es do site da Prefeitura de Juiz de Fora (PJF), a\u00a0Secretaria de Mobilidade Urbana (SMU) da Prefeitura de Juiz de Fora (PJF) promover\u00e1 altera\u00e7\u00f5es nas ruas pr\u00f3ximas aos cemit\u00e9rios neste s\u00e1bado, 2, Dia de Finados, para melhor a fluidez do tr\u00e2nsito com o aumento do n\u00famero de visitantes nos cemit\u00e9rios de maior movimento da cidade.<\/p>\n<p>&nbsp;<\/p>\n<div>No Cemit\u00e9rio \u201cParque da Saudade\u201d ser\u00e1 implantada m\u00e3o \u00fanica na Rua Alencar Trist\u00e3o, no bairro Santa Terezinha, entre a Avenida Rui Barbosa e a Pra\u00e7a Santos Marc\u00e3o, na divisa com o bairro Nossa Senhora das Gra\u00e7as. Para acessar o \u201cParque da Saudade\u201d, os ve\u00edculos provenientes do bairro Bandeirantes e adjac\u00eancias dever\u00e3o seguir pela Rua Gr\u00e3o Mogol, Avenida Rui Barbosa, Rua Santa Terezinha, Rua Doutor Jos\u00e9 Eutr\u00f3pio, Rua Humberto de Campos, Avenida Rui Barbosa e Avenida Alencar Trist\u00e3o.<\/div>\n<p>&nbsp;<\/p>\n<div>J\u00e1 no entorno do Cemit\u00e9rio Municipal e dos outros do Munic\u00edpio, n\u00e3o haver\u00e1 altera\u00e7\u00f5es no tr\u00e2nsito. Por\u00e9m, no entorno da Pra\u00e7a da Rep\u00fablica, no bairro Po\u00e7o Rico, haver\u00e1 estreitamento de pista para possibilitar o estacionamento em 45 graus em alguns pontos. Os agentes de transporte e tr\u00e2nsito da SMU estar\u00e3o presentes no Parque da Saudade e no Cemit\u00e9rio Municipal para orientar motoristas e fiscalizar irregularidades que prejudiquem a fluidez nestes pontos. J\u00e1 no Cemit\u00e9rio de S\u00e3o Pedro ser\u00e1 refor\u00e7ada a sinaliza\u00e7\u00e3o de tr\u00e2nsito, que tamb\u00e9m receber\u00e1 rondas dos agentes, assim como o Cemit\u00e9rio da Gl\u00f3ria.<\/div>\n<div>\nComo o Dia de Finados \u00e9 feriado nacional, n\u00e3o h\u00e1 cobran\u00e7a de tarifa nos \u00f4nibus urbanos da cidade, dando acesso a todos os moradores da cidade aos cemit\u00e9rios.<\/div>\n<p>&nbsp;<\/p>\n","protected":false},"excerpt":{"rendered":"<p>Segundo informa\u00e7\u00f5es do site da Prefeitura de Juiz de Fora (PJF), a\u00a0Secretaria de Mobilidade Urbana (SMU) da Prefeitura de Juiz de Fora (PJF) promover\u00e1 altera\u00e7\u00f5es nas ruas pr\u00f3ximas aos cemit\u00e9rios neste s\u00e1bado, 2, Dia de Finados, para melhor a fluidez do tr\u00e2nsito com o aumento do n\u00famero de visitantes nos cemit\u00e9rios de maior movimento da [&hellip;]<\/p>\n","protected":false},"author":246,"featured_media":225236,"comment_status":"closed","ping_status":"closed","sticky":false,"template":"","format":"standard","meta":{"footnotes":""},"categories":[253,436,439],"tags":[],"class_list":["post-225235","post","type-post","status-publish","format-standard","has-post-thumbnail","hentry","category-cidade","category-destaque-da-semana","category-ultima-hora"],"_links":{"self":[{"href":"https:\/\/diarioregionaldigital.com.br\/index.php?rest_route=\/wp\/v2\/posts\/225235","targetHints":{"allow":["GET"]}}],"collection":[{"href":"https:\/\/diarioregionaldigital.com.br\/index.php?rest_route=\/wp\/v2\/posts"}],"about":[{"href":"https:\/\/diarioregionaldigital.com.br\/index.php?rest_route=\/wp\/v2\/types\/post"}],"author":[{"embeddable":true,"href":"https:\/\/diarioregionaldigital.com.br\/index.php?rest_route=\/wp\/v2\/users\/246"}],"replies":[{"embeddable":true,"href":"https:\/\/diarioregionaldigital.com.br\/index.php?rest_route=%2Fwp%2Fv2%2Fcomments&post=225235"}],"version-history":[{"count":1,"href":"https:\/\/diarioregionaldigital.com.br\/index.php?rest_route=\/wp\/v2\/posts\/225235\/revisions"}],"predecessor-version":[{"id":225237,"href":"https:\/\/diarioregionaldigital.com.br\/index.php?rest_route=\/wp\/v2\/posts\/225235\/revisions\/225237"}],"wp:featuredmedia":[{"embeddable":true,"href":"https:\/\/diarioregionaldigital.com.br\/index.php?rest_route=\/wp\/v2\/media\/225236"}],"wp:attachment":[{"href":"https:\/\/diarioregionaldigital.com.br\/index.php?rest_route=%2Fwp%2Fv2%2Fmedia&parent=225235"}],"wp:term":[{"taxonomy":"category","embeddable":true,"href":"https:\/\/diarioregionaldigital.com.br\/index.php?rest_route=%2Fwp%2Fv2%2Fcategories&post=225235"},{"taxonomy":"post_tag","embeddable":true,"href":"https:\/\/diarioregionaldigital.com.br\/index.php?rest_route=%2Fwp%2Fv2%2Ftags&post=225235"}],"curies":[{"name":"wp","href":"https:\/\/api.w.org\/{rel}","templated":true}]}}