{"id":225211,"date":"2024-10-30T20:10:57","date_gmt":"2024-10-30T23:10:57","guid":{"rendered":"https:\/\/diarioregionaldigital.com.br\/?p=225211"},"modified":"2024-10-30T20:10:57","modified_gmt":"2024-10-30T23:10:57","slug":"juiz-de-fora-bate-recorde-de-emprego-no-ano-com-saldo-de-quase-7-mil-vagas","status":"publish","type":"post","link":"https:\/\/diarioregionaldigital.com.br\/?p=225211","title":{"rendered":"Juiz de Fora bate recorde de emprego no ano com saldo de quase 7 mil vagas"},"content":{"rendered":"<p>Segundo informa\u00e7\u00f5es do site da Prefeitura de Juiz de Fora (PJF), Juiz de Fora gerou 466 postos de trabalho em setembro, diferen\u00e7a entre 6.014 admiss\u00f5es e 5.548 desligamentos realizados no per\u00edodo. Com o resultado, a cidade soma 6996 empregos de carteira assinada gerados em 2024 e ultrapassa os saldos anuais dos anos de 2020 a 2023, consolidando um recorde do Novo Caged (iniciada em janeiro de 2020) antes mesmo do fim do ano. De 2020 a 2023 os saldos anuais foram, respectivamente, -5.216, 6.440, 3.682 e 3.823.<\/p>\n<p>O resultado tamb\u00e9m representa um aumento do saldo em rela\u00e7\u00e3o ao mesmo m\u00eas do ano passado, quando as admiss\u00f5es foram maiores que as demiss\u00f5es em 24 vagas de emprego formais. As informa\u00e7\u00f5es s\u00e3o do Cadastro Geral de Empregados e Desempregados (Caged), divulgado nesta quarta-feira, 30, pelo Minist\u00e9rio do Trabalho e Emprego (MTE).<\/p>\n<p>Al\u00e9m disso, a cidade criou, proporcionalmente, mais empregos que o estado de Minas Gerais e o pa\u00eds, no per\u00edodo acumulado de janeiro a setembro. O Estoque (total de v\u00ednculos celetistas) em Juiz de Fora cresceu 4,89%, Minas Gerais cresceu 4,28% e Brasil, 4,35%. Ao todo, existem 149.944 trabalhadores empregados formalmente na cidade.<\/p>\n<p>O setor que mais empregou no m\u00eas foi Servi\u00e7os, com saldo positivo de 239 postos de trabalho; seguido dos Com\u00e9rcio, com 210; Constru\u00e7\u00e3o, 49; Agropecu\u00e1ria, 3 e Ind\u00fastria, -35. Minas Gerais e Brasil apresentaram saldo positivo em todos os setores (exceto a Agropecu\u00e1ria).<\/p>\n<p>Para o secret\u00e1rio de Desenvolvimento Sustent\u00e1vel e Inclusivo, da Inova\u00e7\u00e3o e Competitividade da Prefeitura de Juiz de Fora (PJF), Ignacio Delgado, \u201co desempenho da cidade na gera\u00e7\u00e3o de empregos \u00e9 um reflexo de um conjunto de elementos, que v\u00e3o desde a melhoria das condi\u00e7\u00f5es de vida no espa\u00e7o urbano, a facilita\u00e7\u00e3o na abertura e continuidade de novos empreendimentos, o ambiente de neg\u00f3cios cada vez melhor e, naturalmente, uma conjuntura positiva no Brasil, de retomada de investimentos.\u201d<\/p>\n<p>\u201cN\u00f3s precisamos agora intensificar as a\u00e7\u00f5es j\u00e1 em curso para refor\u00e7ar na cidade as atividades mais intensivas em tecnologia que temos como voca\u00e7\u00f5es importantes em Juiz de Fora, nas \u00e1reas de sa\u00fade e de novas energias, al\u00e9m do fortalecimento dos setores tradicionais\u201d, completa.<\/p>\n","protected":false},"excerpt":{"rendered":"<p>Segundo informa\u00e7\u00f5es do site da Prefeitura de Juiz de Fora (PJF), Juiz de Fora gerou 466 postos de trabalho em setembro, diferen\u00e7a entre 6.014 admiss\u00f5es e 5.548 desligamentos realizados no per\u00edodo. Com o resultado, a cidade soma 6996 empregos de carteira assinada gerados em 2024 e ultrapassa os saldos anuais dos anos de 2020 a [&hellip;]<\/p>\n","protected":false},"author":246,"featured_media":225212,"comment_status":"closed","ping_status":"closed","sticky":false,"template":"","format":"standard","meta":{"footnotes":""},"categories":[253,436,440,439],"tags":[],"class_list":["post-225211","post","type-post","status-publish","format-standard","has-post-thumbnail","hentry","category-cidade","category-destaque-da-semana","category-destaques-do-dia","category-ultima-hora"],"_links":{"self":[{"href":"https:\/\/diarioregionaldigital.com.br\/index.php?rest_route=\/wp\/v2\/posts\/225211","targetHints":{"allow":["GET"]}}],"collection":[{"href":"https:\/\/diarioregionaldigital.com.br\/index.php?rest_route=\/wp\/v2\/posts"}],"about":[{"href":"https:\/\/diarioregionaldigital.com.br\/index.php?rest_route=\/wp\/v2\/types\/post"}],"author":[{"embeddable":true,"href":"https:\/\/diarioregionaldigital.com.br\/index.php?rest_route=\/wp\/v2\/users\/246"}],"replies":[{"embeddable":true,"href":"https:\/\/diarioregionaldigital.com.br\/index.php?rest_route=%2Fwp%2Fv2%2Fcomments&post=225211"}],"version-history":[{"count":1,"href":"https:\/\/diarioregionaldigital.com.br\/index.php?rest_route=\/wp\/v2\/posts\/225211\/revisions"}],"predecessor-version":[{"id":225213,"href":"https:\/\/diarioregionaldigital.com.br\/index.php?rest_route=\/wp\/v2\/posts\/225211\/revisions\/225213"}],"wp:featuredmedia":[{"embeddable":true,"href":"https:\/\/diarioregionaldigital.com.br\/index.php?rest_route=\/wp\/v2\/media\/225212"}],"wp:attachment":[{"href":"https:\/\/diarioregionaldigital.com.br\/index.php?rest_route=%2Fwp%2Fv2%2Fmedia&parent=225211"}],"wp:term":[{"taxonomy":"category","embeddable":true,"href":"https:\/\/diarioregionaldigital.com.br\/index.php?rest_route=%2Fwp%2Fv2%2Fcategories&post=225211"},{"taxonomy":"post_tag","embeddable":true,"href":"https:\/\/diarioregionaldigital.com.br\/index.php?rest_route=%2Fwp%2Fv2%2Ftags&post=225211"}],"curies":[{"name":"wp","href":"https:\/\/api.w.org\/{rel}","templated":true}]}}