{"id":225195,"date":"2024-10-29T21:16:18","date_gmt":"2024-10-30T00:16:18","guid":{"rendered":"https:\/\/diarioregionaldigital.com.br\/?p=225195"},"modified":"2024-10-29T21:16:18","modified_gmt":"2024-10-30T00:16:18","slug":"pjf-divulga-10o-boletim-da-copa-prefeitura-de-futebol-amador","status":"publish","type":"post","link":"https:\/\/diarioregionaldigital.com.br\/?p=225195","title":{"rendered":"PJF divulga 10\u00ba boletim da Copa Prefeitura de Futebol Amador"},"content":{"rendered":"<p>Segundo informa\u00e7\u00f5es do site da Prefeitura de Juiz de Fora (PJF), a PJF informa que acontece entre o fim de semana, at\u00e9 ter\u00e7a-feira, dia 5, a d\u00e9cima rodada da Copa Prefeitura de Futebol Amador. Nesta rodada, 41 jogos ser\u00e3o disputados. No s\u00e1bado, 2, ser\u00e3o realizados 17 jogos entre 9h e 13h15, na Caem do Progresso, Polivalente e Cer\u00e2mica. No domingo, dia 3, ser\u00e3o 20 jogos, entre 8h30 e 12h, na Caem do Linhares, Cer\u00e2mica,\u00a0 Polivalente, Progresso e S\u00e3o Benedito. Na segunda-feira, dia 4, ser\u00e3o 2 jogos, o primeiro \u00e0s 19h e o segundo, \u00e0s 19h45, no Polivalente. Por fim, na ter\u00e7a-feira, dia 5, ser\u00e3o mais dois jogos, o primeiro \u00e0s 19h e o segundo, \u00e0s 19h45, no Polivalente. Confira o boletim completo em anexo.<\/p>\n<div id=\"box_texto_noticia\">\n<p>Este ano, 194 equipes foram credenciadas em 14 categorias e est\u00e3o participando da competi\u00e7\u00e3o. Ser\u00e3o realizadas mais de 340 partidas, no per\u00edodo de agosto a dezembro, com participa\u00e7\u00e3o de aproximadamente 4.500 pessoas, entre atletas e comiss\u00e3o t\u00e9cnica.<\/p>\n<\/div>\n<div class=\"texto_anexo\"><img loading=\"lazy\" decoding=\"async\" src=\"https:\/\/www.pjf.mg.gov.br\/imagens\/clips.jpg\" width=\"22\" height=\"20\" \/>\u00a0<a href=\"https:\/\/www.pjf.mg.gov.br\/noticias\/anexo\/BOLETIM10(2).pdf\" target=\"_blank\" rel=\"noopener\">Veja o anexo<\/a><\/div>\n","protected":false},"excerpt":{"rendered":"<p>Segundo informa\u00e7\u00f5es do site da Prefeitura de Juiz de Fora (PJF), a PJF informa que acontece entre o fim de semana, at\u00e9 ter\u00e7a-feira, dia 5, a d\u00e9cima rodada da Copa Prefeitura de Futebol Amador. Nesta rodada, 41 jogos ser\u00e3o disputados. No s\u00e1bado, 2, ser\u00e3o realizados 17 jogos entre 9h e 13h15, na Caem do Progresso, [&hellip;]<\/p>\n","protected":false},"author":246,"featured_media":225196,"comment_status":"closed","ping_status":"closed","sticky":false,"template":"","format":"standard","meta":{"footnotes":""},"categories":[253,436,257,439],"tags":[],"class_list":["post-225195","post","type-post","status-publish","format-standard","has-post-thumbnail","hentry","category-cidade","category-destaque-da-semana","category-esporte","category-ultima-hora"],"_links":{"self":[{"href":"https:\/\/diarioregionaldigital.com.br\/index.php?rest_route=\/wp\/v2\/posts\/225195","targetHints":{"allow":["GET"]}}],"collection":[{"href":"https:\/\/diarioregionaldigital.com.br\/index.php?rest_route=\/wp\/v2\/posts"}],"about":[{"href":"https:\/\/diarioregionaldigital.com.br\/index.php?rest_route=\/wp\/v2\/types\/post"}],"author":[{"embeddable":true,"href":"https:\/\/diarioregionaldigital.com.br\/index.php?rest_route=\/wp\/v2\/users\/246"}],"replies":[{"embeddable":true,"href":"https:\/\/diarioregionaldigital.com.br\/index.php?rest_route=%2Fwp%2Fv2%2Fcomments&post=225195"}],"version-history":[{"count":1,"href":"https:\/\/diarioregionaldigital.com.br\/index.php?rest_route=\/wp\/v2\/posts\/225195\/revisions"}],"predecessor-version":[{"id":225197,"href":"https:\/\/diarioregionaldigital.com.br\/index.php?rest_route=\/wp\/v2\/posts\/225195\/revisions\/225197"}],"wp:featuredmedia":[{"embeddable":true,"href":"https:\/\/diarioregionaldigital.com.br\/index.php?rest_route=\/wp\/v2\/media\/225196"}],"wp:attachment":[{"href":"https:\/\/diarioregionaldigital.com.br\/index.php?rest_route=%2Fwp%2Fv2%2Fmedia&parent=225195"}],"wp:term":[{"taxonomy":"category","embeddable":true,"href":"https:\/\/diarioregionaldigital.com.br\/index.php?rest_route=%2Fwp%2Fv2%2Fcategories&post=225195"},{"taxonomy":"post_tag","embeddable":true,"href":"https:\/\/diarioregionaldigital.com.br\/index.php?rest_route=%2Fwp%2Fv2%2Ftags&post=225195"}],"curies":[{"name":"wp","href":"https:\/\/api.w.org\/{rel}","templated":true}]}}