{"id":225186,"date":"2024-10-29T20:59:03","date_gmt":"2024-10-29T23:59:03","guid":{"rendered":"https:\/\/diarioregionaldigital.com.br\/?p=225186"},"modified":"2024-10-29T20:59:03","modified_gmt":"2024-10-29T23:59:03","slug":"governo-de-minas-destaca-importancia-da-infraestrutura-no-desenvolvimento-do-estado-em-seminario-do-setor","status":"publish","type":"post","link":"https:\/\/diarioregionaldigital.com.br\/?p=225186","title":{"rendered":"Governo de Minas destaca import\u00e2ncia da infraestrutura no desenvolvimento do estado em semin\u00e1rio do setor"},"content":{"rendered":"<p><main class=\"clear margin-md-bottom-3\"><\/p>\n<div class=\"clear \">\n<p>O\u00a0<a href=\"https:\/\/www.mg.gov.br\/\" target=\"_blank\" rel=\"noopener\">Governo de Minas<\/a>\u00a0foi destaque na abertura do 1\u00ba Semin\u00e1rio de Investimentos e Oportunidades da Infraestrutura, realizado pela Federa\u00e7\u00e3o das Ind\u00fastrias do Estado de Minas Gerais (Fiemg), nesta ter\u00e7a-feira (29\/10), em Belo Horizonte.<\/p>\n<p>O evento re\u00fane l\u00edderes e agentes do setor de infraestrutura com o prop\u00f3sito de debater e impulsionar investimentos estrat\u00e9gicos, fomentando o desenvolvimento econ\u00f4mico e social do estado.<\/p>\n<p>O semin\u00e1rio busca fortalecer a infraestrutura mineira ao conectar especialistas e promover o networking entre setores p\u00fablico e privado. A programa\u00e7\u00e3o inclui quatro pain\u00e9is tem\u00e1ticos que discutir\u00e3o o papel dos investimentos p\u00fablicos, concess\u00f5es, al\u00e9m de oportunidades e desafios espec\u00edficos do setor.<\/p>\n<p>Com foco na expans\u00e3o econ\u00f4mica do estado, o governador Romeu Zema enfatizou a relev\u00e2ncia de uma infraestrutura robusta para alavancar o crescimento regional.<\/p>\n<p>Durante a abertura do evento, ele abordou as pol\u00edticas p\u00fablicas j\u00e1 em andamento e refor\u00e7ou o compromisso do governo com a atra\u00e7\u00e3o de investimentos, essenciais para a gera\u00e7\u00e3o de empregos e a melhoria da competitividade do estado no cen\u00e1rio nacional.<\/p>\n<table border=\"0\" cellspacing=\"1\" cellpadding=\"1\" align=\"center\">\n<tbody>\n<tr>\n<td colspan=\"5\"><img decoding=\"async\" src=\"https:\/\/www.agenciaminas.mg.gov.br\/ckeditor_assets\/pictures\/20949\/content_2_olho_topo.jpg\" alt=\"\" \/><\/td>\n<\/tr>\n<tr>\n<td><\/td>\n<td colspan=\"3\" rowspan=\"3\">\n<h1><strong>&#8220;A infraestrutura \u00e9 fundamental. Sem investimento neste setor, n\u00f3s estaremos condenando o estado ao subdesenvolvimento. Toda economia depende de eletricidade, de log\u00edstica e de boas comunica\u00e7\u00f5es. E esse semin\u00e1rio vem exatamente para mostrar o que est\u00e1 acontecendo em Minas&#8221;, disse Romeu Zema.<\/strong><\/h1>\n<\/td>\n<td><\/td>\n<\/tr>\n<tr>\n<td><\/td>\n<td><\/td>\n<\/tr>\n<tr>\n<td><\/td>\n<td><\/td>\n<\/tr>\n<tr>\n<td colspan=\"5\"><img decoding=\"async\" src=\"https:\/\/www.agenciaminas.mg.gov.br\/ckeditor_assets\/pictures\/20950\/content_2_olho_inferior.jpg\" alt=\"\" \/><\/td>\n<\/tr>\n<\/tbody>\n<\/table>\n<p>\u201cAs principais concession\u00e1rias, que ganharam as concess\u00f5es do metr\u00f4, do Rodoanel e das rodovias mineiras durante a nossa gest\u00e3o est\u00e3o aqui hoje mostrando que nosso governo \u00e9 comprometido com a seguran\u00e7a dos contratos\u201d, destacou o governador.<\/p>\n<p>Para o chefe do Executivo estadual, o encontro representa um marco no planejamento de longo prazo para Minas Gerais.<\/p>\n<p>\u201cTemos ainda muitos projetos pela frente. Nos pr\u00f3ximos dois anos, teremos mais concess\u00f5es e leil\u00f5es do que tivemos at\u00e9 agora. Para mim, como governador, \u00e9 muito gratificante ver tudo isso acontecendo em Minas Gerais, pois vai resultar na cria\u00e7\u00e3o de milhares de empregos e na atra\u00e7\u00e3o de bilh\u00f5es em investimentos, proporcionando uma infraestrutura duradoura e melhorando a vida dos mineiros\u201d, finalizou.<\/p>\n<p>Fonte: Ag\u00eancia Minas<\/p>\n<\/div>\n<p><\/main><\/p>\n","protected":false},"excerpt":{"rendered":"<p>O\u00a0Governo de Minas\u00a0foi destaque na abertura do 1\u00ba Semin\u00e1rio de Investimentos e Oportunidades da Infraestrutura, realizado pela Federa\u00e7\u00e3o das Ind\u00fastrias do Estado de Minas Gerais (Fiemg), nesta ter\u00e7a-feira (29\/10), em Belo Horizonte. O evento re\u00fane l\u00edderes e agentes do setor de infraestrutura com o prop\u00f3sito de debater e impulsionar investimentos estrat\u00e9gicos, fomentando o desenvolvimento econ\u00f4mico [&hellip;]<\/p>\n","protected":false},"author":246,"featured_media":225187,"comment_status":"closed","ping_status":"closed","sticky":false,"template":"","format":"standard","meta":{"footnotes":""},"categories":[436,440,261,254,252,439],"tags":[],"class_list":["post-225186","post","type-post","status-publish","format-standard","has-post-thumbnail","hentry","category-destaque-da-semana","category-destaques-do-dia","category-economia","category-politica","category-regiao","category-ultima-hora"],"_links":{"self":[{"href":"https:\/\/diarioregionaldigital.com.br\/index.php?rest_route=\/wp\/v2\/posts\/225186","targetHints":{"allow":["GET"]}}],"collection":[{"href":"https:\/\/diarioregionaldigital.com.br\/index.php?rest_route=\/wp\/v2\/posts"}],"about":[{"href":"https:\/\/diarioregionaldigital.com.br\/index.php?rest_route=\/wp\/v2\/types\/post"}],"author":[{"embeddable":true,"href":"https:\/\/diarioregionaldigital.com.br\/index.php?rest_route=\/wp\/v2\/users\/246"}],"replies":[{"embeddable":true,"href":"https:\/\/diarioregionaldigital.com.br\/index.php?rest_route=%2Fwp%2Fv2%2Fcomments&post=225186"}],"version-history":[{"count":1,"href":"https:\/\/diarioregionaldigital.com.br\/index.php?rest_route=\/wp\/v2\/posts\/225186\/revisions"}],"predecessor-version":[{"id":225188,"href":"https:\/\/diarioregionaldigital.com.br\/index.php?rest_route=\/wp\/v2\/posts\/225186\/revisions\/225188"}],"wp:featuredmedia":[{"embeddable":true,"href":"https:\/\/diarioregionaldigital.com.br\/index.php?rest_route=\/wp\/v2\/media\/225187"}],"wp:attachment":[{"href":"https:\/\/diarioregionaldigital.com.br\/index.php?rest_route=%2Fwp%2Fv2%2Fmedia&parent=225186"}],"wp:term":[{"taxonomy":"category","embeddable":true,"href":"https:\/\/diarioregionaldigital.com.br\/index.php?rest_route=%2Fwp%2Fv2%2Fcategories&post=225186"},{"taxonomy":"post_tag","embeddable":true,"href":"https:\/\/diarioregionaldigital.com.br\/index.php?rest_route=%2Fwp%2Fv2%2Ftags&post=225186"}],"curies":[{"name":"wp","href":"https:\/\/api.w.org\/{rel}","templated":true}]}}