{"id":225183,"date":"2024-10-29T20:51:58","date_gmt":"2024-10-29T23:51:58","guid":{"rendered":"https:\/\/diarioregionaldigital.com.br\/?p=225183"},"modified":"2024-10-29T20:51:58","modified_gmt":"2024-10-29T23:51:58","slug":"com-apoio-do-governo-de-minas-fiemg-firma-parceria-para-impulsionar-producao-de-terras-raras","status":"publish","type":"post","link":"https:\/\/diarioregionaldigital.com.br\/?p=225183","title":{"rendered":"Com apoio do Governo de Minas, Fiemg firma parceria para impulsionar produ\u00e7\u00e3o de terras raras"},"content":{"rendered":"<p>Com o apoio do\u00a0<u><a id=\"OWA2add1651-ab3b-48ab-f7cf-9a79f0d31184\" href=\"https:\/\/www.mg.gov.br\/\" target=\"_blank\" rel=\"noopener noreferrer\" data-auth=\"NotApplicable\" data-linkindex=\"0\">Governo de Minas<\/a><\/u>, por meio da\u00a0<u><a id=\"OWA7924b541-9beb-575e-4ac2-6d8baa2a616d\" href=\"https:\/\/desenvolvimento.mg.gov.br\/\" target=\"_blank\" rel=\"noopener noreferrer\" data-auth=\"NotApplicable\" data-linkindex=\"1\">Secretaria de Estado de Desenvolvimento Econ\u00f4mico (Sede-MG)<\/a><\/u>\u00a0e sua ag\u00eancia vinculada\u00a0<u><a id=\"OWAbf9a63ee-1adf-6372-cb90-bd7a4bc5bf02\" href=\"https:\/\/investminas.mg.gov.br\/\" target=\"_blank\" rel=\"noopener noreferrer\" data-auth=\"NotApplicable\" data-linkindex=\"2\">Invest Minas<\/a><\/u>, a Federa\u00e7\u00e3o das Ind\u00fastrias do Estado de Minas Gerais (Fiemg) firmou um acordo de coopera\u00e7\u00e3o com tr\u00eas empresas australianas. O objetivo \u00e9 impulsionar a pesquisa, desenvolvimento e inova\u00e7\u00e3o na produ\u00e7\u00e3o piloto de \u00edm\u00e3s de terras raras na Unidade do Senai de \u00cdm\u00e3s e Terras Raras (CIT SenaiITR) localizada em Lagoa Santa, na Regi\u00e3o Metropolitana de Belo Horizonte.<\/p>\n<p>As empresas Viridis Mining and Minerals, Viridion Rare Earth Technologies LTDA e Meteoric Caldeira Minera\u00e7\u00e3o assinaram um Memorando de Entendimento (MoU) nessa segunda-feira (28\/10), em Perth, durante miss\u00e3o do Governo de Minas \u00e0 Austr\u00e1lia. O documento, que pode resultar em novas oportunidades de emprego e atra\u00e7\u00e3o de investimentos para Minas Gerais, ter\u00e1 validade de cinco anos, podendo ser prorrogado por meio de termo aditivo.<\/p>\n<p>O secret\u00e1rio de Estado de\u00a0<a href=\"https:\/\/desenvolvimento.mg.gov.br\/\" target=\"_blank\" rel=\"noopener\">Desenvolvimento Econ\u00f4mico de Minas<\/a>, Fernando Passalio, destacou o papel do estado na lideran\u00e7a da atra\u00e7\u00e3o de investimentos alinhados \u00e0 nova economia mundial.\u00a0\u201c\u00c9 Minas Gerais se consolidando nesse processo de\u00a0 transi\u00e7\u00e3o energ\u00e9tica. Temos o l\u00edtio, terras raras e outros metais cr\u00edticos, tornando o Estado em uma refer\u00eancia mundial nessa nova economia. Para n\u00f3s do Governo de Minas, \u00e9 um orgulho enorme fazer parte desse processo e dessa parceria, que eu tenho certeza que vai render bons frutos para Minas no futuro\u201d, afirmou.<\/p>\n<p>A Fiemg adquiriu o antigo Laborat\u00f3rio de Produ\u00e7\u00e3o de \u00cdm\u00e3s de Terras Raras (LABFAB ITR), em 21 de dezembro de 2023, da\u00a0<a href=\"http:\/\/www.codemge.com.br\/\" target=\"_blank\" rel=\"noopener\">Companhia de Desenvolvimento de Minas Gerais (Codemge)<\/a>. Esse \u00e9 o primeiro laborat\u00f3rio de \u00edm\u00e3s de terras raras da Am\u00e9rica do Sul, criando uma cadeia de suprimentos quase \u00fanica no mundo, fora da China. A unidade foi integrada ao ecossistema de inova\u00e7\u00e3o da Fiemg, que inclui o Servi\u00e7o Nacional de Aprendizagem Industrial (Senai) e uma equipe de mais de 200 pesquisadores.<\/p>\n<p>As terras raras s\u00e3o um grupo composto por 17 elementos qu\u00edmicos, que pertencem \u00e0 s\u00e9rie dos lantan\u00eddeos na Tabela Peri\u00f3dica, al\u00e9m de dois outros elementos intimamente relacionados (esc\u00e2ndio e \u00edtrio). Esses minerais n\u00e3o s\u00e3o encontrados na forma elementar pura na natureza, mas em \u00f3xidos e compostos. Eles s\u00e3o essenciais para v\u00e1rias tecnologias modernas, como baterias, eletr\u00f4nicos, \u00edm\u00e3s e solu\u00e7\u00f5es de energia limpa.<\/p>\n<p>O acordo assinado pela Fiemg permite a cria\u00e7\u00e3o de um ecossistema robusto em Minas Gerais, com mineradoras extraindo elementos de terras raras, uma planta qu\u00edmica fornecendo \u00f3xido e o CIT Senai ITR utilizando essa mat\u00e9ria-prima para a produ\u00e7\u00e3o de \u00edm\u00e3s. Al\u00e9m disso, ele gera oportunidades para novas cadeias de valor, como a fabrica\u00e7\u00e3o de motores e turbinas e\u00f3licas.<\/p>\n<p>O presidente da Fiemg, Fl\u00e1vio Roscoe, chamou a aten\u00e7\u00e3o para a import\u00e2ncia dos protocolos assinados com mineradoras australianas, permitindo o uso do laborat\u00f3rio do CIT Senai ITR e a coopera\u00e7\u00e3o em uma nova iniciativa de terras raras. Roscoe tamb\u00e9m elogiou o papel do Estado nesse processo.\u00a0\u201cO governo tem realizado um excelente trabalho na atra\u00e7\u00e3o dessas empresas, e juntos estamos fazendo tudo o que \u00e9 poss\u00edvel para fortalecer essa parceria\u201d, ressaltou.<\/p>\n<p>Papel da Invest Minas<\/p>\n<p>A Invest Minas desempenhou um papel fundamental na assinatura do Memorando de Entendimento (MoU), facilitando a conex\u00e3o entre a Unidade do Senai de \u00cdm\u00e3s e Terras Raras (CIT Senai ITR) e as mineradoras, que inicialmente desconheciam a exist\u00eancia do laborat\u00f3rio em Minas Gerais.<\/p>\n<p>Em dezembro de 2023, a assessora Estrat\u00e9gica da Invest Minas, Ana Beatriz Sullato, e o analista de Atra\u00e7\u00e3o de Investimentos, Eduardo Pascoal, acompanharam a visita das empresas Viridis e Meteoric ao centro de pesquisa, marcando o in\u00edcio da parceria estrat\u00e9gica entre as empresas.<\/p>\n<p>&#8220;Essa parceria fortalece Minas Gerais como um polo estrat\u00e9gico no setor de terras raras, criando um ecossistema inovador e sustent\u00e1vel, capaz de atrair novos investimentos e gerar oportunidades de emprego de alta qualifica\u00e7\u00e3o no estado&#8221;,\u00a0comentou o diretor de Atra\u00e7\u00e3o de Investimentos da Invest Minas, Ronaldo Alexandre Barquette.<\/p>\n<p>Fonte: Ag\u00eancia Minas<\/p>\n","protected":false},"excerpt":{"rendered":"<p>Com o apoio do\u00a0Governo de Minas, por meio da\u00a0Secretaria de Estado de Desenvolvimento Econ\u00f4mico (Sede-MG)\u00a0e sua ag\u00eancia vinculada\u00a0Invest Minas, a Federa\u00e7\u00e3o das Ind\u00fastrias do Estado de Minas Gerais (Fiemg) firmou um acordo de coopera\u00e7\u00e3o com tr\u00eas empresas australianas. O objetivo \u00e9 impulsionar a pesquisa, desenvolvimento e inova\u00e7\u00e3o na produ\u00e7\u00e3o piloto de \u00edm\u00e3s de terras raras [&hellip;]<\/p>\n","protected":false},"author":246,"featured_media":225184,"comment_status":"closed","ping_status":"closed","sticky":false,"template":"","format":"standard","meta":{"footnotes":""},"categories":[436,261,254,439],"tags":[],"class_list":["post-225183","post","type-post","status-publish","format-standard","has-post-thumbnail","hentry","category-destaque-da-semana","category-economia","category-politica","category-ultima-hora"],"_links":{"self":[{"href":"https:\/\/diarioregionaldigital.com.br\/index.php?rest_route=\/wp\/v2\/posts\/225183","targetHints":{"allow":["GET"]}}],"collection":[{"href":"https:\/\/diarioregionaldigital.com.br\/index.php?rest_route=\/wp\/v2\/posts"}],"about":[{"href":"https:\/\/diarioregionaldigital.com.br\/index.php?rest_route=\/wp\/v2\/types\/post"}],"author":[{"embeddable":true,"href":"https:\/\/diarioregionaldigital.com.br\/index.php?rest_route=\/wp\/v2\/users\/246"}],"replies":[{"embeddable":true,"href":"https:\/\/diarioregionaldigital.com.br\/index.php?rest_route=%2Fwp%2Fv2%2Fcomments&post=225183"}],"version-history":[{"count":1,"href":"https:\/\/diarioregionaldigital.com.br\/index.php?rest_route=\/wp\/v2\/posts\/225183\/revisions"}],"predecessor-version":[{"id":225185,"href":"https:\/\/diarioregionaldigital.com.br\/index.php?rest_route=\/wp\/v2\/posts\/225183\/revisions\/225185"}],"wp:featuredmedia":[{"embeddable":true,"href":"https:\/\/diarioregionaldigital.com.br\/index.php?rest_route=\/wp\/v2\/media\/225184"}],"wp:attachment":[{"href":"https:\/\/diarioregionaldigital.com.br\/index.php?rest_route=%2Fwp%2Fv2%2Fmedia&parent=225183"}],"wp:term":[{"taxonomy":"category","embeddable":true,"href":"https:\/\/diarioregionaldigital.com.br\/index.php?rest_route=%2Fwp%2Fv2%2Fcategories&post=225183"},{"taxonomy":"post_tag","embeddable":true,"href":"https:\/\/diarioregionaldigital.com.br\/index.php?rest_route=%2Fwp%2Fv2%2Ftags&post=225183"}],"curies":[{"name":"wp","href":"https:\/\/api.w.org\/{rel}","templated":true}]}}