{"id":225174,"date":"2024-10-28T20:21:06","date_gmt":"2024-10-28T23:21:06","guid":{"rendered":"https:\/\/diarioregionaldigital.com.br\/?p=225174"},"modified":"2024-10-28T20:21:06","modified_gmt":"2024-10-28T23:21:06","slug":"juiz-de-fora-registra-maior-queda-de-crimes-violentos-entre-os-seis-municipios-mais-populosos-de-minas","status":"publish","type":"post","link":"https:\/\/diarioregionaldigital.com.br\/?p=225174","title":{"rendered":"Juiz de Fora registra maior queda de crimes violentos entre os seis munic\u00edpios mais populosos de Minas"},"content":{"rendered":"<p>Segundo informa\u00e7\u00f5es do site da Prefeitura de Juiz de Fora (PJF), Juiz de Fora tem a maior queda em registros de crimes violentos entre os seis munic\u00edpios mais populosos de Minas Gerais no comparativo entre os oito primeiros meses de 2023 e 2024. Uberl\u00e2ndia, Betim e Montes Claros apresentaram eleva\u00e7\u00e3o do \u00edndice. Enquanto Belo Horizonte e Contagem tiveram redu\u00e7\u00e3o de 4,05% e 6,54% cada, Juiz de Fora se distanciou das demais com a marca de 44,15% menos incid\u00eancia de crimes violentos no per\u00edodo. Os n\u00fameros est\u00e3o na nona edi\u00e7\u00e3o do Monitor de Dados P\u00fablicos, organizado pelo Observat\u00f3rio Municipal de Viol\u00eancia e Criminalidade, a partir da an\u00e1lise de informa\u00e7\u00f5es disponibilizadas pela Secretaria de Estado de Justi\u00e7a e Seguran\u00e7a P\u00fablica de Minas Gerais (Sejusp-MG). Para conferir\u00a0<a href=\"https:\/\/www.pjf.mg.gov.br\/secretarias\/sesuc\/arquivos\/Monitor_N9_FINAL_22-10.pdf\"><strong>acesse aqui<\/strong><\/a>.<\/p>\n<div>\u201cO cintur\u00e3o de 333 c\u00e2meras que n\u00f3s temos instaladas na cidade, inclusive nas sa\u00eddas da cidade, \u00e9\u00a0 um aumento de seguran\u00e7a para todas e todos n\u00f3s que moramos na nossa cidade e queremos usufruir dela da melhor maneira\u201d, destacou a prefeita Margarida Salom\u00e3o.<\/div>\n<p>&nbsp;<\/p>\n<div>Juiz de Fora lidera a redu\u00e7\u00e3o nos n\u00fameros de homic\u00eddios consumados entre os seis munic\u00edpios mais populosos do estado, com diminui\u00e7\u00e3o significativa de 40,43% entre os anos de 2023 e 2024. De janeiro a agosto de 2024, em compara\u00e7\u00e3o ao mesmo per\u00edodo do ano anterior, houve aumento no n\u00famero de v\u00edtimas de homic\u00eddio consumado em Minas Gerais e nos tr\u00eas munic\u00edpios mineiros mais populosos do estado. J\u00e1 na 4\u00aa Regi\u00e3o Integrada de Seguran\u00e7a P\u00fablica (4\u00aa Risp) e nos munic\u00edpios de Juiz de Fora, Montes Claros e Betim verificou-se evolu\u00e7\u00e3o negativa.<\/div>\n<p>&nbsp;<\/p>\n<div>Seguem em queda tamb\u00e9m os alvos de roubos na cidade, cujo \u00edndice foi 55,81% menor em 2024. De janeiro a agosto de 2023, foram contabilizadas 267 ocorr\u00eancias desta natureza, j\u00e1 no mesmo recorte de tempo em 2024 foram 118. A redu\u00e7\u00e3o \u00e9 maior do que as verificadas em Minas Gerais, 10,84% e na 4\u00aa Risp, 31,85%. Os alvos de furto, que \u00e9 a subtra\u00e7\u00e3o sem emprego de viol\u00eancia ou amea\u00e7a, em Juiz de Fora acompanham a tend\u00eancia, com 24,81% menos casos em 2024 em rela\u00e7\u00e3o a 2023. A cidade conseguiu patamar superior aos de Minas Gerais, que teve queda de 11,28% e da 4\u00aa RISP, que registrou 15,59% de redu\u00e7\u00e3o.<\/div>\n<p>&nbsp;<\/p>\n<div>Assim como no monitor anterior, chama a aten\u00e7\u00e3o a desacelera\u00e7\u00e3o dos registros de ve\u00edculos furtados e roubados na cidade. Entre janeiro e agosto dos anos de 2023 e 2024, o \u00edndice de ve\u00edculos furtados teve retra\u00e7\u00e3o de 67,05% e o total de ve\u00edculos roubados caiu em 67,50%, contrastando com a eleva\u00e7\u00e3o desses crimes no estado de Minas, onde as marcas ampliaram para 1,53% e 4,85% a mais que no per\u00edodo anterior. Para se ter uma ideia da propor\u00e7\u00e3o, em 2023 foram furtados e roubados o total de 298 ve\u00edculos em Juiz de Fora e em 2024 foram 98, uma redu\u00e7\u00e3o de 204% na incid\u00eancia desta modalidade de crime.<\/div>\n<p>&nbsp;<\/p>\n<div><strong>Sobre o Monitor de Dados P\u00fablicos<\/strong><\/div>\n<p>&nbsp;<\/p>\n<div>A organiza\u00e7\u00e3o do Monitor \u00e9 uma produ\u00e7\u00e3o da Secretaria de Seguran\u00e7a Urbana e Cidadania (Sesuc) e visa desenvolver estudos estat\u00edsticos que contribuam para melhor an\u00e1lise do cen\u00e1rio da seguran\u00e7a e o aprimoramento permanente da atua\u00e7\u00e3o no setor.<\/div>\n<p>&nbsp;<\/p>\n<div>A produ\u00e7\u00e3o de pesquisa em seguran\u00e7a p\u00fablica, por parte do munic\u00edpio, teve in\u00edcio recentemente, em janeiro de 2023, com a publica\u00e7\u00e3o do primeiro Monitor de Dados P\u00fablicos, pelo Observat\u00f3rio Municipal de Viol\u00eancia e Criminalidade. A implanta\u00e7\u00e3o deste \u00f3rg\u00e3o vem possibilitando a amplia\u00e7\u00e3o de conhecimentos, que aprofundam as discuss\u00f5es sobre o fen\u00f4meno da viol\u00eancia e oferecem embasamento para efetiva\u00e7\u00e3o de pol\u00edticas de enfrentamento, preven\u00e7\u00e3o e aten\u00e7\u00e3o na \u00e1rea da seguran\u00e7a.<\/div>\n<p>&nbsp;<\/p>\n<div>Constituir mecanismos de\u00a0diagn\u00f3sticos nas \u00e1reas de interesse da seguran\u00e7a p\u00fablica \u00e9 apontado como meta no\u00a0Plano Municipal de Seguran\u00e7a Urbana e Cidadania (<a href=\"https:\/\/jflegis.pjf.mg.gov.br\/norma.php?chave=0000048306\"><strong>Lei 12.424<\/strong><\/a>), bem como a\u00a0Lei 13.675\/2018, que instituiu o Sistema \u00danico de Seguran\u00e7a P\u00fablica (SUSP), refor\u00e7a a necessidade de as pol\u00edticas p\u00fablicas de seguran\u00e7a serem amparadas por estudos cient\u00edficos desta natureza a fim de que se realize o atendimento priorit\u00e1rio, qualificado e humanizado \u00e0s pessoas em situa\u00e7\u00e3o de vulnerabilidade.<\/div>\n","protected":false},"excerpt":{"rendered":"<p>Segundo informa\u00e7\u00f5es do site da Prefeitura de Juiz de Fora (PJF), Juiz de Fora tem a maior queda em registros de crimes violentos entre os seis munic\u00edpios mais populosos de Minas Gerais no comparativo entre os oito primeiros meses de 2023 e 2024. Uberl\u00e2ndia, Betim e Montes Claros apresentaram eleva\u00e7\u00e3o do \u00edndice. Enquanto Belo Horizonte [&hellip;]<\/p>\n","protected":false},"author":246,"featured_media":225175,"comment_status":"closed","ping_status":"closed","sticky":false,"template":"","format":"standard","meta":{"footnotes":""},"categories":[253,436,440,439],"tags":[],"class_list":["post-225174","post","type-post","status-publish","format-standard","has-post-thumbnail","hentry","category-cidade","category-destaque-da-semana","category-destaques-do-dia","category-ultima-hora"],"_links":{"self":[{"href":"https:\/\/diarioregionaldigital.com.br\/index.php?rest_route=\/wp\/v2\/posts\/225174","targetHints":{"allow":["GET"]}}],"collection":[{"href":"https:\/\/diarioregionaldigital.com.br\/index.php?rest_route=\/wp\/v2\/posts"}],"about":[{"href":"https:\/\/diarioregionaldigital.com.br\/index.php?rest_route=\/wp\/v2\/types\/post"}],"author":[{"embeddable":true,"href":"https:\/\/diarioregionaldigital.com.br\/index.php?rest_route=\/wp\/v2\/users\/246"}],"replies":[{"embeddable":true,"href":"https:\/\/diarioregionaldigital.com.br\/index.php?rest_route=%2Fwp%2Fv2%2Fcomments&post=225174"}],"version-history":[{"count":1,"href":"https:\/\/diarioregionaldigital.com.br\/index.php?rest_route=\/wp\/v2\/posts\/225174\/revisions"}],"predecessor-version":[{"id":225176,"href":"https:\/\/diarioregionaldigital.com.br\/index.php?rest_route=\/wp\/v2\/posts\/225174\/revisions\/225176"}],"wp:featuredmedia":[{"embeddable":true,"href":"https:\/\/diarioregionaldigital.com.br\/index.php?rest_route=\/wp\/v2\/media\/225175"}],"wp:attachment":[{"href":"https:\/\/diarioregionaldigital.com.br\/index.php?rest_route=%2Fwp%2Fv2%2Fmedia&parent=225174"}],"wp:term":[{"taxonomy":"category","embeddable":true,"href":"https:\/\/diarioregionaldigital.com.br\/index.php?rest_route=%2Fwp%2Fv2%2Fcategories&post=225174"},{"taxonomy":"post_tag","embeddable":true,"href":"https:\/\/diarioregionaldigital.com.br\/index.php?rest_route=%2Fwp%2Fv2%2Ftags&post=225174"}],"curies":[{"name":"wp","href":"https:\/\/api.w.org\/{rel}","templated":true}]}}