{"id":225165,"date":"2024-10-28T20:14:39","date_gmt":"2024-10-28T23:14:39","guid":{"rendered":"https:\/\/diarioregionaldigital.com.br\/?p=225165"},"modified":"2024-10-28T20:14:59","modified_gmt":"2024-10-28T23:14:59","slug":"servidores-publicos-defendem-melhores-salarios-e-condicoes-de-trabalho","status":"publish","type":"post","link":"https:\/\/diarioregionaldigital.com.br\/?p=225165","title":{"rendered":"Servidores p\u00fablicos defendem melhores sal\u00e1rios e condi\u00e7\u00f5es de trabalho"},"content":{"rendered":"<p>A Confedera\u00e7\u00e3o dos Trabalhadores no Servi\u00e7o P\u00fablico Federal (Condsef) divulgou nota nesta segunda-feira (28) para celebrar o Dia do Servidor P\u00fablico e defender a import\u00e2ncia do funcionalismo p\u00fablico para a constru\u00e7\u00e3o da democracia.<img decoding=\"async\" src=\"https:\/\/agenciabrasil.ebc.com.br\/ebc.png?id=1617283&amp;o=node\" \/><img decoding=\"async\" src=\"https:\/\/agenciabrasil.ebc.com.br\/ebc.gif?id=1617283&amp;o=node\" \/><\/p>\n<p>&#8220;Sabemos que n\u00e3o h\u00e1 democracia sem servi\u00e7os p\u00fablicos. S\u00e3o os servidores os protagonistas na promo\u00e7\u00e3o da cidadania e na constru\u00e7\u00e3o de uma sociedade mais justa e igualit\u00e1ria, garantindo acesso de toda a popula\u00e7\u00e3o a direitos sociais b\u00e1sicos \u00a0como educa\u00e7\u00e3o, sa\u00fade, cultura, seguridade social, moradia, seguran\u00e7a, alimenta\u00e7\u00e3o, trabalho e lazer&#8221;, destacou o texto.<\/p>\n<p>Para o secret\u00e1rio-geral da Condsef, S\u00e9rgio Ronaldo da Silva, o foco dos servidores federais historicamente foi e dever\u00e1 continuar sendo o de defender os servi\u00e7os p\u00fablicos brasileiros. &#8220;Queremos resgatar pol\u00edticas p\u00fablicas, concursos p\u00fablicos, resgatar direitos&#8221;, ressaltou.<\/p>\n<p>A Condsef considera que a categoria sofre ataques de setores empresariais interessados na privatiza\u00e7\u00e3o do servi\u00e7o p\u00fablico.<\/p>\n<p>O\u00a0 confedera\u00e7\u00e3o tamb\u00e9m critica a pol\u00edtica salarial adotada para o funcionalismo p\u00fablico federal. Os sindicatos defendem medidas para reduzir as distor\u00e7\u00f5es salariais e acompanham com preocupa\u00e7\u00e3o os<a href=\"https:\/\/agenciabrasil.ebc.com.br\/economia\/noticia\/2024-10\/governo-federal-prepara-reforma-administrativa\" target=\"_blank\" rel=\"noopener\">\u00a0debates sobre reforma administrativa<\/a>.<\/p>\n<h2>Reposi\u00e7\u00e3o<\/h2>\n<p>Tamb\u00e9m nesta segunda-feira, o Minist\u00e9rio da Gest\u00e3o e da Inova\u00e7\u00e3o em Servi\u00e7os P\u00fablicos\u00a0 (MGI) publicou nota na qual afirma que as<a href=\"https:\/\/agenciabrasil.ebc.com.br\/geral\/noticia\/2024-10\/dia-do-servidor-valorizacao-e-dialogo-mais-forte-diz-ministerio\" target=\"_blank\" rel=\"noopener\">\u00a0mesas de negocia\u00e7\u00e3o espec\u00edficas resultaram em mais de 98% dos servidores p\u00fablicos federais com garantia de reposi\u00e7\u00e3o e aumento real de sal\u00e1rios e reestrutura\u00e7\u00e3o de carreira<\/a>.<\/p>\n<p><a href=\"https:\/\/agenciabrasil.ebc.com.br\/geral\/noticia\/2024-10\/escolaridade-entre-servidores-publicos-e-superior-aos-do-setor-privado\" target=\"_blank\" rel=\"noopener\">Em entrevista \u00e0\u00a0<strong>Ag\u00eancia Brasil<\/strong><\/a>, o secret\u00e1rio de Gest\u00e3o de Pessoas do Minist\u00e9rio da Gest\u00e3o e da Inova\u00e7\u00e3o em Servi\u00e7os P\u00fablicos (MGI), Jos\u00e9 Celso Cardoso, afirmou que o servi\u00e7o p\u00fablico brasileiro registra, atualmente, mais mulheres que homens; escolaridade m\u00e9dia superior \u00e0 do setor privado; e for\u00e7a de trabalho concentrada em atividades setoriais final\u00edsticas de pol\u00edticas p\u00fablicas, n\u00e3o mais em atividades auxiliares ou de suporte.<\/p>\n<p>Fonte: Ag\u00eancia Brasil<\/p>\n","protected":false},"excerpt":{"rendered":"<p>A Confedera\u00e7\u00e3o dos Trabalhadores no Servi\u00e7o P\u00fablico Federal (Condsef) divulgou nota nesta segunda-feira (28) para celebrar o Dia do Servidor P\u00fablico e defender a import\u00e2ncia do funcionalismo p\u00fablico para a constru\u00e7\u00e3o da democracia. &#8220;Sabemos que n\u00e3o h\u00e1 democracia sem servi\u00e7os p\u00fablicos. S\u00e3o os servidores os protagonistas na promo\u00e7\u00e3o da cidadania e na constru\u00e7\u00e3o de uma [&hellip;]<\/p>\n","protected":false},"author":246,"featured_media":225166,"comment_status":"closed","ping_status":"closed","sticky":false,"template":"","format":"standard","meta":{"footnotes":""},"categories":[302,436,440,261,254,439],"tags":[],"class_list":["post-225165","post","type-post","status-publish","format-standard","has-post-thumbnail","hentry","category-brasil-mundo","category-destaque-da-semana","category-destaques-do-dia","category-economia","category-politica","category-ultima-hora"],"_links":{"self":[{"href":"https:\/\/diarioregionaldigital.com.br\/index.php?rest_route=\/wp\/v2\/posts\/225165","targetHints":{"allow":["GET"]}}],"collection":[{"href":"https:\/\/diarioregionaldigital.com.br\/index.php?rest_route=\/wp\/v2\/posts"}],"about":[{"href":"https:\/\/diarioregionaldigital.com.br\/index.php?rest_route=\/wp\/v2\/types\/post"}],"author":[{"embeddable":true,"href":"https:\/\/diarioregionaldigital.com.br\/index.php?rest_route=\/wp\/v2\/users\/246"}],"replies":[{"embeddable":true,"href":"https:\/\/diarioregionaldigital.com.br\/index.php?rest_route=%2Fwp%2Fv2%2Fcomments&post=225165"}],"version-history":[{"count":1,"href":"https:\/\/diarioregionaldigital.com.br\/index.php?rest_route=\/wp\/v2\/posts\/225165\/revisions"}],"predecessor-version":[{"id":225167,"href":"https:\/\/diarioregionaldigital.com.br\/index.php?rest_route=\/wp\/v2\/posts\/225165\/revisions\/225167"}],"wp:featuredmedia":[{"embeddable":true,"href":"https:\/\/diarioregionaldigital.com.br\/index.php?rest_route=\/wp\/v2\/media\/225166"}],"wp:attachment":[{"href":"https:\/\/diarioregionaldigital.com.br\/index.php?rest_route=%2Fwp%2Fv2%2Fmedia&parent=225165"}],"wp:term":[{"taxonomy":"category","embeddable":true,"href":"https:\/\/diarioregionaldigital.com.br\/index.php?rest_route=%2Fwp%2Fv2%2Fcategories&post=225165"},{"taxonomy":"post_tag","embeddable":true,"href":"https:\/\/diarioregionaldigital.com.br\/index.php?rest_route=%2Fwp%2Fv2%2Ftags&post=225165"}],"curies":[{"name":"wp","href":"https:\/\/api.w.org\/{rel}","templated":true}]}}