{"id":225162,"date":"2024-10-26T03:56:12","date_gmt":"2024-10-26T06:56:12","guid":{"rendered":"https:\/\/diarioregionaldigital.com.br\/?p=225162"},"modified":"2024-10-26T03:56:12","modified_gmt":"2024-10-26T06:56:12","slug":"edital-de-convocacao-assembleia-geral-ordinaria-25-10-2024","status":"publish","type":"post","link":"https:\/\/diarioregionaldigital.com.br\/?p=225162","title":{"rendered":"Edital de Convoca\u00e7\u00e3o Assembleia Geral Ordin\u00e1ria &#8211; 25\/10\/2024"},"content":{"rendered":"<p style=\"text-align: center;\">Edital de Convoca\u00e7\u00e3o<br \/>\nAssembleia Geral Ordin\u00e1ria<\/p>\n<p style=\"text-align: center;\">Juiz de Fora, 25 de outubro de 2024.<\/p>\n<p style=\"text-align: center;\">Na qualidade de presidenta da Associa\u00e7\u00e3o dos Propriet\u00e1rios e Moradores do Spinaville, na forma convencionalmente prevista, convido os associados para a ASSEMBLEIA GERAL ORDIN\u00c1RIA, que se far\u00e1 realizar no pr\u00f3ximo dia 07 de novembro de 2024 (Quinta Feira) \u00e0s 19h00min horas, em primeira convoca\u00e7\u00e3o com a presen\u00e7a de metade mais 01(um) dos associados e \u00e0s 19h30 em segunda e \u00faltima convoca\u00e7\u00e3o, com qualquer numero de presentes, assembleia essa a ser realizada, no Hotel Serrano, situado nesta cidade \u00e1 Rua Santa Rita, n\u00ba 399, Centro a fim de deliberarem sobre as seguintes pautas:<br \/>\n1) Presta\u00e7\u00e3o de Contas \u2013 Per\u00edodo 12\/2023 a 11\/2024*;<br \/>\n2) Esclarecimentos Processos em curso referente \u00e0 Cesama, Portaria, Inadimpl\u00eancias e outros.<br \/>\n3) Previs\u00e3o Or\u00e7ament\u00e1ria \u2013 2024-2025.<br \/>\n4) Elei\u00e7\u00e3o da Nova Diretoria Gest\u00e3o 12\/2024 a 12\/2026<br \/>\n5) Assuntos Gerais;<br \/>\nA chapa candidata a Nova Diretoria poder\u00e3o enviar suas candidaturas e propostas at\u00e9 a data de 06\/11\/2024, para o e-mail: renovaspina@gmail.com, com c\u00f3pia para condominio@gruponogueira.net.<\/p>\n<p style=\"text-align: center;\">Para que a reuni\u00e3o seja produtiva solicito que os questionamentos e perguntas sobre os assuntos sejam previamente enviados at\u00e9 o dia 05\/11\/2024 para o e-mail: renovaspina@gmail.com, com c\u00f3pia para condominio@gruponogueira.net.<br \/>\nLembro a todos da conveni\u00eancia de comparecer ou se fazer representar por espec\u00edfica procura\u00e7\u00e3o, com firma reconhecida ou assinada eletronicamente atrav\u00e9s de certificado digital.<br \/>\nEsclare\u00e7o aos senhores associados ou seus representantes que n\u00e3o poder\u00e3o votar e nem serem votados nas delibera\u00e7\u00f5es da assembleia se n\u00e3o estiverem em dia com suas obriga\u00e7\u00f5es financeiras em rela\u00e7\u00e3o aos pagamentos das taxas associativas, sendo nulos seus votos e presen\u00e7as, conforme a lei n\u00ba 10.406\/02- Art.1335.<\/p>\n<p style=\"text-align: center;\">Antecipo os meus agradecimentos pela valiosa presen\u00e7a, subscrevo-me.<\/p>\n","protected":false},"excerpt":{"rendered":"<p>Edital de Convoca\u00e7\u00e3o Assembleia Geral Ordin\u00e1ria Juiz de Fora, 25 de outubro de 2024. Na qualidade de presidenta da Associa\u00e7\u00e3o dos Propriet\u00e1rios e Moradores do Spinaville, na forma convencionalmente prevista, convido os associados para a ASSEMBLEIA GERAL ORDIN\u00c1RIA, que se far\u00e1 realizar no pr\u00f3ximo dia 07 de novembro de 2024 (Quinta Feira) \u00e0s 19h00min horas, [&hellip;]<\/p>\n","protected":false},"author":246,"featured_media":0,"comment_status":"closed","ping_status":"closed","sticky":false,"template":"","format":"standard","meta":{"footnotes":""},"categories":[307],"tags":[],"class_list":["post-225162","post","type-post","status-publish","format-standard","hentry","category-editais"],"_links":{"self":[{"href":"https:\/\/diarioregionaldigital.com.br\/index.php?rest_route=\/wp\/v2\/posts\/225162","targetHints":{"allow":["GET"]}}],"collection":[{"href":"https:\/\/diarioregionaldigital.com.br\/index.php?rest_route=\/wp\/v2\/posts"}],"about":[{"href":"https:\/\/diarioregionaldigital.com.br\/index.php?rest_route=\/wp\/v2\/types\/post"}],"author":[{"embeddable":true,"href":"https:\/\/diarioregionaldigital.com.br\/index.php?rest_route=\/wp\/v2\/users\/246"}],"replies":[{"embeddable":true,"href":"https:\/\/diarioregionaldigital.com.br\/index.php?rest_route=%2Fwp%2Fv2%2Fcomments&post=225162"}],"version-history":[{"count":1,"href":"https:\/\/diarioregionaldigital.com.br\/index.php?rest_route=\/wp\/v2\/posts\/225162\/revisions"}],"predecessor-version":[{"id":225163,"href":"https:\/\/diarioregionaldigital.com.br\/index.php?rest_route=\/wp\/v2\/posts\/225162\/revisions\/225163"}],"wp:attachment":[{"href":"https:\/\/diarioregionaldigital.com.br\/index.php?rest_route=%2Fwp%2Fv2%2Fmedia&parent=225162"}],"wp:term":[{"taxonomy":"category","embeddable":true,"href":"https:\/\/diarioregionaldigital.com.br\/index.php?rest_route=%2Fwp%2Fv2%2Fcategories&post=225162"},{"taxonomy":"post_tag","embeddable":true,"href":"https:\/\/diarioregionaldigital.com.br\/index.php?rest_route=%2Fwp%2Fv2%2Ftags&post=225162"}],"curies":[{"name":"wp","href":"https:\/\/api.w.org\/{rel}","templated":true}]}}