{"id":225159,"date":"2024-10-25T20:15:56","date_gmt":"2024-10-25T23:15:56","guid":{"rendered":"https:\/\/diarioregionaldigital.com.br\/?p=225159"},"modified":"2024-10-25T20:15:56","modified_gmt":"2024-10-25T23:15:56","slug":"acao-conjunta-entre-forcas-de-seguranca-e-prefeitura-promovem-a-operacao-centro-seguro","status":"publish","type":"post","link":"https:\/\/diarioregionaldigital.com.br\/?p=225159","title":{"rendered":"A\u00e7\u00e3o conjunta entre for\u00e7as de seguran\u00e7a e Prefeitura promovem a Opera\u00e7\u00e3o Centro Seguro"},"content":{"rendered":"<p>Segundo informa\u00e7\u00f5es do site da Prefeitura de Juiz de Fora (PJF), na <span style=\"color: #333333; font-size: 16px;\">manh\u00e3 desta sexta-feira, 25, foi realizada a Opera\u00e7\u00e3o Centro Seguro, uma a\u00e7\u00e3o conjunta entre a Pol\u00edcia Civil, Pol\u00edcia Militar, Corpo de Bombeiros, Prefeitura de Juiz de Fora, Vara da Inf\u00e2ncia e Juventude e Conselho Tutelar. O objetivo da a\u00e7\u00e3o foi fiscalizar hoteis da regi\u00e3o central da cidade, no intuito de conferir o cumprimento das legisla\u00e7\u00f5es municipal,\u00a0 estadual e federal. Ao todo sete estabelecimentos de hospedagem foram fiscalizados.<\/span><\/p>\n<div id=\"box_texto_noticia\">\nDurante a opera\u00e7\u00e3o foram efetuadas duas pris\u00f5es pelas Pol\u00edcias Militar e Civil. O Corpo de Bombeiros aplicou duas multas e quatro advert\u00eancias aos estabelecimentos. A Fiscaliza\u00e7\u00e3o da Prefeitura de Juiz de Fora realizou treze autua\u00e7\u00f5es e emitiu um termo de intima\u00e7\u00e3o.<\/p>\n<p>Durante a opera\u00e7\u00e3o o Corpo de Bombeiros verificou se os estabelecimentos possuem o documento de Auto de Vistoria do Corpo de Bombeiros (AVCB) e atendiam todas as normas de seguran\u00e7a. As Pol\u00edcias Militar e Civil verificaram o cometimento de pr\u00e1ticas delituosas, sobretudo poss\u00edveis crimes de roubo ou recepta\u00e7\u00e3o. A Fiscaliza\u00e7\u00e3o da PJF verificou os alvar\u00e1s de localiza\u00e7\u00e3o e sanit\u00e1rio, o registro de controle de h\u00f3spedes e a presen\u00e7a de placas informativas conforme a legisla\u00e7\u00e3o do munic\u00edpio. Al\u00e9m disso, a Vara da Inf\u00e2ncia e Juventude e o Conselho Tutelar acompanharam a a\u00e7\u00e3o para averiguar possiveis pr\u00e1ticas de corrup\u00e7\u00e3o de menores.<\/p><\/div>\n<p>&nbsp;<\/p>\n","protected":false},"excerpt":{"rendered":"<p>Segundo informa\u00e7\u00f5es do site da Prefeitura de Juiz de Fora (PJF), na manh\u00e3 desta sexta-feira, 25, foi realizada a Opera\u00e7\u00e3o Centro Seguro, uma a\u00e7\u00e3o conjunta entre a Pol\u00edcia Civil, Pol\u00edcia Militar, Corpo de Bombeiros, Prefeitura de Juiz de Fora, Vara da Inf\u00e2ncia e Juventude e Conselho Tutelar. O objetivo da a\u00e7\u00e3o foi fiscalizar hoteis da [&hellip;]<\/p>\n","protected":false},"author":246,"featured_media":225160,"comment_status":"closed","ping_status":"closed","sticky":false,"template":"","format":"standard","meta":{"footnotes":""},"categories":[301,253,436,440,439],"tags":[],"class_list":["post-225159","post","type-post","status-publish","format-standard","has-post-thumbnail","hentry","category-artigos-policiais","category-cidade","category-destaque-da-semana","category-destaques-do-dia","category-ultima-hora"],"_links":{"self":[{"href":"https:\/\/diarioregionaldigital.com.br\/index.php?rest_route=\/wp\/v2\/posts\/225159","targetHints":{"allow":["GET"]}}],"collection":[{"href":"https:\/\/diarioregionaldigital.com.br\/index.php?rest_route=\/wp\/v2\/posts"}],"about":[{"href":"https:\/\/diarioregionaldigital.com.br\/index.php?rest_route=\/wp\/v2\/types\/post"}],"author":[{"embeddable":true,"href":"https:\/\/diarioregionaldigital.com.br\/index.php?rest_route=\/wp\/v2\/users\/246"}],"replies":[{"embeddable":true,"href":"https:\/\/diarioregionaldigital.com.br\/index.php?rest_route=%2Fwp%2Fv2%2Fcomments&post=225159"}],"version-history":[{"count":1,"href":"https:\/\/diarioregionaldigital.com.br\/index.php?rest_route=\/wp\/v2\/posts\/225159\/revisions"}],"predecessor-version":[{"id":225161,"href":"https:\/\/diarioregionaldigital.com.br\/index.php?rest_route=\/wp\/v2\/posts\/225159\/revisions\/225161"}],"wp:featuredmedia":[{"embeddable":true,"href":"https:\/\/diarioregionaldigital.com.br\/index.php?rest_route=\/wp\/v2\/media\/225160"}],"wp:attachment":[{"href":"https:\/\/diarioregionaldigital.com.br\/index.php?rest_route=%2Fwp%2Fv2%2Fmedia&parent=225159"}],"wp:term":[{"taxonomy":"category","embeddable":true,"href":"https:\/\/diarioregionaldigital.com.br\/index.php?rest_route=%2Fwp%2Fv2%2Fcategories&post=225159"},{"taxonomy":"post_tag","embeddable":true,"href":"https:\/\/diarioregionaldigital.com.br\/index.php?rest_route=%2Fwp%2Fv2%2Ftags&post=225159"}],"curies":[{"name":"wp","href":"https:\/\/api.w.org\/{rel}","templated":true}]}}