{"id":225120,"date":"2024-10-23T06:59:22","date_gmt":"2024-10-23T09:59:22","guid":{"rendered":"https:\/\/diarioregionaldigital.com.br\/?p=225120"},"modified":"2024-10-23T06:59:22","modified_gmt":"2024-10-23T09:59:22","slug":"edital-cancelamento-23-10-2024","status":"publish","type":"post","link":"https:\/\/diarioregionaldigital.com.br\/?p=225120","title":{"rendered":"EDITAL CANCELAMENTO &#8211; 23\/10\/2024"},"content":{"rendered":"<p class=\"s6\" style=\"text-align: center;\"><span class=\"s4\"><span class=\"bumpedFont15\">C<\/span><\/span><span class=\"s4\"><span class=\"bumpedFont15\">ANCELAMENTO<\/span><\/span> <span class=\"s4\"><span class=\"bumpedFont15\">DOS EDITAIS DE CONVOCA\u00c7\u00c3O DA <\/span><\/span><span class=\"s4\"><span class=\"bumpedFont15\">ASSEMBLEIA GERAL EXTRAORDIN\u00c1RIA<\/span><\/span><span class=\"s4\"><span class=\"bumpedFont15\"> E DA <\/span><\/span><span class=\"s4\"><span class=\"bumpedFont15\">REUNI\u00c3O EXTRAORDIN\u00c1RIA<\/span><\/span> <span class=\"s4\"><span class=\"bumpedFont15\">DO CONSELHO DELIBERATIVO<\/span><\/span><\/p>\n<p class=\"s7\" style=\"text-align: center;\"><span class=\"s5\"><span class=\"bumpedFont15\">Juiz de Fora, <\/span><\/span><span class=\"s5\"><span class=\"bumpedFont15\">22<\/span><\/span><span class=\"s5\"><span class=\"bumpedFont15\"> de <\/span><\/span><span class=\"s5\"><span class=\"bumpedFont15\">outubro<\/span><\/span><span class=\"s5\"><span class=\"bumpedFont15\"> de 202<\/span><\/span><span class=\"s5\"><span class=\"bumpedFont15\">4<\/span><\/span><span class=\"s5\"><span class=\"bumpedFont15\">.<\/span><\/span><\/p>\n<p class=\"s8\" style=\"text-align: center;\"><span class=\"s5\"><span class=\"bumpedFont15\">A <\/span><\/span><span class=\"s5\"><span class=\"bumpedFont15\">Presidente<\/span><\/span> <span class=\"s5\"><span class=\"bumpedFont15\">da Associa\u00e7\u00e3o Atl\u00e9tica Vasco da Gama<\/span><\/span><span class=\"s5\"><span class=\"bumpedFont15\">, no uso de suas atribui\u00e7\u00f5es <\/span><\/span><span class=\"s5\"><span class=\"bumpedFont15\">previstas no estatuto vigente<\/span><\/span><span class=\"s5\"><span class=\"bumpedFont15\">,<\/span><\/span> <span class=\"s5\"><span class=\"bumpedFont15\">vem por meio deste <\/span><\/span><span class=\"s5\"><span class=\"bumpedFont15\">Edital<\/span><\/span> <span class=\"s5\"><span class=\"bumpedFont15\">tornar sem efeito os editais publicados no dia 19 de outubro 2024, <\/span><\/span><span class=\"s5\"><span class=\"bumpedFont15\">que<\/span><\/span><span class=\"s5\"><span class=\"bumpedFont15\"> convocam para <\/span><\/span><span class=\"s5\"><span class=\"bumpedFont15\">ASSEMBLEIA GERAL EXTRAORDIN\u00c1RIA<\/span><\/span><span class=\"s5\"><span class=\"bumpedFont15\"> e para <\/span><\/span><span class=\"s5\"><span class=\"bumpedFont15\">REUNI\u00c3O EXTRAORDIN\u00c1RIA<\/span><\/span><span class=\"s5\"><span class=\"bumpedFont15\"> do <\/span><\/span><span class=\"s5\"><span class=\"bumpedFont15\">CONSELHO DELIBERATIVO<\/span><\/span><span class=\"s5\"><span class=\"bumpedFont15\">,<\/span><\/span> <span class=\"s5\"><span class=\"bumpedFont15\">previstas para o <\/span><\/span><span class=\"s5\"><span class=\"bumpedFont15\">dia <\/span><\/span><span class=\"s5\"><span class=\"bumpedFont15\">23 de outubro 2024<\/span><\/span><span class=\"s5\"><span class=\"bumpedFont15\">, <\/span><\/span><span class=\"s5\"><span class=\"bumpedFont15\">a<\/span><\/span><span class=\"s5\"><span class=\"bumpedFont15\">s quais ser\u00e3o <\/span><\/span><span class=\"s5\"><span class=\"bumpedFont15\">convocadas<\/span><\/span><span class=\"s5\"><span class=\"bumpedFont15\"> oportunamente<\/span><\/span><span class=\"s5\"><span class=\"bumpedFont15\">.<\/span><\/span><\/p>\n<p class=\"s10\" style=\"text-align: center;\"><span class=\"s9\"><span class=\"bumpedFont15\">Cordialmente,<\/span><\/span><\/p>\n<p class=\"s3\" style=\"text-align: center;\"><span class=\"s9\"><span class=\"bumpedFont15\">Presid\u00eancia<\/span><\/span><span class=\"s9\"><span class=\"bumpedFont15\"> da A.A.V.G.<\/span><\/span><\/p>\n","protected":false},"excerpt":{"rendered":"<p>CANCELAMENTO DOS EDITAIS DE CONVOCA\u00c7\u00c3O DA ASSEMBLEIA GERAL EXTRAORDIN\u00c1RIA E DA REUNI\u00c3O EXTRAORDIN\u00c1RIA DO CONSELHO DELIBERATIVO Juiz de Fora, 22 de outubro de 2024. A Presidente da Associa\u00e7\u00e3o Atl\u00e9tica Vasco da Gama, no uso de suas atribui\u00e7\u00f5es previstas no estatuto vigente, vem por meio deste Edital tornar sem efeito os editais publicados no dia 19 [&hellip;]<\/p>\n","protected":false},"author":246,"featured_media":0,"comment_status":"closed","ping_status":"closed","sticky":false,"template":"","format":"standard","meta":{"footnotes":""},"categories":[307],"tags":[],"class_list":["post-225120","post","type-post","status-publish","format-standard","hentry","category-editais"],"_links":{"self":[{"href":"https:\/\/diarioregionaldigital.com.br\/index.php?rest_route=\/wp\/v2\/posts\/225120","targetHints":{"allow":["GET"]}}],"collection":[{"href":"https:\/\/diarioregionaldigital.com.br\/index.php?rest_route=\/wp\/v2\/posts"}],"about":[{"href":"https:\/\/diarioregionaldigital.com.br\/index.php?rest_route=\/wp\/v2\/types\/post"}],"author":[{"embeddable":true,"href":"https:\/\/diarioregionaldigital.com.br\/index.php?rest_route=\/wp\/v2\/users\/246"}],"replies":[{"embeddable":true,"href":"https:\/\/diarioregionaldigital.com.br\/index.php?rest_route=%2Fwp%2Fv2%2Fcomments&post=225120"}],"version-history":[{"count":1,"href":"https:\/\/diarioregionaldigital.com.br\/index.php?rest_route=\/wp\/v2\/posts\/225120\/revisions"}],"predecessor-version":[{"id":225121,"href":"https:\/\/diarioregionaldigital.com.br\/index.php?rest_route=\/wp\/v2\/posts\/225120\/revisions\/225121"}],"wp:attachment":[{"href":"https:\/\/diarioregionaldigital.com.br\/index.php?rest_route=%2Fwp%2Fv2%2Fmedia&parent=225120"}],"wp:term":[{"taxonomy":"category","embeddable":true,"href":"https:\/\/diarioregionaldigital.com.br\/index.php?rest_route=%2Fwp%2Fv2%2Fcategories&post=225120"},{"taxonomy":"post_tag","embeddable":true,"href":"https:\/\/diarioregionaldigital.com.br\/index.php?rest_route=%2Fwp%2Fv2%2Ftags&post=225120"}],"curies":[{"name":"wp","href":"https:\/\/api.w.org\/{rel}","templated":true}]}}