{"id":225113,"date":"2024-10-22T20:54:17","date_gmt":"2024-10-22T23:54:17","guid":{"rendered":"https:\/\/diarioregionaldigital.com.br\/?p=225113"},"modified":"2024-10-22T20:54:17","modified_gmt":"2024-10-22T23:54:17","slug":"poeta-de-juiz-de-fora-vence-competicao-estadual-de-poesia-falada-de-minas-gerais","status":"publish","type":"post","link":"https:\/\/diarioregionaldigital.com.br\/?p=225113","title":{"rendered":"Poeta de Juiz de Fora vence competi\u00e7\u00e3o estadual de poesia falada de Minas Gerais"},"content":{"rendered":"<p>Segundo informa\u00e7\u00f5es do site da Prefeitura de Juiz de Fora (PJF), o poeta PretoVivo, representante do Slam Urutau, conquistou o t\u00edtulo do SLAM MG no \u00faltimo domingo, 20, em Belo Horizonte. PretoVivo se destacou desde a primeira fase, onde ficou em primeiro lugar em sua chave, avan\u00e7ando para a semifinal tamb\u00e9m como l\u00edder. Na grande final, sagrou-se campe\u00e3o estadual. Com essa vit\u00f3ria, o poeta juiz-forano garantiu sua participa\u00e7\u00e3o no campeonato nacional, o Slam BR, que ocorre entre os dias 5 e 10 de dezembro, em Cama\u00e7ari, na Bahia, representando Minas Gerais.<\/p>\n<p>&#8220;Ser campe\u00e3o estadual era um sonho para mim, e eu estava determinado a torn\u00e1-lo realidade. Conquistar esse t\u00edtulo, que \u00e9 o maior reconhecimento para poetas mineiros no cen\u00e1rio estadual do slam, \u00e9 muito gratificante. Falei sobre amor, educa\u00e7\u00e3o, quest\u00f5es raciais e sociais, al\u00e9m de tudo o que eu estava sentindo. Esse t\u00edtulo \u00e9 um marco pessoal enorme, mas quero compartilhar essa responsabilidade com a Zona da Mata, Juiz de Fora, o bairro Santa Luzia e, especialmente, com as crian\u00e7as do projeto social de oficinas culturais Alto-falante. Nossa cidade \u00e9 um polo cultural, e reafirmamos isso ao trazer esse t\u00edtulo para casa&#8221;, declarou PretoVivo, campe\u00e3o do SLAM MG 2024.<\/p>\n<p>O SLAM MG \u00e9 uma competi\u00e7\u00e3o estadual realizada anualmente desde 2016, reunindo poetas de mais de 16 cidades de Minas Gerais. O evento faz parte de um movimento nacional que engloba mais de 230 comunidades de slam em todo o Brasil, mobilizando mais de 10 mil pessoas em suas edi\u00e7\u00f5es. Minas Gerais \u00e9 o segundo estado com o maior n\u00famero de comunidades de slam, atualmente com 34 grupos. Este ano, o torneio foi realizado na Biblioteca P\u00fablica Estadual de Minas Gerais, entre os dias 17 e 20 de outubro de 2024.<\/p>\n","protected":false},"excerpt":{"rendered":"<p>Segundo informa\u00e7\u00f5es do site da Prefeitura de Juiz de Fora (PJF), o poeta PretoVivo, representante do Slam Urutau, conquistou o t\u00edtulo do SLAM MG no \u00faltimo domingo, 20, em Belo Horizonte. PretoVivo se destacou desde a primeira fase, onde ficou em primeiro lugar em sua chave, avan\u00e7ando para a semifinal tamb\u00e9m como l\u00edder. Na grande [&hellip;]<\/p>\n","protected":false},"author":246,"featured_media":225114,"comment_status":"closed","ping_status":"closed","sticky":false,"template":"","format":"standard","meta":{"footnotes":""},"categories":[253,436,439],"tags":[],"class_list":["post-225113","post","type-post","status-publish","format-standard","has-post-thumbnail","hentry","category-cidade","category-destaque-da-semana","category-ultima-hora"],"_links":{"self":[{"href":"https:\/\/diarioregionaldigital.com.br\/index.php?rest_route=\/wp\/v2\/posts\/225113","targetHints":{"allow":["GET"]}}],"collection":[{"href":"https:\/\/diarioregionaldigital.com.br\/index.php?rest_route=\/wp\/v2\/posts"}],"about":[{"href":"https:\/\/diarioregionaldigital.com.br\/index.php?rest_route=\/wp\/v2\/types\/post"}],"author":[{"embeddable":true,"href":"https:\/\/diarioregionaldigital.com.br\/index.php?rest_route=\/wp\/v2\/users\/246"}],"replies":[{"embeddable":true,"href":"https:\/\/diarioregionaldigital.com.br\/index.php?rest_route=%2Fwp%2Fv2%2Fcomments&post=225113"}],"version-history":[{"count":1,"href":"https:\/\/diarioregionaldigital.com.br\/index.php?rest_route=\/wp\/v2\/posts\/225113\/revisions"}],"predecessor-version":[{"id":225115,"href":"https:\/\/diarioregionaldigital.com.br\/index.php?rest_route=\/wp\/v2\/posts\/225113\/revisions\/225115"}],"wp:featuredmedia":[{"embeddable":true,"href":"https:\/\/diarioregionaldigital.com.br\/index.php?rest_route=\/wp\/v2\/media\/225114"}],"wp:attachment":[{"href":"https:\/\/diarioregionaldigital.com.br\/index.php?rest_route=%2Fwp%2Fv2%2Fmedia&parent=225113"}],"wp:term":[{"taxonomy":"category","embeddable":true,"href":"https:\/\/diarioregionaldigital.com.br\/index.php?rest_route=%2Fwp%2Fv2%2Fcategories&post=225113"},{"taxonomy":"post_tag","embeddable":true,"href":"https:\/\/diarioregionaldigital.com.br\/index.php?rest_route=%2Fwp%2Fv2%2Ftags&post=225113"}],"curies":[{"name":"wp","href":"https:\/\/api.w.org\/{rel}","templated":true}]}}