{"id":225107,"date":"2024-10-22T20:48:33","date_gmt":"2024-10-22T23:48:33","guid":{"rendered":"https:\/\/diarioregionaldigital.com.br\/?p=225107"},"modified":"2024-10-22T20:48:33","modified_gmt":"2024-10-22T23:48:33","slug":"com-inscricao-aberta-expo-brasil-paralimpico-liga-esporte-e-inclusao","status":"publish","type":"post","link":"https:\/\/diarioregionaldigital.com.br\/?p=225107","title":{"rendered":"Com inscri\u00e7\u00e3o aberta, Expo Brasil Paral\u00edmpico liga esporte e inclus\u00e3o"},"content":{"rendered":"<p><a href=\"https:\/\/easyexpo.com.br\/v3\/reatech\/24\/indvis\" target=\"_blank\" rel=\"noopener\">O Comit\u00ea Paral\u00edmpico Brasileiro (CPB) abriu inscri\u00e7\u00f5es, gratuitas, para a primeira edi\u00e7\u00e3o da Expo Brasil Paral\u00edmpico<\/a>. O evento ser\u00e1 realizado entre os dias 20 e 23 de novembro, das 9h \u00e0s 19h (hor\u00e1rio de Bras\u00edlia), no S\u00e3o Paulo Expo (Km 11,5 da Rodovia dos Imigrantes), na zona sul da capital paulista, dentro da 19\u00aa Feira Internacional de Tecnologias em Reabilita\u00e7\u00e3o, Inclus\u00e3o e Acessibilidade (Reatech), uma das principais do g\u00eanero na Am\u00e9rica Latina.<img decoding=\"async\" src=\"https:\/\/agenciabrasil.ebc.com.br\/ebc.png?id=1616454&amp;o=node\" \/><img decoding=\"async\" src=\"https:\/\/agenciabrasil.ebc.com.br\/ebc.gif?id=1616454&amp;o=node\" \/><\/p>\n<p>\u201cA proposta \u00e9 conscientizar a todos sobre a import\u00e2ncia do esporte na vida das pessoas com defici\u00eancia, n\u00e3o apenas como ferramenta de reabilita\u00e7\u00e3o, mas tamb\u00e9m como meio de promover sa\u00fade, inclus\u00e3o social e desenvolvimento pessoal. O CPB apresentar\u00e1, por meio de seus projetos e hist\u00f3rias de vida dos atletas paral\u00edmpicos, a certeza de que o esporte tem o poder de transformar vidas\u201d, disse o presidente do Comit\u00ea, Mizael Conrado, ao site da entidade.<\/p>\n<p>Al\u00e9m da promo\u00e7\u00e3o do paradesporto e da gera\u00e7\u00e3o de neg\u00f3cios para o segmento, a exposi\u00e7\u00e3o ter\u00e1 demonstra\u00e7\u00f5es de modalidades e o encontro com atletas paral\u00edmpicos. No ano passado, a Reatech j\u00e1 contou com a Arena Paral\u00edmpica, um espa\u00e7o para experimenta\u00e7\u00e3o de quatro esportes adaptados: basquete em cadeira de rodas, bocha, futebol de cegos e atletismo.<\/p>\n<p>O evento receber\u00e1, tamb\u00e9m, a s\u00e9tima edi\u00e7\u00e3o do Congresso Paradesportivo Internacional. O encontro ocorre desde 2010, tornou-se bienal a partir de 2014 e re\u00fane pesquisadores, doutores, mestres, p\u00f3s-graduandos, professores e alunos de \u00e1reas ligadas ao esporte paral\u00edmpico.\u00a0<a href=\"https:\/\/cpb.org.br\/wp-content\/uploads\/2024\/09\/Programacao-VII-Congresso-Paradesportivo-Internacinal-A4-1.pdf\" target=\"_blank\" rel=\"noopener\">A programa\u00e7\u00e3o tem cursos, debates, oficinas e pain\u00e9is de pesquisas<\/a>.<\/p>\n<p>Segundo Mayara Ranzan, doutora e colaboradora da Academia Paral\u00edmpica Brasileira (APB), em depoimento ao CPB, o Congresso visa \u201cdivulgar o conhecimento cient\u00edfico produzido nos diferentes contextos envolvendo o esporte paral\u00edmpico e suas vertentes, promovendo e criando oportunidades para profissionais e estudantes trocarem suas experi\u00eancias em treinamento, forma\u00e7\u00e3o, avalia\u00e7\u00e3o, carreira do atleta, classifica\u00e7\u00e3o esportiva, gest\u00e3o, sa\u00fade e inova\u00e7\u00f5es tecnol\u00f3gicas\u201d. Apesar de integrar a programa\u00e7\u00e3o da Expo Brasil Paral\u00edmpico,\u00a0<a href=\"https:\/\/congressoparadesportivo.cpb.org.br\/inscricoes.php?_gl=1*ivng0b*_ga*Njk5MzMwODU3LjE3MDQ3MTE5NDY.*_ga_72D8ETS6P5*MTcyOTYyMTI0Ny4xNjkuMS4xNzI5NjIyMzcxLjYwLjAuMA\" target=\"_blank\" rel=\"noopener\">o link para inscri\u00e7\u00e3o \u00e9 outro<\/a>.<\/p>\n<p>Fonte: Ag\u00eancia Brasil<\/p>\n","protected":false},"excerpt":{"rendered":"<p>O Comit\u00ea Paral\u00edmpico Brasileiro (CPB) abriu inscri\u00e7\u00f5es, gratuitas, para a primeira edi\u00e7\u00e3o da Expo Brasil Paral\u00edmpico. O evento ser\u00e1 realizado entre os dias 20 e 23 de novembro, das 9h \u00e0s 19h (hor\u00e1rio de Bras\u00edlia), no S\u00e3o Paulo Expo (Km 11,5 da Rodovia dos Imigrantes), na zona sul da capital paulista, dentro da 19\u00aa Feira [&hellip;]<\/p>\n","protected":false},"author":246,"featured_media":225108,"comment_status":"closed","ping_status":"closed","sticky":false,"template":"","format":"standard","meta":{"footnotes":""},"categories":[436,257,439],"tags":[],"class_list":["post-225107","post","type-post","status-publish","format-standard","has-post-thumbnail","hentry","category-destaque-da-semana","category-esporte","category-ultima-hora"],"_links":{"self":[{"href":"https:\/\/diarioregionaldigital.com.br\/index.php?rest_route=\/wp\/v2\/posts\/225107","targetHints":{"allow":["GET"]}}],"collection":[{"href":"https:\/\/diarioregionaldigital.com.br\/index.php?rest_route=\/wp\/v2\/posts"}],"about":[{"href":"https:\/\/diarioregionaldigital.com.br\/index.php?rest_route=\/wp\/v2\/types\/post"}],"author":[{"embeddable":true,"href":"https:\/\/diarioregionaldigital.com.br\/index.php?rest_route=\/wp\/v2\/users\/246"}],"replies":[{"embeddable":true,"href":"https:\/\/diarioregionaldigital.com.br\/index.php?rest_route=%2Fwp%2Fv2%2Fcomments&post=225107"}],"version-history":[{"count":1,"href":"https:\/\/diarioregionaldigital.com.br\/index.php?rest_route=\/wp\/v2\/posts\/225107\/revisions"}],"predecessor-version":[{"id":225109,"href":"https:\/\/diarioregionaldigital.com.br\/index.php?rest_route=\/wp\/v2\/posts\/225107\/revisions\/225109"}],"wp:featuredmedia":[{"embeddable":true,"href":"https:\/\/diarioregionaldigital.com.br\/index.php?rest_route=\/wp\/v2\/media\/225108"}],"wp:attachment":[{"href":"https:\/\/diarioregionaldigital.com.br\/index.php?rest_route=%2Fwp%2Fv2%2Fmedia&parent=225107"}],"wp:term":[{"taxonomy":"category","embeddable":true,"href":"https:\/\/diarioregionaldigital.com.br\/index.php?rest_route=%2Fwp%2Fv2%2Fcategories&post=225107"},{"taxonomy":"post_tag","embeddable":true,"href":"https:\/\/diarioregionaldigital.com.br\/index.php?rest_route=%2Fwp%2Fv2%2Ftags&post=225107"}],"curies":[{"name":"wp","href":"https:\/\/api.w.org\/{rel}","templated":true}]}}