{"id":225104,"date":"2024-10-22T20:47:22","date_gmt":"2024-10-22T23:47:22","guid":{"rendered":"https:\/\/diarioregionaldigital.com.br\/?p=225104"},"modified":"2024-10-22T20:47:22","modified_gmt":"2024-10-22T23:47:22","slug":"liga-dos-campeoes-vini-jr-da-show-e-ajuda-real-a-derrotar-o-borussia","status":"publish","type":"post","link":"https:\/\/diarioregionaldigital.com.br\/?p=225104","title":{"rendered":"Liga dos Campe\u00f5es: Vini Jr. d\u00e1 show e ajuda Real a derrotar o Borussia"},"content":{"rendered":"<p>O atacante brasileiro Vinicius J\u00fanior deu show, nesta ter\u00e7a-feira (22) no est\u00e1dio Santiago Bernab\u00e9u, ao marcar tr\u00eas vezes na vit\u00f3ria de virada de 5 a 2 do Real Madrid (Espanha) sobre o Borussia Dortmund (Alemanha) pela primeira fase da Liga dos Campe\u00f5es.<img decoding=\"async\" src=\"https:\/\/agenciabrasil.ebc.com.br\/ebc.png?id=1616458&amp;o=node\" \/><img decoding=\"async\" src=\"https:\/\/agenciabrasil.ebc.com.br\/ebc.gif?id=1616458&amp;o=node\" \/><\/p>\n<p>Com este resultado, a equipe espanhola se recupera da derrota de 1 a 0 para o Lille (Fran\u00e7a) pela segunda rodada da primeira fase da competi\u00e7\u00e3o.<\/p>\n<p>No confronto, que era uma reedi\u00e7\u00e3o da final da \u00faltima edi\u00e7\u00e3o da Liga dos Campe\u00f5es, o Borussia Dortmund fez um primeiro tempo surpreendente, abrindo uma vantagem de 2 a 0 gra\u00e7as a gols de Malen e Gittens.<\/p>\n<p>Por\u00e9m, ap\u00f3s o intervalo, o Real Madrid, empurrado por sua torcida, assumiu outra postura e tomou conta das a\u00e7\u00f5es para marcar em cinco oportunidades. Aos 14, o zagueiro alem\u00e3o R\u00fcdiger aproveitou cruzamento do franc\u00eas Mbapp\u00e9 para fazer de cabe\u00e7a. Dois minutos depois a equipe espanhola empatou gra\u00e7as ao oportunismo de Vinicius J\u00fanior.<\/p>\n<p>Aos 37 Lucas V\u00e1zquez bateu cruzado para colocar o Real em vantagem. Mas o melhor ficou para o final. Aos 40 e aos 47 o brasileiro Vinicius J\u00fanior abusou da velocidade, da for\u00e7a f\u00edsica e da qualidade t\u00e9cnica para marcar mais dois belos gols para dar n\u00fameros finais ao marcador.<\/p>\n<p>Fonte: Ag\u00eancia Brasil<\/p>\n","protected":false},"excerpt":{"rendered":"<p>O atacante brasileiro Vinicius J\u00fanior deu show, nesta ter\u00e7a-feira (22) no est\u00e1dio Santiago Bernab\u00e9u, ao marcar tr\u00eas vezes na vit\u00f3ria de virada de 5 a 2 do Real Madrid (Espanha) sobre o Borussia Dortmund (Alemanha) pela primeira fase da Liga dos Campe\u00f5es. Com este resultado, a equipe espanhola se recupera da derrota de 1 a [&hellip;]<\/p>\n","protected":false},"author":246,"featured_media":225105,"comment_status":"closed","ping_status":"closed","sticky":false,"template":"","format":"standard","meta":{"footnotes":""},"categories":[436,440,257,439],"tags":[],"class_list":["post-225104","post","type-post","status-publish","format-standard","has-post-thumbnail","hentry","category-destaque-da-semana","category-destaques-do-dia","category-esporte","category-ultima-hora"],"_links":{"self":[{"href":"https:\/\/diarioregionaldigital.com.br\/index.php?rest_route=\/wp\/v2\/posts\/225104","targetHints":{"allow":["GET"]}}],"collection":[{"href":"https:\/\/diarioregionaldigital.com.br\/index.php?rest_route=\/wp\/v2\/posts"}],"about":[{"href":"https:\/\/diarioregionaldigital.com.br\/index.php?rest_route=\/wp\/v2\/types\/post"}],"author":[{"embeddable":true,"href":"https:\/\/diarioregionaldigital.com.br\/index.php?rest_route=\/wp\/v2\/users\/246"}],"replies":[{"embeddable":true,"href":"https:\/\/diarioregionaldigital.com.br\/index.php?rest_route=%2Fwp%2Fv2%2Fcomments&post=225104"}],"version-history":[{"count":1,"href":"https:\/\/diarioregionaldigital.com.br\/index.php?rest_route=\/wp\/v2\/posts\/225104\/revisions"}],"predecessor-version":[{"id":225106,"href":"https:\/\/diarioregionaldigital.com.br\/index.php?rest_route=\/wp\/v2\/posts\/225104\/revisions\/225106"}],"wp:featuredmedia":[{"embeddable":true,"href":"https:\/\/diarioregionaldigital.com.br\/index.php?rest_route=\/wp\/v2\/media\/225105"}],"wp:attachment":[{"href":"https:\/\/diarioregionaldigital.com.br\/index.php?rest_route=%2Fwp%2Fv2%2Fmedia&parent=225104"}],"wp:term":[{"taxonomy":"category","embeddable":true,"href":"https:\/\/diarioregionaldigital.com.br\/index.php?rest_route=%2Fwp%2Fv2%2Fcategories&post=225104"},{"taxonomy":"post_tag","embeddable":true,"href":"https:\/\/diarioregionaldigital.com.br\/index.php?rest_route=%2Fwp%2Fv2%2Ftags&post=225104"}],"curies":[{"name":"wp","href":"https:\/\/api.w.org\/{rel}","templated":true}]}}