{"id":225101,"date":"2024-10-22T20:45:42","date_gmt":"2024-10-22T23:45:42","guid":{"rendered":"https:\/\/diarioregionaldigital.com.br\/?p=225101"},"modified":"2024-10-22T20:45:42","modified_gmt":"2024-10-22T23:45:42","slug":"governo-de-minas-inaugura-caixa-estante-em-mais-uma-unidade-do-hospital-evangelico-de-belo-horizonte","status":"publish","type":"post","link":"https:\/\/diarioregionaldigital.com.br\/?p=225101","title":{"rendered":"Governo de Minas inaugura Caixa Estante em mais uma unidade do Hospital Evang\u00e9lico de Belo Horizonte"},"content":{"rendered":"<p>A unidade Contorno de Nefrologia do Hospital Evang\u00e9lico de Belo Horizonte (HE) passa a contar com uma Caixa Estante, instrumento do\u00a0<a href=\"https:\/\/www.mg.gov.br\/\" target=\"_blank\" rel=\"noopener\">Governo de Minas<\/a>\u00a0para democratizar o acesso ao livro e \u00e0 leitura, por meio da\u00a0<a href=\"https:\/\/www.secult.mg.gov.br\/\" target=\"_blank\" rel=\"noopener\">Secretaria de Estado de Cultura e Turismo (Secult-MG)<\/a>.<\/p>\n<p>\u00c9 o terceiro local com livros da iniciativa, fruto da parceria do HE com a Secult-MG, com patroc\u00ednio da\u00a0<a href=\"https:\/\/www.cemig.com.br\/\" target=\"_blank\" rel=\"noopener\">Companhia Energ\u00e9tica de Minas Gerais (Cemig)<\/a>. Criado em 1969, o servi\u00e7o tem a miss\u00e3o de expandir o alcance da Biblioteca P\u00fablica do Estado de Minas Gerais, localizada na Pra\u00e7a da Liberdade.<\/p>\n<p>A Caixa Estante \u00e9 desenvolvida pela Biblioteca P\u00fablica Estadual de Minas Gerais e ter\u00e1 um espa\u00e7o de leitura de mais de 1,2 mil t\u00edtulos de romances, contos e poesias no novo espa\u00e7o. Al\u00e9m da unidade Contorno, o HE mant\u00e9m outras tr\u00eas unidades de Nefrologia em BH e na Regi\u00e3o Metropolitana de BH, em Venda Nova, Contagem e Betim. O servi\u00e7o de leitura j\u00e1 funciona nas unidades Venda Nova e Contagem, instalados em 2024.<\/p>\n<p>\u201cA gente quer que o h\u00e1bito da leitura contribua para deixar o ambiente mais leve e prop\u00edcio para a recupera\u00e7\u00e3o, e que seja uma oportunidade de crescimento humano para os pacientes e seus acompanhantes, que passam um tempo grande na unidade, por causa do tratamento em hemodi\u00e1lise\u201d, ressalta Gildete Veloso, gerente do N\u00facleo de Extens\u00e3o e A\u00e7\u00e3o Regionalizada da Biblioteca P\u00fablica de Minas Gerais.<\/p>\n<p><strong>Pacientes e acompanhantes<\/strong><\/p>\n<p>Atualmente, o HE \u00e9 o maior fornecedor do Sistema \u00danico de Sa\u00fade (SUS) de Minas Gerais para servi\u00e7os da especialidade de Nefrologia, com mais de 3,5 mil pacientes atendidos, sendo 98% oriundos do SUS.<\/p>\n<p>Para mobilizar o p\u00fablico, o servi\u00e7o promove atividades de incentivo como apresenta\u00e7\u00f5es art\u00edsticas. O acervo vai crescer no primeiro dia de funcionamento, com a doa\u00e7\u00e3o de exemplares do livro Di\u00e1lise de Vida, de Sandro Alo\u00edsio Matilde, do ex-paciente de hemodi\u00e1lise, que registrou na obra a sua experi\u00eancia. \u201cAo contar a minha trajet\u00f3ria at\u00e9 o transplante, acredito que posso ajudar muitos pacientes\u201d, comemora.<\/p>\n<p>O espa\u00e7o tamb\u00e9m ser\u00e1 equipado com cinco Kindles e cinco aparelhos de mp3, para os pacientes que t\u00eam capacidade de vis\u00e3o baixa. Para maior conforto e seguran\u00e7a, os m\u00f3veis atendem os requisitos de limpeza de uma unidade de sa\u00fade.<\/p>\n<p>\u201cPara n\u00f3s do Hospital Evang\u00e9lico, \u00e9 uma honra unir tantos parceiros para inaugurar o nosso terceiro espa\u00e7o de leitura, com uma oportunidade para oferecer mais que o tratamento m\u00e9dico e hospitalar para nossos pacientes\u201d, comenta Euler Borja, presidente da Associa\u00e7\u00e3o Evang\u00e9lica Beneficente de Minas Gerais (AEBMG), entidade mantenedora do HE.<\/p>\n<p>\u201cAcreditamos que, por meio da leitura, tanto aqueles que fazem a hemodi\u00e1lise conosco, como seus familiares e acompanhantes, ter\u00e3o momentos de entretenimento e lazer durante o per\u00edodo das tr\u00eas sess\u00f5es semanais, e retornar\u00e3o para suas casas com ideias novas\u201d, aponta Borja.<\/p>\n<p>Fonte: Ag\u00eancia Minas<\/p>\n","protected":false},"excerpt":{"rendered":"<p>A unidade Contorno de Nefrologia do Hospital Evang\u00e9lico de Belo Horizonte (HE) passa a contar com uma Caixa Estante, instrumento do\u00a0Governo de Minas\u00a0para democratizar o acesso ao livro e \u00e0 leitura, por meio da\u00a0Secretaria de Estado de Cultura e Turismo (Secult-MG). \u00c9 o terceiro local com livros da iniciativa, fruto da parceria do HE com [&hellip;]<\/p>\n","protected":false},"author":246,"featured_media":225102,"comment_status":"closed","ping_status":"closed","sticky":false,"template":"","format":"standard","meta":{"footnotes":""},"categories":[436,254,252,439],"tags":[],"class_list":["post-225101","post","type-post","status-publish","format-standard","has-post-thumbnail","hentry","category-destaque-da-semana","category-politica","category-regiao","category-ultima-hora"],"_links":{"self":[{"href":"https:\/\/diarioregionaldigital.com.br\/index.php?rest_route=\/wp\/v2\/posts\/225101","targetHints":{"allow":["GET"]}}],"collection":[{"href":"https:\/\/diarioregionaldigital.com.br\/index.php?rest_route=\/wp\/v2\/posts"}],"about":[{"href":"https:\/\/diarioregionaldigital.com.br\/index.php?rest_route=\/wp\/v2\/types\/post"}],"author":[{"embeddable":true,"href":"https:\/\/diarioregionaldigital.com.br\/index.php?rest_route=\/wp\/v2\/users\/246"}],"replies":[{"embeddable":true,"href":"https:\/\/diarioregionaldigital.com.br\/index.php?rest_route=%2Fwp%2Fv2%2Fcomments&post=225101"}],"version-history":[{"count":1,"href":"https:\/\/diarioregionaldigital.com.br\/index.php?rest_route=\/wp\/v2\/posts\/225101\/revisions"}],"predecessor-version":[{"id":225103,"href":"https:\/\/diarioregionaldigital.com.br\/index.php?rest_route=\/wp\/v2\/posts\/225101\/revisions\/225103"}],"wp:featuredmedia":[{"embeddable":true,"href":"https:\/\/diarioregionaldigital.com.br\/index.php?rest_route=\/wp\/v2\/media\/225102"}],"wp:attachment":[{"href":"https:\/\/diarioregionaldigital.com.br\/index.php?rest_route=%2Fwp%2Fv2%2Fmedia&parent=225101"}],"wp:term":[{"taxonomy":"category","embeddable":true,"href":"https:\/\/diarioregionaldigital.com.br\/index.php?rest_route=%2Fwp%2Fv2%2Fcategories&post=225101"},{"taxonomy":"post_tag","embeddable":true,"href":"https:\/\/diarioregionaldigital.com.br\/index.php?rest_route=%2Fwp%2Fv2%2Ftags&post=225101"}],"curies":[{"name":"wp","href":"https:\/\/api.w.org\/{rel}","templated":true}]}}