{"id":225095,"date":"2024-10-22T20:43:28","date_gmt":"2024-10-22T23:43:28","guid":{"rendered":"https:\/\/diarioregionaldigital.com.br\/?p=225095"},"modified":"2024-10-22T20:43:28","modified_gmt":"2024-10-22T23:43:28","slug":"projeto-do-governo-do-estado-abre-as-portas-para-pequenos-empreendedores-na-superminas","status":"publish","type":"post","link":"https:\/\/diarioregionaldigital.com.br\/?p=225095","title":{"rendered":"Projeto do Governo do Estado abre as portas para pequenos empreendedores na Superminas"},"content":{"rendered":"<p>Um\u00a0novo ciclo come\u00e7ou, nesta ter\u00e7a-feira (22\/10),\u00a0para pequenos empreendimentos\u00a0que participam da \u00faltima edi\u00e7\u00e3o do Circuito Mineiro de Oportunidades e Neg\u00f3cios (CMON) de 2024. Iniciativa do\u00a0<a href=\"https:\/\/www.mg.gov.br\/\" target=\"_blank\" rel=\"noopener\">Governo de Minas<\/a>, por meio da\u00a0<a href=\"https:\/\/desenvolvimento.mg.gov.br\/\" target=\"_blank\" rel=\"noopener\">Secretaria de Estado de Desenvolvimento Econ\u00f4mico (Sede-MG)<\/a>, o\u00a0circuito \u00e9 promovido dentro da Superminas, a maior feira varejista do estado, realizada pela Associa\u00e7\u00e3o Mineira de Supermercados (Amis), no Expominas, em Belo Horizonte.<\/p>\n<p>O governador Romeu Zema participou da rodada de neg\u00f3cios e destacou a import\u00e2ncia de alavancar e prestigiar os produtores mineiros. \u201cA feira \u00e9 a maior que temos em Minas Gerais, e o que precisamos \u00e9 fortalecer os produtos mineiros\u201d.<\/p>\n<table border=\"0\" cellspacing=\"1\" cellpadding=\"1\" align=\"center\">\n<tbody>\n<tr>\n<td colspan=\"5\"><img decoding=\"async\" src=\"https:\/\/www.agenciaminas.mg.gov.br\/ckeditor_assets\/pictures\/20949\/content_2_olho_topo.jpg\" alt=\"\" \/><\/td>\n<\/tr>\n<tr>\n<td><\/td>\n<td colspan=\"3\" rowspan=\"3\">\n<h1><strong>&#8220;Temos uma s\u00e9rie de micro e pequenos produtores que, se tiverem a oportunidade de expor seus produtos nas g\u00f4ndolas, com certeza crescer\u00e3o muito, tornando nossa economia ainda mais din\u00e2mica e com grande potencial de crescimento&#8221;, afirmou Romeu Zema.<\/strong><\/h1>\n<\/td>\n<td><\/td>\n<\/tr>\n<tr>\n<td><\/td>\n<td><\/td>\n<\/tr>\n<tr>\n<td><\/td>\n<td><\/td>\n<\/tr>\n<tr>\n<td colspan=\"5\"><img decoding=\"async\" src=\"https:\/\/www.agenciaminas.mg.gov.br\/ckeditor_assets\/pictures\/20950\/content_2_olho_inferior.jpg\" alt=\"\" \/><\/td>\n<\/tr>\n<\/tbody>\n<\/table>\n<p><strong>Potencial<\/strong><\/p>\n<p>Focada na produ\u00e7\u00e3o de caf\u00e9s especiais a partir da agricultura familiar, a Docema\u2019s Coffee j\u00e1 esteve em quatro edi\u00e7\u00f5es do CMON. \u201cParticipar do circuito\u00a0foi uma experi\u00eancia que nos fez entender as necessidades do mercado e enxergar um novo horizonte de possibilidades. Crescemos, em m\u00e9dia, 50% a partir do evento\u201d, conta Geraldo Docema, fundador da empresa, da cidade de Jacutinga.<\/p>\n<p>Assim como ocorreu com essa empresa do Sul de Minas, este\u00a0novo ciclo de oportunidades contempla\u00a045\u00a0novos pequenos neg\u00f3cios. Os empreendedores foram selecionados por meio de edital da Sede-MG e passam a ter acesso a um estande conjunto no evento, de forma totalmente gratuita. L\u00e1, eles participam\u00a0de rodadas de neg\u00f3cios com compradores, em a\u00e7\u00e3o promovida em parceria com o Sebrae Minas. As atividades do CMON v\u00e3o at\u00e9 quinta-feira (24\/10), acompanhando a programa\u00e7\u00e3o da Superminas.<\/p>\n<p>\u201cOs pequenos neg\u00f3cios s\u00e3o colocados na cara do gol para vender para as grandes redes supermercadistas, que, como sabemos, s\u00e3o importantes geradoras de empregos em todo o estado\u201d, destacou\u00a0o secret\u00e1rio de Estado de Desenvolvimento Econ\u00f4mico, Fernando Passalio.<\/p>\n<p>O secret\u00e1rio apontou, ainda,\u00a0as possibilidades geradas a partir deste contato. \u201cAs empresas participantes, ao aumentar sua comercializa\u00e7\u00e3o, tamb\u00e9m demandam mais m\u00e3o de obra, impulsionando o desenvolvimento regional de Minas Gerais. Essa oportunidade fornecida pelo CMON n\u00e3o tem pre\u00e7o\u201d.<\/p>\n<p><strong>S\u00f4 Brownie faz estreia em feira\u00a0<\/strong><\/p>\n<p>A S\u00f4 Brownie &#8211;\u00a0um dos 45 pequenos neg\u00f3cios que participam\u00a0da d\u00e9cima edi\u00e7\u00e3o de 2024 do CMON &#8211; est\u00e1 entre as empresas selecionadas, e, com o apoio do Governo de Minas, est\u00e1 pela primeira vez na Superminas. O neg\u00f3cio surgiu h\u00e1 sete anos, em Lavras, a partir de uma pequena produ\u00e7\u00e3o de brigadeiros e brownies na casa de dois mineiros sonhadores, em que os produtos eram vendidos de porta em porta no com\u00e9rcio local.<\/p>\n<figure class=\"image\"><img decoding=\"async\" src=\"https:\/\/www.agenciaminas.mg.gov.br\/ckeditor_assets\/pictures\/21864\/content_so_brownie_-_divulgacao.jpeg\" alt=\"\" \/><figcaption><sub><em>S\u00f4 Brownie \/ Divulga\u00e7\u00e3o<\/em><\/sub><\/figcaption><\/figure>\n<p>S\u00f3cio-propriet\u00e1rio da empresa, Alan Fonseca conta que, hoje, a S\u00f4 Brownie j\u00e1 possui uma loja pr\u00f3pria e uma f\u00e1brica respons\u00e1vel por 100% da produ\u00e7\u00e3o no munic\u00edpio. Em processo de expans\u00e3o por meio de franquias no estado, a oportunidade de participar do CMON veio em um momento-chave.<\/p>\n<p>\u201c\u00c0s vezes, \u00e9 dif\u00edcil para o pequeno neg\u00f3cio se inserir nas grandes redes supermercadistas, e essa \u00e9 uma chance \u00f3tima para conseguirmos mais parceiros. Nossa grande expectativa \u00e9 poder levar a nossa marca, o nosso nome e o nosso produto a grandes\u00a0<em>players<\/em>, trazendo com isso o desenvolvimento do nosso neg\u00f3cio e, consequentemente, do nosso estado\u201d, destacou\u00a0o s\u00f3cio-propriet\u00e1rio da S\u00f4 Brownie.<\/p>\n<p><strong>CMON impulsiona desenvolvimento local<\/strong><\/p>\n<p>O CMON \u00e9 um projeto de acesso a mercados que tem como objetivo inserir microempresas, empresas de pequeno porte, microempreendedores individuais, agroind\u00fastrias familiares, empreendimentos familiares rurais, associa\u00e7\u00e3o e cooperativas na rede varejista. Al\u00e9m de fortalecer os neg\u00f3cios individualmente, o programa contribui tamb\u00e9m para o desenvolvimento local, impulsionando toda a cadeia produtiva e refletindo na economia do estado.<\/p>\n<p>Para se ter uma ideia do impacto do programa, at\u00e9 o CMON de Belo Horizonte de 2023, a Docema\u2019s ainda era uma empresa que trabalhava no regime tribut\u00e1rio Simples Nacional, o que dificultava os neg\u00f3cios com as grandes redes do varejo. Hoje, focada na torrefa\u00e7\u00e3o e industrializa\u00e7\u00e3o, a empresa j\u00e1 comercializa o produto at\u00e9 em c\u00e1psulas e precisou investir em novos maquin\u00e1rios para atender a demanda.<\/p>\n<p>\u201cO evento foi fundamental para n\u00f3s, pois \u00e9 muito dif\u00edcil um pequeno produtor falar direto com os compradores, sem passar por distribuidores e intermedi\u00e1rios. A partir do CMON, conseguimos ir direto aos donos dos supermercados, e isso nos abriu um leque de oportunidades para crescer nossa empresa\u201d, relata Tadeu Almeida, diretor comercial da Docema\u2019s.<\/p>\n<p>Fundada em 2014, a empresa carrega a tradi\u00e7\u00e3o da fam\u00edlia Docema que, h\u00e1 mais de 130 anos, trabalha no cultivo do caf\u00e9 na regi\u00e3o de Jacutinga.<\/p>\n<p>Desde 2019, j\u00e1 foram realizadas 50 edi\u00e7\u00f5es do CMON, em 15 munic\u00edpios de diversas regi\u00f5es do estado. Mesmo durante a pandemia, as atividades do circuito se mantiveram de forma remota.<\/p>\n<p>Ao longo dos \u00faltimos seis anos,\u00a0mais de 680 empresas se beneficiaram com a oportunidade de se conectar com redes varejistas, realizando, ao todo, cerca de 4,7 mil agendas com compradores. Tudo isso resultou em mais de R$ 65 milh\u00f5es em expectativas de neg\u00f3cios durante o per\u00edodo.<\/p>\n<p><strong>Vem de Minas<\/strong><\/p>\n<p>Na Superminas, o CMON est\u00e1 localizado no pavilh\u00e3o chamado &#8220;<a href=\"https:\/\/superminas.org.br\/vem-de-minas\/\" target=\"_blank\" rel=\"noopener\">Vem de Minas<\/a>&#8220;, um novo espa\u00e7o lan\u00e7ado pela Sede-MG, que refor\u00e7a o compromisso do circuito no apoio \u00e0s Micro e Pequenas Empresas (MPEs) que se destinam a produtos genuinamente mineiros.<\/p>\n<p>Nesse espa\u00e7o, cada expositor n\u00e3o apenas representa\u00a0uma empresa local, mas tamb\u00e9m compartilha\u00a0as potencialidades de cada regi\u00e3o, com produtos que t\u00eam qualidade para alcan\u00e7ar o mercado estadual, nacional e at\u00e9 internacional.<\/p>\n<p>Al\u00e9m das rodadas de neg\u00f3cios do CMON, o \u201cVem de Minas\u201d tamb\u00e9m \u00e9 um espa\u00e7o para visitantes conhecerem os produtos mineiros. Neste\u00a0dia da abertura (22\/10), o pavilh\u00e3o funciona\u00a0das 15h \u00e0s 21h. J\u00e1 na quarta (23\/10) e na quinta-feira (24\/10), das 14h \u00e0s 21h, As inscri\u00e7\u00f5es para participar da Superminas podem ser realizadas por este\u00a0<a href=\"https:\/\/www.hbatools.com.br\/superminas-2024__1710\" target=\"_blank\" rel=\"noopener\">link<\/a>.<\/p>\n<p>Fonte: Ag\u00eancia Minas<\/p>\n","protected":false},"excerpt":{"rendered":"<p>Um\u00a0novo ciclo come\u00e7ou, nesta ter\u00e7a-feira (22\/10),\u00a0para pequenos empreendimentos\u00a0que participam da \u00faltima edi\u00e7\u00e3o do Circuito Mineiro de Oportunidades e Neg\u00f3cios (CMON) de 2024. Iniciativa do\u00a0Governo de Minas, por meio da\u00a0Secretaria de Estado de Desenvolvimento Econ\u00f4mico (Sede-MG), o\u00a0circuito \u00e9 promovido dentro da Superminas, a maior feira varejista do estado, realizada pela Associa\u00e7\u00e3o Mineira de Supermercados (Amis), no [&hellip;]<\/p>\n","protected":false},"author":246,"featured_media":225096,"comment_status":"closed","ping_status":"closed","sticky":false,"template":"","format":"standard","meta":{"footnotes":""},"categories":[436,440,261,254,252,439],"tags":[],"class_list":["post-225095","post","type-post","status-publish","format-standard","has-post-thumbnail","hentry","category-destaque-da-semana","category-destaques-do-dia","category-economia","category-politica","category-regiao","category-ultima-hora"],"_links":{"self":[{"href":"https:\/\/diarioregionaldigital.com.br\/index.php?rest_route=\/wp\/v2\/posts\/225095","targetHints":{"allow":["GET"]}}],"collection":[{"href":"https:\/\/diarioregionaldigital.com.br\/index.php?rest_route=\/wp\/v2\/posts"}],"about":[{"href":"https:\/\/diarioregionaldigital.com.br\/index.php?rest_route=\/wp\/v2\/types\/post"}],"author":[{"embeddable":true,"href":"https:\/\/diarioregionaldigital.com.br\/index.php?rest_route=\/wp\/v2\/users\/246"}],"replies":[{"embeddable":true,"href":"https:\/\/diarioregionaldigital.com.br\/index.php?rest_route=%2Fwp%2Fv2%2Fcomments&post=225095"}],"version-history":[{"count":1,"href":"https:\/\/diarioregionaldigital.com.br\/index.php?rest_route=\/wp\/v2\/posts\/225095\/revisions"}],"predecessor-version":[{"id":225097,"href":"https:\/\/diarioregionaldigital.com.br\/index.php?rest_route=\/wp\/v2\/posts\/225095\/revisions\/225097"}],"wp:featuredmedia":[{"embeddable":true,"href":"https:\/\/diarioregionaldigital.com.br\/index.php?rest_route=\/wp\/v2\/media\/225096"}],"wp:attachment":[{"href":"https:\/\/diarioregionaldigital.com.br\/index.php?rest_route=%2Fwp%2Fv2%2Fmedia&parent=225095"}],"wp:term":[{"taxonomy":"category","embeddable":true,"href":"https:\/\/diarioregionaldigital.com.br\/index.php?rest_route=%2Fwp%2Fv2%2Fcategories&post=225095"},{"taxonomy":"post_tag","embeddable":true,"href":"https:\/\/diarioregionaldigital.com.br\/index.php?rest_route=%2Fwp%2Fv2%2Ftags&post=225095"}],"curies":[{"name":"wp","href":"https:\/\/api.w.org\/{rel}","templated":true}]}}