{"id":225083,"date":"2024-10-21T20:49:59","date_gmt":"2024-10-21T23:49:59","guid":{"rendered":"https:\/\/diarioregionaldigital.com.br\/?p=225083"},"modified":"2024-10-21T20:49:59","modified_gmt":"2024-10-21T23:49:59","slug":"policia-militar-realiza-operacao-rebite-nas-rodovias-estaduais","status":"publish","type":"post","link":"https:\/\/diarioregionaldigital.com.br\/?p=225083","title":{"rendered":"Pol\u00edcia Militar realiza Opera\u00e7\u00e3o Rebite nas rodovias estaduais"},"content":{"rendered":"<p>A\u00a0<a href=\"https:\/\/www.policiamilitar.mg.gov.br\/\" target=\"_blank\" rel=\"noopener\">Pol\u00edcia Militar de Minas Gerais<\/a>, por meio da Pol\u00edcia Militar Rodovi\u00e1ria, realizou nesta segunda-feira (21\/10), no viaduto S\u00e3o Francisco, o lan\u00e7amento da Opera\u00e7\u00e3o Rebite 2024.<\/p>\n<p align=\"justify\">A Opera\u00e7\u00e3o ocorrer\u00e1 em todo o estado de Minas Gerais, no per\u00edodo de 21 a 28\/10, em mais de 100 pontos, nos cerca de 30 mil quil\u00f4metros de rodovias sob a responsabilidade da Pol\u00edcia Militar.<\/p>\n<p align=\"justify\">O intuito \u00e9 coibir uso da subst\u00e2ncia conhecida como rebite, que \u00e9 utilizada pelos condutores para inibir o sono e ampliar o tempo na dire\u00e7\u00e3o do ve\u00edculo, provocando, em muitos casos, efeitos colaterais que potencializam os acidentes de tr\u00e2nsito e colocam em risco a vida de quem transita pelas rodovias.<\/p>\n<p align=\"justify\">&#8220;O sujeito que est\u00e1 sob efeito desse tipo de droga, pode perder a capacidade de dire\u00e7\u00e3o e envolver-se em sinistro grave&#8221;, destacou o 1\u00ba comandante do Batalh\u00e3o de Pol\u00edcia Militar Rodovi\u00e1ria, capit\u00e3o Luiz Fernando.<\/p>\n<p align=\"justify\">Durante a opera\u00e7\u00e3o ser\u00e3o realizadas abordagens a carretas, caminh\u00f5es, al\u00e9m de \u00f4nibus e vans, visando reprimir sua utiliza\u00e7\u00e3o de forma ilegal.<\/p>\n<p align=\"justify\">Al\u00e9m disso, ser\u00e3o divulgados v\u00eddeos educativos e dicas de seguran\u00e7a aos condutores na busca da redu\u00e7\u00e3o de acidentes desta natureza.<\/p>\n<p>Fonte: Ag\u00eancia Minas<\/p>\n","protected":false},"excerpt":{"rendered":"<p>A\u00a0Pol\u00edcia Militar de Minas Gerais, por meio da Pol\u00edcia Militar Rodovi\u00e1ria, realizou nesta segunda-feira (21\/10), no viaduto S\u00e3o Francisco, o lan\u00e7amento da Opera\u00e7\u00e3o Rebite 2024. A Opera\u00e7\u00e3o ocorrer\u00e1 em todo o estado de Minas Gerais, no per\u00edodo de 21 a 28\/10, em mais de 100 pontos, nos cerca de 30 mil quil\u00f4metros de rodovias sob [&hellip;]<\/p>\n","protected":false},"author":246,"featured_media":225084,"comment_status":"closed","ping_status":"closed","sticky":false,"template":"","format":"standard","meta":{"footnotes":""},"categories":[301,436,252,439],"tags":[],"class_list":["post-225083","post","type-post","status-publish","format-standard","has-post-thumbnail","hentry","category-artigos-policiais","category-destaque-da-semana","category-regiao","category-ultima-hora"],"_links":{"self":[{"href":"https:\/\/diarioregionaldigital.com.br\/index.php?rest_route=\/wp\/v2\/posts\/225083","targetHints":{"allow":["GET"]}}],"collection":[{"href":"https:\/\/diarioregionaldigital.com.br\/index.php?rest_route=\/wp\/v2\/posts"}],"about":[{"href":"https:\/\/diarioregionaldigital.com.br\/index.php?rest_route=\/wp\/v2\/types\/post"}],"author":[{"embeddable":true,"href":"https:\/\/diarioregionaldigital.com.br\/index.php?rest_route=\/wp\/v2\/users\/246"}],"replies":[{"embeddable":true,"href":"https:\/\/diarioregionaldigital.com.br\/index.php?rest_route=%2Fwp%2Fv2%2Fcomments&post=225083"}],"version-history":[{"count":1,"href":"https:\/\/diarioregionaldigital.com.br\/index.php?rest_route=\/wp\/v2\/posts\/225083\/revisions"}],"predecessor-version":[{"id":225085,"href":"https:\/\/diarioregionaldigital.com.br\/index.php?rest_route=\/wp\/v2\/posts\/225083\/revisions\/225085"}],"wp:featuredmedia":[{"embeddable":true,"href":"https:\/\/diarioregionaldigital.com.br\/index.php?rest_route=\/wp\/v2\/media\/225084"}],"wp:attachment":[{"href":"https:\/\/diarioregionaldigital.com.br\/index.php?rest_route=%2Fwp%2Fv2%2Fmedia&parent=225083"}],"wp:term":[{"taxonomy":"category","embeddable":true,"href":"https:\/\/diarioregionaldigital.com.br\/index.php?rest_route=%2Fwp%2Fv2%2Fcategories&post=225083"},{"taxonomy":"post_tag","embeddable":true,"href":"https:\/\/diarioregionaldigital.com.br\/index.php?rest_route=%2Fwp%2Fv2%2Ftags&post=225083"}],"curies":[{"name":"wp","href":"https:\/\/api.w.org\/{rel}","templated":true}]}}