{"id":225075,"date":"2024-10-19T09:49:22","date_gmt":"2024-10-19T12:49:22","guid":{"rendered":"https:\/\/diarioregionaldigital.com.br\/?p=225075"},"modified":"2024-10-19T09:49:22","modified_gmt":"2024-10-19T12:49:22","slug":"edital-de-convocacao-da-assembleia-geral-extraordinaria-19-10-2024","status":"publish","type":"post","link":"https:\/\/diarioregionaldigital.com.br\/?p=225075","title":{"rendered":"EDITAL DE CONVOCA\u00c7\u00c3O DA ASSEMBLEIA GERAL EXTRAORDIN\u00c1RIA &#8211; 19\/10\/2024"},"content":{"rendered":"<p class=\"s3\" style=\"text-align: center;\"><!--more--><span class=\"s4\"><span class=\"bumpedFont15\">EDITAL DE CONVOCA\u00c7\u00c3O <\/span><\/span><span class=\"s4\"><span class=\"bumpedFont15\">D<\/span><\/span><span class=\"s4\"><span class=\"bumpedFont15\">A <\/span><\/span><span class=\"s4\"><span class=\"bumpedFont15\">ASSEMBLEIA GERAL <\/span><\/span><span class=\"s4\"><span class=\"bumpedFont15\">EXTRAORDIN\u00c1RIA<\/span><\/span><\/p>\n<p class=\"s6\" style=\"text-align: center;\">\n<p class=\"s6\" style=\"text-align: center;\"><span class=\"s5\"><span class=\"bumpedFont15\">Juiz de Fora, <\/span><\/span><span class=\"s5\"><span class=\"bumpedFont15\">1<\/span><\/span><span class=\"s5\"><span class=\"bumpedFont15\">8<\/span><\/span><span class=\"s5\"><span class=\"bumpedFont15\"> de <\/span><\/span><span class=\"s5\"><span class=\"bumpedFont15\">outubro<\/span><\/span><span class=\"s5\"><span class=\"bumpedFont15\"> de 202<\/span><\/span><span class=\"s5\"><span class=\"bumpedFont15\">4<\/span><\/span><span class=\"s5\"><span class=\"bumpedFont15\">.<\/span><\/span><\/p>\n<p class=\"s9\" style=\"text-align: center;\"><span class=\"s5\"><span class=\"bumpedFont15\">A <\/span><\/span><span class=\"s5\"><span class=\"bumpedFont15\">Presidente<\/span><\/span> <span class=\"s5\"><span class=\"bumpedFont15\">da Associa\u00e7\u00e3o Atl\u00e9tica Vasco da Gama<\/span><\/span><span class=\"s5\"><span class=\"bumpedFont15\">, no uso de suas atribui\u00e7\u00f5es e em respeito ao <\/span><\/span><span class=\"s5\"><span class=\"bumpedFont15\">diploma legal<\/span><\/span><span class=\"s5\"><span class=\"bumpedFont15\">,<\/span><\/span> <span class=\"s5\"><span class=\"bumpedFont15\">vem por meio deste <\/span><\/span><span class=\"s5\"><span class=\"bumpedFont15\">para <\/span><\/span><span class=\"s5\"><span class=\"bumpedFont15\">convoca<\/span><\/span><span class=\"s5\"><span class=\"bumpedFont15\">r<\/span><\/span><span class=\"s5\"><span class=\"bumpedFont15\">todos os associados<\/span><\/span> <span class=\"s5\"><span class=\"bumpedFont15\">para <\/span><\/span><span class=\"s5\"><span class=\"bumpedFont15\">Assembleia Geral <\/span><\/span><span class=\"s5\"><span class=\"bumpedFont15\">Extraordin\u00e1ria<\/span><\/span><span class=\"s5\"><span class=\"bumpedFont15\">,<\/span><\/span> <span class=\"s5\"><span class=\"bumpedFont15\">no que consiste ao artigo <\/span><\/span><span class=\"s5\"><span class=\"bumpedFont15\">2<\/span><\/span><span class=\"s5\"><span class=\"bumpedFont15\">0<\/span><\/span><span class=\"s5\"><span class=\"bumpedFont15\">\u00b0<\/span><\/span> <span class=\"s5\"><span class=\"bumpedFont15\">e seguintes <\/span><\/span><span class=\"s5\"><span class=\"bumpedFont15\">do estatuto<\/span><\/span><span class=\"s5\"><span class=\"bumpedFont15\"> vigente<\/span><\/span><span class=\"s5\"><span class=\"bumpedFont15\">,<\/span><\/span> <span class=\"s5\"><span class=\"bumpedFont15\">a realizar-se no pr\u00f3ximo dia<\/span><\/span><span class=\"s5\"><span class=\"bumpedFont15\"> 2<\/span><\/span><span class=\"s5\"><span class=\"bumpedFont15\">3<\/span><\/span><span class=\"s5\"><span class=\"bumpedFont15\"> de <\/span><\/span><span class=\"s5\"><span class=\"bumpedFont15\">outubro<\/span><\/span><span class=\"s5\"><span class=\"bumpedFont15\"> de <\/span><\/span><span class=\"s5\"><span class=\"bumpedFont15\">2024<\/span><\/span><span class=\"s5\"><span class=\"bumpedFont15\">, <\/span><\/span><span class=\"s5\"><span class=\"bumpedFont15\">n<\/span><\/span><span class=\"s5\"><span class=\"bumpedFont15\">a sobreloja<\/span><\/span> <span class=\"s5\"><span class=\"bumpedFont15\">do <\/span><\/span><span class=\"s5\"><span class=\"bumpedFont15\">Serrano Hotel<\/span><\/span><span class=\"s5\"><span class=\"bumpedFont15\">, situado \u00e0 <\/span><\/span><span class=\"s7\"><span class=\"bumpedFont15\">R<\/span><\/span><span class=\"s7\"><span class=\"bumpedFont15\">ua<\/span><\/span><span class=\"s7\"><span class=\"bumpedFont15\"> Santa Rita, <\/span><\/span><span class=\"s7\"><span class=\"bumpedFont15\">n\u00b0 <\/span><\/span><span class=\"s7\"><span class=\"bumpedFont15\">399 &#8211; Centro, Juiz de Fora &#8211; MG<\/span><\/span><span class=\"s8\"><span class=\"bumpedFont15\">,<\/span><\/span><span class=\"s5\"><span class=\"bumpedFont15\"> iniciando-se os trabalhos \u00e0s <\/span><\/span><span class=\"s5\"><span class=\"bumpedFont15\">18h (dezoito horas)<\/span><\/span><span class=\"s5\"><span class=\"bumpedFont15\">, em primeira convoca\u00e7\u00e3o, <\/span><\/span><span class=\"s5\"><span class=\"bumpedFont15\">ou, no caso da<\/span><\/span><span class=\"s5\"><span class=\"bumpedFont15\"> falta d<\/span><\/span><span class=\"s5\"><span class=\"bumpedFont15\">o<\/span><\/span><span class=\"s5\"><span class=\"bumpedFont15\"> qu\u00f3rum <\/span><\/span><span class=\"s5\"><span class=\"bumpedFont15\">previsto pelo artigo <\/span><\/span><span class=\"s5\"><span class=\"bumpedFont15\">22<\/span><\/span><span class=\"s5\"><span class=\"bumpedFont15\">\u00b0 do estatuto vigente,<\/span><\/span> <span class=\"s5\"><span class=\"bumpedFont15\">em segunda convoca\u00e7\u00e3o \u00e0s <\/span><\/span><span class=\"s5\"><span class=\"bumpedFont15\">19h (deze<\/span><\/span><span class=\"s5\"><span class=\"bumpedFont15\">nove<\/span><\/span><span class=\"s5\"><span class=\"bumpedFont15\"> horas)<\/span><\/span><span class=\"s5\"><span class=\"bumpedFont15\">,<\/span><\/span> <span class=\"s5\"><span class=\"bumpedFont15\">quando dar-se-\u00e1 in\u00edcio<\/span><\/span> <span class=\"s5\"><span class=\"bumpedFont15\">a<\/span><\/span><span class=\"s5\"><span class=\"bumpedFont15\">os trabalhos<\/span><\/span><span class=\"s5\"><span class=\"bumpedFont15\"> com <\/span><\/span><span class=\"s5\"><span class=\"bumpedFont15\">qualquer<\/span><\/span><span class=\"s5\"><span class=\"bumpedFont15\"> n\u00famero<\/span><\/span><span class=\"s5\"><span class=\"bumpedFont15\"> de presentes<\/span><\/span><span class=\"s5\"><span class=\"bumpedFont15\">, a fim de <\/span><\/span><span class=\"s5\"><span class=\"bumpedFont15\">deliberarem sobre a seguinte ordem do dia:<\/span><\/span><\/p>\n<div class=\"s11\" style=\"text-align: center;\"><span class=\"s10\">1. <\/span><span class=\"s5\"><span class=\"bumpedFont15\">Delibera\u00e7\u00e3o da proposta de composi\u00e7\u00e3o inerente aos autos <\/span><\/span><a name=\"formAcervo:tbProcessos:641071110:j_id152\"><\/a><a href=\"https:\/\/pje.tjmg.jus.br\/pje\/Painel\/painel_usuario\/advogado.seam%20\/o%20Autos%20Digitais\"><span class=\"s5\"><span class=\"bumpedFont15\">5034378-07.2023.8.13.0145<\/span><\/span><\/a><span class=\"s8\"><span class=\"bumpedFont15\">;<\/span><\/span><\/div>\n<div class=\"s11\" style=\"text-align: center;\"><span class=\"s10\">2. <\/span><span class=\"s8\"><span class=\"bumpedFont15\">Delibera\u00e7\u00e3o sobe a compra e venda dos im\u00f3veis, havida em 24\/05\/23;<\/span><\/span><\/div>\n<div class=\"s11\" style=\"text-align: center;\"><span class=\"s10\">3. <\/span><span class=\"s5\"><span class=\"bumpedFont15\">Demais assuntos levantados pelos presentes, desde que n\u00e3o seja exigido ato pr\u00f3prio pelo estatuto.<\/span><\/span><\/div>\n<p class=\"s12\" style=\"text-align: center;\"><span class=\"s8\"><span class=\"bumpedFont15\">Cordialmente,<\/span><\/span><\/p>\n<p class=\"s3\" style=\"text-align: center;\"><span class=\"s8\"><span class=\"bumpedFont15\">Presid\u00eancia<\/span><\/span><span class=\"s8\"><span class=\"bumpedFont15\"> da A.A.V.G.<\/span><\/span><\/p>\n","protected":false},"excerpt":{"rendered":"EDITAL DE CONVOCA\u00c7\u00c3O DA ASSEMBLEIA GERAL EXTRAORDIN\u00c1RIA Juiz de Fora, 18 de outubro de 2024. A Presidente da Associa\u00e7\u00e3o Atl\u00e9tica Vasco da Gama, no uso de suas atribui\u00e7\u00f5es e em respeito ao diploma legal, vem por meio deste para convocartodos os associados para Assembleia Geral Extraordin\u00e1ria, no que consiste ao artigo 20\u00b0 e seguintes do [...]","protected":false},"author":246,"featured_media":0,"comment_status":"closed","ping_status":"closed","sticky":false,"template":"","format":"standard","meta":{"footnotes":""},"categories":[307],"tags":[],"class_list":["post-225075","post","type-post","status-publish","format-standard","hentry","category-editais"],"_links":{"self":[{"href":"https:\/\/diarioregionaldigital.com.br\/index.php?rest_route=\/wp\/v2\/posts\/225075","targetHints":{"allow":["GET"]}}],"collection":[{"href":"https:\/\/diarioregionaldigital.com.br\/index.php?rest_route=\/wp\/v2\/posts"}],"about":[{"href":"https:\/\/diarioregionaldigital.com.br\/index.php?rest_route=\/wp\/v2\/types\/post"}],"author":[{"embeddable":true,"href":"https:\/\/diarioregionaldigital.com.br\/index.php?rest_route=\/wp\/v2\/users\/246"}],"replies":[{"embeddable":true,"href":"https:\/\/diarioregionaldigital.com.br\/index.php?rest_route=%2Fwp%2Fv2%2Fcomments&post=225075"}],"version-history":[{"count":1,"href":"https:\/\/diarioregionaldigital.com.br\/index.php?rest_route=\/wp\/v2\/posts\/225075\/revisions"}],"predecessor-version":[{"id":225076,"href":"https:\/\/diarioregionaldigital.com.br\/index.php?rest_route=\/wp\/v2\/posts\/225075\/revisions\/225076"}],"wp:attachment":[{"href":"https:\/\/diarioregionaldigital.com.br\/index.php?rest_route=%2Fwp%2Fv2%2Fmedia&parent=225075"}],"wp:term":[{"taxonomy":"category","embeddable":true,"href":"https:\/\/diarioregionaldigital.com.br\/index.php?rest_route=%2Fwp%2Fv2%2Fcategories&post=225075"},{"taxonomy":"post_tag","embeddable":true,"href":"https:\/\/diarioregionaldigital.com.br\/index.php?rest_route=%2Fwp%2Fv2%2Ftags&post=225075"}],"curies":[{"name":"wp","href":"https:\/\/api.w.org\/{rel}","templated":true}]}}