{"id":225073,"date":"2024-10-19T09:47:59","date_gmt":"2024-10-19T12:47:59","guid":{"rendered":"https:\/\/diarioregionaldigital.com.br\/?p=225073"},"modified":"2024-10-19T09:47:59","modified_gmt":"2024-10-19T12:47:59","slug":"edital-de-convocacao-do-c-d-para-reuniao-extraordinaria-19-10-2024","status":"publish","type":"post","link":"https:\/\/diarioregionaldigital.com.br\/?p=225073","title":{"rendered":"EDITAL DE CONVOCA\u00c7\u00c3O DO C.D. PARA REUNI\u00c3O EXTRAORDIN\u00c1RIA &#8211; 19\/10\/2024"},"content":{"rendered":"<p class=\"s3\" style=\"text-align: center;\"><span class=\"s4\"><span class=\"bumpedFont15\">EDITAL DE CONVOCA\u00c7\u00c3O <\/span><\/span><span class=\"s4\"><span class=\"bumpedFont15\">DO C.D. <\/span><\/span><span class=\"s4\"><span class=\"bumpedFont15\">PARA <\/span><\/span><span class=\"s4\"><span class=\"bumpedFont15\">REUNI\u00c3O<\/span><\/span> <span class=\"s4\"><span class=\"bumpedFont15\">EXTRAORDIN\u00c1RIA<\/span><\/span><\/p>\n<p class=\"s6\" style=\"text-align: center;\"><span class=\"s5\"><span class=\"bumpedFont15\">Juiz de Fora, <\/span><\/span><span class=\"s5\"><span class=\"bumpedFont15\">1<\/span><\/span><span class=\"s5\"><span class=\"bumpedFont15\">8<\/span><\/span><span class=\"s5\"><span class=\"bumpedFont15\"> de <\/span><\/span><span class=\"s5\"><span class=\"bumpedFont15\">outubro<\/span><\/span><span class=\"s5\"><span class=\"bumpedFont15\"> de 202<\/span><\/span><span class=\"s5\"><span class=\"bumpedFont15\">4<\/span><\/span><span class=\"s5\"><span class=\"bumpedFont15\">.<\/span><\/span><\/p>\n<p class=\"s9\" style=\"text-align: center;\"><span class=\"s5\"><span class=\"bumpedFont15\">A <\/span><\/span><span class=\"s5\"><span class=\"bumpedFont15\">Presidente<\/span><\/span> <span class=\"s5\"><span class=\"bumpedFont15\">da Associa\u00e7\u00e3o Atl\u00e9tica Vasco da Gama<\/span><\/span><span class=\"s5\"><span class=\"bumpedFont15\">, no uso de suas atribui\u00e7\u00f5es e em respeito ao <\/span><\/span><span class=\"s5\"><span class=\"bumpedFont15\">diploma legal<\/span><\/span><span class=\"s5\"><span class=\"bumpedFont15\">,<\/span><\/span> <span class=\"s5\"><span class=\"bumpedFont15\">vem por meio deste <\/span><\/span><span class=\"s5\"><span class=\"bumpedFont15\">para <\/span><\/span><span class=\"s5\"><span class=\"bumpedFont15\">convoca<\/span><\/span><span class=\"s5\"><span class=\"bumpedFont15\">r<\/span><\/span> <span class=\"s5\"><span class=\"bumpedFont15\">o Conselho Deliberativo<\/span><\/span> <span class=\"s5\"><span class=\"bumpedFont15\">da referida associa\u00e7\u00e3o <\/span><\/span><span class=\"s5\"><span class=\"bumpedFont15\">para <\/span><\/span><span class=\"s5\"><span class=\"bumpedFont15\">Reuni\u00e3o<\/span><\/span> <span class=\"s5\"><span class=\"bumpedFont15\">Extraordin\u00e1ria<\/span><\/span><span class=\"s5\"><span class=\"bumpedFont15\">,<\/span><\/span> <span class=\"s5\"><span class=\"bumpedFont15\">no que consiste ao artigo <\/span><\/span><span class=\"s5\"><span class=\"bumpedFont15\">30<\/span><\/span><span class=\"s5\"><span class=\"bumpedFont15\">\u00b0<\/span><\/span><span class=\"s5\"><span class=\"bumpedFont15\">, \u00a72\u00b0 <\/span><\/span><span class=\"s5\"><span class=\"bumpedFont15\">e seguintes <\/span><\/span><span class=\"s5\"><span class=\"bumpedFont15\">do estatuto<\/span><\/span><span class=\"s5\"><span class=\"bumpedFont15\"> vigente<\/span><\/span><span class=\"s5\"><span class=\"bumpedFont15\">,<\/span><\/span> <span class=\"s5\"><span class=\"bumpedFont15\">a realizar-se no pr\u00f3ximo dia<\/span><\/span><span class=\"s5\"><span class=\"bumpedFont15\"> 2<\/span><\/span><span class=\"s5\"><span class=\"bumpedFont15\">3<\/span><\/span><span class=\"s5\"><span class=\"bumpedFont15\"> de <\/span><\/span><span class=\"s5\"><span class=\"bumpedFont15\">outubro<\/span><\/span><span class=\"s5\"><span class=\"bumpedFont15\"> de <\/span><\/span><span class=\"s5\"><span class=\"bumpedFont15\">2024<\/span><\/span><span class=\"s5\"><span class=\"bumpedFont15\">, <\/span><\/span><span class=\"s5\"><span class=\"bumpedFont15\">n<\/span><\/span><span class=\"s5\"><span class=\"bumpedFont15\">a sobreloja<\/span><\/span> <span class=\"s5\"><span class=\"bumpedFont15\">do <\/span><\/span><span class=\"s5\"><span class=\"bumpedFont15\">Serrano Hotel<\/span><\/span><span class=\"s5\"><span class=\"bumpedFont15\">, situado \u00e0 <\/span><\/span><span class=\"s7\"><span class=\"bumpedFont15\">R<\/span><\/span><span class=\"s7\"><span class=\"bumpedFont15\">ua<\/span><\/span><span class=\"s7\"><span class=\"bumpedFont15\"> Santa Rita, <\/span><\/span><span class=\"s7\"><span class=\"bumpedFont15\">n\u00b0 <\/span><\/span><span class=\"s7\"><span class=\"bumpedFont15\">399 &#8211; Centro, Juiz de Fora &#8211; MG<\/span><\/span><span class=\"s8\"><span class=\"bumpedFont15\">,<\/span><\/span><span class=\"s5\"><span class=\"bumpedFont15\"> iniciando-se os trabalhos \u00e0s <\/span><\/span><span class=\"s5\"><span class=\"bumpedFont15\">19:30h (dezenove horas e trinta minutos)<\/span><\/span><span class=\"s5\"><span class=\"bumpedFont15\">, em primeira convoca\u00e7\u00e3o, <\/span><\/span><span class=\"s5\"><span class=\"bumpedFont15\">ou, no caso da<\/span><\/span><span class=\"s5\"><span class=\"bumpedFont15\">falta d<\/span><\/span><span class=\"s5\"><span class=\"bumpedFont15\">o<\/span><\/span><span class=\"s5\"><span class=\"bumpedFont15\"> qu\u00f3rum <\/span><\/span><span class=\"s5\"><span class=\"bumpedFont15\">previsto pelo artigo <\/span><\/span><span class=\"s5\"><span class=\"bumpedFont15\">32<\/span><\/span><span class=\"s5\"><span class=\"bumpedFont15\">\u00b0 do estatuto vigente,<\/span><\/span> <span class=\"s5\"><span class=\"bumpedFont15\">em segunda convoca\u00e7\u00e3o \u00e0s <\/span><\/span><span class=\"s5\"><span class=\"bumpedFont15\">20:30h (vinte horas e trinta minutos)<\/span><\/span><span class=\"s5\"><span class=\"bumpedFont15\">,<\/span><\/span> <span class=\"s5\"><span class=\"bumpedFont15\">dando-se in\u00edcio<\/span><\/span> <span class=\"s5\"><span class=\"bumpedFont15\">a<\/span><\/span><span class=\"s5\"><span class=\"bumpedFont15\">os trabalhos<\/span><\/span><span class=\"s5\"><span class=\"bumpedFont15\">com <\/span><\/span><span class=\"s5\"><span class=\"bumpedFont15\">o<\/span><\/span><span class=\"s5\"><span class=\"bumpedFont15\"> n\u00famero <\/span><\/span><span class=\"s5\"><span class=\"bumpedFont15\">m\u00ednimo <\/span><\/span><span class=\"s5\"><span class=\"bumpedFont15\">de<\/span><\/span><span class=\"s5\"><span class=\"bumpedFont15\"> 05 (cinco) membro do respectivo C.D.<\/span><\/span><span class=\"s5\"><span class=\"bumpedFont15\">, a fim de <\/span><\/span><span class=\"s5\"><span class=\"bumpedFont15\">deliberarem sobre a seguinte ordem do dia:<\/span><\/span><\/p>\n<div class=\"s11\" style=\"text-align: center;\"><span class=\"s10\">1. <\/span><span class=\"s5\"><span class=\"bumpedFont15\">Reforma estatut\u00e1ria <\/span><\/span><span class=\"s5\"><span class=\"bumpedFont15\">nos moldes do <\/span><\/span><span class=\"s5\"><span class=\"bumpedFont15\">art<\/span><\/span><span class=\"s5\"><span class=\"bumpedFont15\">igo<\/span><\/span><span class=\"s5\"><span class=\"bumpedFont15\"> 38<\/span><\/span><span class=\"s5\"><span class=\"bumpedFont15\">\u00b0<\/span><\/span><span class=\"s5\"><span class=\"bumpedFont15\">,<\/span><\/span><span class=\"s5\"><span class=\"bumpedFont15\">al\u00ednea<\/span><\/span><span class=\"s5\"><span class=\"bumpedFont15\"> B<\/span><\/span><span class=\"s5\"><span class=\"bumpedFont15\"> do Estatuto<\/span><\/span><span class=\"s5\"><span class=\"bumpedFont15\">;<\/span><\/span><\/div>\n<div class=\"s11\" style=\"text-align: center;\"><span class=\"s10\">2. <\/span><span class=\"s5\"><span class=\"bumpedFont15\">Demais assuntos levantados pelos presentes, desde que n\u00e3o seja exigido ato pr\u00f3prio pelo estatuto.<\/span><\/span><\/div>\n<p class=\"s12\" style=\"text-align: center;\"><span class=\"s8\"><span class=\"bumpedFont15\">Cordialmente,<\/span><\/span><\/p>\n<p class=\"s3\" style=\"text-align: center;\"><span class=\"s8\"><span class=\"bumpedFont15\">Presid\u00eancia<\/span><\/span><span class=\"s8\"><span class=\"bumpedFont15\"> da A.A.V.G.<\/span><\/span><\/p>\n","protected":false},"excerpt":{"rendered":"<p>EDITAL DE CONVOCA\u00c7\u00c3O DO C.D. PARA REUNI\u00c3O EXTRAORDIN\u00c1RIA Juiz de Fora, 18 de outubro de 2024. A Presidente da Associa\u00e7\u00e3o Atl\u00e9tica Vasco da Gama, no uso de suas atribui\u00e7\u00f5es e em respeito ao diploma legal, vem por meio deste para convocar o Conselho Deliberativo da referida associa\u00e7\u00e3o para Reuni\u00e3o Extraordin\u00e1ria, no que consiste ao artigo [&hellip;]<\/p>\n","protected":false},"author":246,"featured_media":0,"comment_status":"closed","ping_status":"closed","sticky":false,"template":"","format":"standard","meta":{"footnotes":""},"categories":[307],"tags":[],"class_list":["post-225073","post","type-post","status-publish","format-standard","hentry","category-editais"],"_links":{"self":[{"href":"https:\/\/diarioregionaldigital.com.br\/index.php?rest_route=\/wp\/v2\/posts\/225073","targetHints":{"allow":["GET"]}}],"collection":[{"href":"https:\/\/diarioregionaldigital.com.br\/index.php?rest_route=\/wp\/v2\/posts"}],"about":[{"href":"https:\/\/diarioregionaldigital.com.br\/index.php?rest_route=\/wp\/v2\/types\/post"}],"author":[{"embeddable":true,"href":"https:\/\/diarioregionaldigital.com.br\/index.php?rest_route=\/wp\/v2\/users\/246"}],"replies":[{"embeddable":true,"href":"https:\/\/diarioregionaldigital.com.br\/index.php?rest_route=%2Fwp%2Fv2%2Fcomments&post=225073"}],"version-history":[{"count":1,"href":"https:\/\/diarioregionaldigital.com.br\/index.php?rest_route=\/wp\/v2\/posts\/225073\/revisions"}],"predecessor-version":[{"id":225074,"href":"https:\/\/diarioregionaldigital.com.br\/index.php?rest_route=\/wp\/v2\/posts\/225073\/revisions\/225074"}],"wp:attachment":[{"href":"https:\/\/diarioregionaldigital.com.br\/index.php?rest_route=%2Fwp%2Fv2%2Fmedia&parent=225073"}],"wp:term":[{"taxonomy":"category","embeddable":true,"href":"https:\/\/diarioregionaldigital.com.br\/index.php?rest_route=%2Fwp%2Fv2%2Fcategories&post=225073"},{"taxonomy":"post_tag","embeddable":true,"href":"https:\/\/diarioregionaldigital.com.br\/index.php?rest_route=%2Fwp%2Fv2%2Ftags&post=225073"}],"curies":[{"name":"wp","href":"https:\/\/api.w.org\/{rel}","templated":true}]}}