{"id":225070,"date":"2024-10-18T19:18:03","date_gmt":"2024-10-18T22:18:03","guid":{"rendered":"https:\/\/diarioregionaldigital.com.br\/?p=225070"},"modified":"2024-10-18T19:18:03","modified_gmt":"2024-10-18T22:18:03","slug":"defesa-civil-emite-alerta-de-chuva-intensa-valido-ate-segunda-feira-21","status":"publish","type":"post","link":"https:\/\/diarioregionaldigital.com.br\/?p=225070","title":{"rendered":"Defesa Civil emite alerta de chuva intensa v\u00e1lido at\u00e9 segunda-feira, 21"},"content":{"rendered":"<p>Segundo informa\u00e7\u00f5es do site da Prefeitura de Juiz de Fora (PJF), a Defesa Civil da Prefeitura de Juiz de Fora (PJF) emitiu alerta de chuvas intensas, com acumulados significativos. O alerta \u00e9 v\u00e1lido entre o final da tarde desta sexta-feira, 18, e a manh\u00e3 desta segunda-feira, 21.<\/p>\n<p>&nbsp;<\/p>\n<p>O acumulado de chuva prevista para o final de semana \u00e9 de 60mm a 80mm, conforme diversos modelos meteorol\u00f3gicos consultados pela equipe da Defesa Civil na sala de situa\u00e7\u00e3o da PJF. No momento, a previs\u00e3o de chuva mais intensa \u00e9 para a madrugada de s\u00e1bado para domingo. A chegada de uma frente fria provoca uma oscila\u00e7\u00e3o do tempo atmosf\u00e9rico, o que resulta na mudan\u00e7a de dire\u00e7\u00e3o dos ventos.<\/p>\n<p>&nbsp;<\/p>\n<p>A popula\u00e7\u00e3o deve ficar atenta para ind\u00edcios de amea\u00e7a de deslizamentos, como trincas, fissuras nas moradias, trincas, movimenta\u00e7\u00e3o de solo nos terrenos, e dificuldade de abrir portas e janelas. Quem estiver em local seguro, deve permanecer at\u00e9 o fim da chuva intensa. Al\u00e9m disso, as pessoas devem evitar transitar em \u00e1reas com hist\u00f3rico de alagamento e pr\u00f3ximas a c\u00f3rregos, canais e rios. Caso necess\u00e1rio, a Defesa Civil deve ser acionada pelo n\u00famero 199. J\u00e1 o Corpo de Bombeiros, pelo telefone 193. As equipes trabalham 24h por dia.<\/p>\n<p>&nbsp;<\/p>\n<p>A Defesa Civil ressalta a import\u00e2ncia de se cadastrar no sistema de emiss\u00e3o de alertas meteorol\u00f3gicos. O servi\u00e7o \u00e9 gratuito, basta enviar uma mensagem de texto (SMS) com o CEP do local desejado para o n\u00famero 40199.<\/p>\n","protected":false},"excerpt":{"rendered":"<p>Segundo informa\u00e7\u00f5es do site da Prefeitura de Juiz de Fora (PJF), a Defesa Civil da Prefeitura de Juiz de Fora (PJF) emitiu alerta de chuvas intensas, com acumulados significativos. O alerta \u00e9 v\u00e1lido entre o final da tarde desta sexta-feira, 18, e a manh\u00e3 desta segunda-feira, 21. &nbsp; O acumulado de chuva prevista para o [&hellip;]<\/p>\n","protected":false},"author":246,"featured_media":225071,"comment_status":"closed","ping_status":"closed","sticky":false,"template":"","format":"standard","meta":{"footnotes":""},"categories":[253,436,439],"tags":[],"class_list":["post-225070","post","type-post","status-publish","format-standard","has-post-thumbnail","hentry","category-cidade","category-destaque-da-semana","category-ultima-hora"],"_links":{"self":[{"href":"https:\/\/diarioregionaldigital.com.br\/index.php?rest_route=\/wp\/v2\/posts\/225070","targetHints":{"allow":["GET"]}}],"collection":[{"href":"https:\/\/diarioregionaldigital.com.br\/index.php?rest_route=\/wp\/v2\/posts"}],"about":[{"href":"https:\/\/diarioregionaldigital.com.br\/index.php?rest_route=\/wp\/v2\/types\/post"}],"author":[{"embeddable":true,"href":"https:\/\/diarioregionaldigital.com.br\/index.php?rest_route=\/wp\/v2\/users\/246"}],"replies":[{"embeddable":true,"href":"https:\/\/diarioregionaldigital.com.br\/index.php?rest_route=%2Fwp%2Fv2%2Fcomments&post=225070"}],"version-history":[{"count":1,"href":"https:\/\/diarioregionaldigital.com.br\/index.php?rest_route=\/wp\/v2\/posts\/225070\/revisions"}],"predecessor-version":[{"id":225072,"href":"https:\/\/diarioregionaldigital.com.br\/index.php?rest_route=\/wp\/v2\/posts\/225070\/revisions\/225072"}],"wp:featuredmedia":[{"embeddable":true,"href":"https:\/\/diarioregionaldigital.com.br\/index.php?rest_route=\/wp\/v2\/media\/225071"}],"wp:attachment":[{"href":"https:\/\/diarioregionaldigital.com.br\/index.php?rest_route=%2Fwp%2Fv2%2Fmedia&parent=225070"}],"wp:term":[{"taxonomy":"category","embeddable":true,"href":"https:\/\/diarioregionaldigital.com.br\/index.php?rest_route=%2Fwp%2Fv2%2Fcategories&post=225070"},{"taxonomy":"post_tag","embeddable":true,"href":"https:\/\/diarioregionaldigital.com.br\/index.php?rest_route=%2Fwp%2Fv2%2Ftags&post=225070"}],"curies":[{"name":"wp","href":"https:\/\/api.w.org\/{rel}","templated":true}]}}